{"id":14871,"date":"2025-03-21T22:55:41","date_gmt":"2025-03-21T22:55:41","guid":{"rendered":"https:\/\/contarotacoes.com\/?p=14871"},"modified":"2025-03-21T22:55:41","modified_gmt":"2025-03-21T22:55:41","slug":"foi-ha-50-anos-opel-desvenda-concept-desportivo-geneve","status":"publish","type":"post","link":"https:\/\/contarotacoes.com\/?p=14871","title":{"rendered":"Foi h\u00e1 50 anos: Opel desvenda concept desportivo Gen\u00e8ve"},"content":{"rendered":"<ul>\n<li style=\"text-align: justify;\"><strong>Arrojado, puro, \u00fanico: estudo exposto no palco central do Sal\u00e3o Autom\u00f3vel de Genebra de 1975<\/strong><\/li>\n<li style=\"text-align: justify;\"><strong>Demasiado bom para ser verdade: o estudo de um modelo desportivo de cortar a respira\u00e7\u00e3o continua a ser um sonho<\/strong><\/li>\n<li style=\"text-align: justify;\"><strong>Vision\u00e1rio moderno: Opel Experimental abre caminho para os modelos de produ\u00e7\u00e3o, como o novo Opel Grandland de 2023<\/strong><\/li>\n<\/ul>\n<p style=\"text-align: justify;\">Arrojado, puro, vision\u00e1rio: foi nestes moldes que o estudo <a href=\"https:\/\/www.media.stellantis.com\/pt-pt\/opel\/experimental-2023\">Opel Experimental<\/a> se apresentou ao p\u00fablico h\u00e1 quase dois anos. Os concept-cars inovadores e inspiradores t\u00eam uma longa tradi\u00e7\u00e3o na Opel. J\u00e1 em 1975 &#8211; h\u00e1 exatamente 50 anos &#8211; a Opel apresentou no Sal\u00e3o Autom\u00f3vel de Genebra o espelho da sua vis\u00e3o de um estudo de um autom\u00f3vel desportivo sedutor em todos os aspetos. Com a sua silhueta distintamente plana, o Opel Gen\u00e8ve foi, na altura, uma das principais atra\u00e7\u00f5es do certame su\u00ed\u00e7o. Com ele, <a href=\"https:\/\/www.media.stellantis.com\/em-en\/opel\/press\/opel-celebrates-60-years-of-opel-design-studio\">o departamento de design da Opel<\/a> demonstrava, mais uma vez, a sua capacidade vision\u00e1ria, j\u00e1 estabelecida dez anos antes com o Experimental GT. Embora este tenha passado, rapidamente, para a produ\u00e7\u00e3o em s\u00e9rie, e, anos mais tarde, muitos dos elementos do Opel Experimental tenham sido recriados no novo <a href=\"https:\/\/www.media.stellantis.com\/pt-pt\/opel\/grandland-2024\">Opel Grandland<\/a>, o Opel Gen\u00e8ve continuou a ser um sonho que muitos entusiastas de autom\u00f3veis desportivos celebram at\u00e9 aos dias de hoje.<\/p>\n<p style=\"text-align: justify;\"><strong>Estudo afilado: o design harmonioso de Gen\u00e8ve desperta emo\u00e7\u00f5es<\/strong><\/p>\n<p style=\"text-align: justify;\">A Opel soube como apresentar o Gen\u00e8ve no Sal\u00e3o Autom\u00f3vel de Genebra de 1975, algo perfeitamente comprovado porque o harmonioso show car exalava pura desportividade, com as suas formas esguias, a sua frente poderosa e a linha de tejadilho elegantemente afunilada para baixo. Pode dizer-se que teve um impacto de ouro, at\u00e9 porque o concept surgiu pintado nessa exata cor. A publica\u00e7\u00e3o \u2018Automobil Revue\u2019 escreveu, na altura, que \u201cO coup\u00e9 leve e elegante gira numa plataforma elevat\u00f3ria, servindo, assim, de atrativo para os visitantes. (&#8230;) A frente e a traseira s\u00e3o c\u00f3nicas, com para-choques integrados. Todas as superf\u00edcies vidradas, incluindo as laterais, s\u00e3o fortemente encurvadas\u201d. Isto foi poss\u00edvel pelo facto de a Equipa de Design Avan\u00e7ado da Opel, em torno de Erhard Schnell, ter formado o Opel Gen\u00e8ve a partir de fibra de vidro e ter conseguido, assim, dar-lhe um estilo que atraiu olhares de admira\u00e7\u00e3o muito para al\u00e9m desse certame autom\u00f3vel.<\/p>\n<p style=\"text-align: justify;\">Apesar da popularidade, este modelo de dois lugares com os seus far\u00f3is escamote\u00e1veis, t\u00e3o t\u00edpicos dos concept-cars da Opel na altura, nunca viria a ser produzido em s\u00e9rie. Para compreender a decis\u00e3o \u00e9 necess\u00e1rio recuar at\u00e9 ao in\u00edcio da d\u00e9cada de 1970, altura em que o Opel Gen\u00e8ve estava a ser planeado como GT-W, denomina\u00e7\u00e3o provis\u00f3ria de um coup\u00e9 de propor\u00e7\u00f5es incompar\u00e1veis, projetado em R\u00fcsselsheim, em 1972. O pequeno e esguio desportivo de dois lugares, deveria contar com um motor central rotativo Wankel, de dois rotores, explica\u00e7\u00e3o da designa\u00e7\u00e3o GT-W original do modelo. Mas, fruto da crise petrol\u00edfera que, entretanto, eclodiu, o projeto do motor de pist\u00e3o rotativo viria a ser interrompido em 1974. No entanto, a Opel decidiu manter vivo o belo Opel GT-W, embora com modifica\u00e7\u00f5es e sob a nova denomina\u00e7\u00e3o Opel Gen\u00e8ve, escolhida para corresponder ao local da sua primeira apari\u00e7\u00e3o p\u00fablica.<\/p>\n<p style=\"text-align: justify;\">Outro estudo da Opel viria a causar sensa\u00e7\u00e3o nesse mesmo ano: a Opel tinha decidido revelar o futurista GT2 na IAA de 1975, um concept concebido com muito mais pormenor, com portas deslizantes funcionais, um interior completo e uma unidade de tra\u00e7\u00e3o funcional, destinando-se a proporcionar um vislumbre v\u00edvido dos futuros desenvolvimentos da marca. Em maio de 1978 o GT2 seria doado ao Deutsches Museum, de Munique, enquanto o Gen\u00e8ve permaneceria exposto no departamento de design da Opel durante muitos anos. Foi repintado em 1977, apresentando-se, desde ent\u00e3o, sob um deslumbrante laranja brilhante, num concept-car que \u00e9 hoje um dos destaques da Cole\u00e7\u00e3o Opel Classic.<\/p>\n<p style=\"text-align: justify;\"><strong>Quando os sonhos vision\u00e1rios se tornam realidade: o inovador Opel Experimental<\/strong><\/p>\n<p style=\"text-align: justify;\">Surgindo quase 50 anos ap\u00f3s a apresenta\u00e7\u00e3o do estudo Gen\u00e8ve, o Opel Experimental demonstra como as vis\u00f5es do futuro se podem tornar realidade. Este estudo, que foi desvendado pela primeira vez no IAA Mobility de 2023, forneceu, desde ent\u00e3o, uma orienta\u00e7\u00e3o clara sobre os futuros desenvolvimentos e a mobilidade futura da marca. Esta pode ser caracterizada por tr\u00eas conceitos fundamentais:<\/p>\n<ul style=\"text-align: justify;\">\n<li>Detox: o Opel Experimental tem um design arrojado e puro, com uma clara concentra\u00e7\u00e3o no essencial;<\/li>\n<li>Modern German: inspira com as suas propor\u00e7\u00f5es impressionantes, solu\u00e7\u00f5es inteligentes, utiliza\u00e7\u00e3o altamente eficiente do espa\u00e7o e tecnologia de ilumina\u00e7\u00e3o de \u00faltima gera\u00e7\u00e3o, integrando o primeiro Opel Blitz iluminado;<\/li>\n<li>Greenovation: \u00e9 totalmente el\u00e9trico, reduzindo a pegada de carbono.<\/li>\n<\/ul>\n<p style=\"text-align: justify;\">Tudo isto surge sob o conceito \u201cGerman Energy\u201d, que faz com que cada modelo com o Blitz seja inconfundivelmente um Opel. Exemplo dessa energia \u00e9 o resultado j\u00e1 vis\u00edvel no mais recente modelo de produ\u00e7\u00e3o, o novo Opel Grandland, concebido e desenvolvido em R\u00fcsselheim e constru\u00eddo em Eisenach. O SUV topo de gama \u201cMade in Germany\u201d d\u00e1 vida ao esp\u00edrito do estudo da Opel e introduz muitas das suas carater\u00edsticas na produ\u00e7\u00e3o em s\u00e9rie. Isto faz com que o <a href=\"https:\/\/www.media.stellantis.com\/pt-pt\/opel\/press\/grand-e-feito-novo-opel-grandland-conquista-volante-de-ouro-2024\">Grandland, vencedor do trof\u00e9u \u201cVolante de Ouro 2024\u201d<\/a><a href=\"#_ftn1\" name=\"_ftnref1\">[1]<\/a> seja um excelente exemplo de como os designers e engenheiros da Opel transformam em realidade, num curto espa\u00e7o de tempo, sonhos autom\u00f3veis orientados para o futuro, bem como do papel importante que estudos pioneiros como o Opel Experimental t\u00eam nesse processo.<\/p>\n<p style=\"text-align: justify;\"><a href=\"#_ftnref1\" name=\"_ftn1\">[1]<\/a> AUTO BILD, edi\u00e7\u00e3o 46\/2024, e BILD am SONNTAG, edi\u00e7\u00e3o 45\/2024, categoria \u2018Melhor autom\u00f3vel at\u00e9 aos 50 000 euros\u2019.<\/p>\n","protected":false},"excerpt":{"rendered":"<p>Arrojado, puro, \u00fanico: estudo exposto no palco central do Sal\u00e3o Autom\u00f3vel de Genebra de 1975 Demasiado bom para ser verdade: o estudo de um modelo desportivo de cortar a respira\u00e7\u00e3o continua a ser um sonho Vision\u00e1rio moderno: Opel Experimental abre caminho para os modelos de produ\u00e7\u00e3o, como o novo Opel Grandland de 2023 Arrojado, puro, [&hellip;]<\/p>\n","protected":false},"author":2,"featured_media":14872,"comment_status":"closed","ping_status":"open","sticky":false,"template":"","format":"standard","meta":{"_editorskit_title_hidden":false,"_editorskit_reading_time":0,"_editorskit_is_block_options_detached":false,"_editorskit_block_options_position":"{}","om_disable_all_campaigns":false,"_monsterinsights_skip_tracking":false,"_monsterinsights_sitenote_active":false,"_monsterinsights_sitenote_note":"","_monsterinsights_sitenote_category":0,"_uf_show_specific_survey":0,"_uf_disable_surveys":false,"site-sidebar-layout":"default","site-content-layout":"","ast-site-content-layout":"default","site-content-style":"default","site-sidebar-style":"default","ast-global-header-display":"","ast-banner-title-visibility":"","ast-main-header-display":"","ast-hfb-above-header-display":"","ast-hfb-below-header-display":"","ast-hfb-mobile-header-display":"","site-post-title":"","ast-breadcrumbs-content":"","ast-featured-img":"","footer-sml-layout":"","theme-transparent-header-meta":"default","adv-header-id-meta":"","stick-header-meta":"default","header-above-stick-meta":"","header-main-stick-meta":"","header-below-stick-meta":"","astra-migrate-meta-layouts":"set","ast-page-background-enabled":"default","ast-page-background-meta":{"desktop":{"background-color":"","background-image":"","background-repeat":"repeat","background-position":"center center","background-size":"auto","background-attachment":"scroll","background-type":"","background-media":"","overlay-type":"","overlay-color":"","overlay-opacity":"","overlay-gradient":""},"tablet":{"background-color":"","background-image":"","background-repeat":"repeat","background-position":"center center","background-size":"auto","background-attachment":"scroll","background-type":"","background-media":"","overlay-type":"","overlay-color":"","overlay-opacity":"","overlay-gradient":""},"mobile":{"background-color":"","background-image":"","background-repeat":"repeat","background-position":"center center","background-size":"auto","background-attachment":"scroll","background-type":"","background-media":"","overlay-type":"","overlay-color":"","overlay-opacity":"","overlay-gradient":""}},"ast-content-background-meta":{"desktop":{"background-color":"var(--ast-global-color-5)","background-image":"","background-repeat":"repeat","background-position":"center center","background-size":"auto","background-attachment":"scroll","background-type":"","background-media":"","overlay-type":"","overlay-color":"","overlay-opacity":"","overlay-gradient":""},"tablet":{"background-color":"var(--ast-global-color-5)","background-image":"","background-repeat":"repeat","background-position":"center center","background-size":"auto","background-attachment":"scroll","background-type":"","background-media":"","overlay-type":"","overlay-color":"","overlay-opacity":"","overlay-gradient":""},"mobile":{"background-color":"var(--ast-global-color-5)","background-image":"","background-repeat":"repeat","background-position":"center center","background-size":"auto","background-attachment":"scroll","background-type":"","background-media":"","overlay-type":"","overlay-color":"","overlay-opacity":"","overlay-gradient":""}},"footnotes":""},"categories":[13],"tags":[],"class_list":["post-14871","post","type-post","status-publish","format-standard","has-post-thumbnail","hentry","category-comercio"],"aioseo_notices":[],"_links":{"self":[{"href":"https:\/\/contarotacoes.com\/index.php?rest_route=\/wp\/v2\/posts\/14871","targetHints":{"allow":["GET"]}}],"collection":[{"href":"https:\/\/contarotacoes.com\/index.php?rest_route=\/wp\/v2\/posts"}],"about":[{"href":"https:\/\/contarotacoes.com\/index.php?rest_route=\/wp\/v2\/types\/post"}],"author":[{"embeddable":true,"href":"https:\/\/contarotacoes.com\/index.php?rest_route=\/wp\/v2\/users\/2"}],"replies":[{"embeddable":true,"href":"https:\/\/contarotacoes.com\/index.php?rest_route=%2Fwp%2Fv2%2Fcomments&post=14871"}],"version-history":[{"count":1,"href":"https:\/\/contarotacoes.com\/index.php?rest_route=\/wp\/v2\/posts\/14871\/revisions"}],"predecessor-version":[{"id":14873,"href":"https:\/\/contarotacoes.com\/index.php?rest_route=\/wp\/v2\/posts\/14871\/revisions\/14873"}],"wp:featuredmedia":[{"embeddable":true,"href":"https:\/\/contarotacoes.com\/index.php?rest_route=\/wp\/v2\/media\/14872"}],"wp:attachment":[{"href":"https:\/\/contarotacoes.com\/index.php?rest_route=%2Fwp%2Fv2%2Fmedia&parent=14871"}],"wp:term":[{"taxonomy":"category","embeddable":true,"href":"https:\/\/contarotacoes.com\/index.php?rest_route=%2Fwp%2Fv2%2Fcategories&post=14871"},{"taxonomy":"post_tag","embeddable":true,"href":"https:\/\/contarotacoes.com\/index.php?rest_route=%2Fwp%2Fv2%2Ftags&post=14871"}],"curies":[{"name":"wp","href":"https:\/\/api.w.org\/{rel}","templated":true}]}}