{"id":14842,"date":"2025-03-21T21:19:22","date_gmt":"2025-03-21T21:19:22","guid":{"rendered":"https:\/\/contarotacoes.com\/?p=14842"},"modified":"2025-03-21T21:19:22","modified_gmt":"2025-03-21T21:19:22","slug":"jose-rodrigues-entro-nesta-epoca-com-um-unico-objetivo-ser-campeao-nos-gt","status":"publish","type":"post","link":"https:\/\/contarotacoes.com\/?p=14842","title":{"rendered":"Jos\u00e9 Rodrigues: \u201centro nesta \u00e9poca com um \u00fanico objetivo: ser campe\u00e3o nos GT\u201d"},"content":{"rendered":"<p style=\"text-align: justify;\">O piloto bracarense come\u00e7a na Rampa Porca de Mur\u00e7a, que se disputa j\u00e1 no pr\u00f3ximo fim-de-semana, o seu ataque ao t\u00edtulo da Categoria GT do Campeonato de Portugal de Montanha JC Group 2025, depois de em 2024 ter protagonizado uma excelente temporada, coroada com a 2\u00aa posi\u00e7\u00e3o no campeonato.<\/p>\n<p style=\"text-align: justify;\">Para al\u00e9m disso, em 2024, Jos\u00e9 Rodrigues venceu entre os GT tr\u00eas das sete provas em que participou (Penha, Boticas e Serra da Estrela), naquela que foi a temporada \u201cde regresso a uma modalidade de que estava afastado, participando apenas de forma muito pontual. Vim encontrar um campeonato muito competitivo, praticamente em todas as categorias e, no caso particular da Categoria GT, \u00e9 incr\u00edvel o n\u00edvel entre os melhores. A modalidade respira sa\u00fade, tem milhares de espetadores em cada prova e um imenso impacto medi\u00e1tico\u201d.<\/p>\n<p style=\"text-align: justify;\">O r\u00e1pido piloto da cidade dos arcebispos volta a confiar no Porsche 997.2 GT3 Cup preparado pela Monteiros Competi\u00e7\u00f5es, real\u00e7ando \u201ca confian\u00e7a que me d\u00e1 a estrutura experiente e dedicada da equipa, que me garante as melhores condi\u00e7\u00f5es para enfrentar cada desafio. Em 2024 fizemos grande parte da \u00e9poca com um carro sem as especifica\u00e7\u00f5es ideias para Montanha. S\u00f3 nas \u00faltimas duas provas \u00e9 que j\u00e1 alinhamos com um carro completamente preparado para a exig\u00eancia da modalidade e, para 2025, fizemos uma profunda revis\u00e3o e tenho a certeza de que seremos muito competitivos, disputando taco-a-taco as vit\u00f3rias nas rampas e o t\u00edtulo nacional da Categoria GT\u201d.<\/p>\n<p style=\"text-align: justify;\">Jos\u00e9 Rodrigues est\u00e1 ciente de que \u201ceste ano a concorr\u00eancia estar\u00e1 ainda mais forte, com advers\u00e1rios bem preparados e m\u00e1quinas ainda mais competitivas. No entanto, apesar da desvantagem do nosso carro face a alguns dos rivais, estamos determinados a dar o nosso m\u00e1ximo em cada subida, tirando partido da nossa experi\u00eancia, dedica\u00e7\u00e3o e vontade de vencer!\u201d.<\/p>\n<p style=\"text-align: justify;\">O piloto conta tamb\u00e9m \u201ccom o apoio e a motiva\u00e7\u00e3o da fam\u00edlia, dos amigos, e de todos os nossos patrocinadores, a quem agradecemos pelo apoio e confian\u00e7a em mais uma \u00e9poca desportiva. Com o vosso apoio, estaremos prontos para dar tudo na Montanha!\u201d.<\/p>\n<p style=\"text-align: justify;\">A Rampa Porca de Mur\u00e7a, organizada pelo CAMI Motorsport, \u00e9 um dos tra\u00e7ados mais desafiantes do campeonato. Com uma extens\u00e3o de 4200 metros, tem uma inclina\u00e7\u00e3o m\u00e9dia de 5,5% e um acumulado de desn\u00edvel e 230 metros.<\/p>\n<p style=\"text-align: justify;\">A prova inaugural do Campeonato de Portugal de Montanha JC Group ser\u00e1 disputada ao longo de s\u00e1bado e domingo, 22 e 23 de mar\u00e7o. No dia inaugural, incluir\u00e1 um Warm Up, duas subidas de Treinos Oficiais e a 1\u00aa Subida de Prova, que acontecer\u00e3o \u00e0s 10, 12, 14 e 16 horas, respetivamente.<\/p>\n<p style=\"text-align: justify;\">No domingo e cumprindo o mesmo hor\u00e1rio, ser\u00e1 tempo de um Warm Up, uma subida de Treinos Oficiais e a habitual \u201cdobradinha\u201d final constitu\u00edda pela 2\u00aa e pela 3 Subida Oficial de Prova. A entrega de pr\u00e9mios decorrer\u00e1 ao fim da tarde.<\/p>\n","protected":false},"excerpt":{"rendered":"<p>O piloto bracarense come\u00e7a na Rampa Porca de Mur\u00e7a, que se disputa j\u00e1 no pr\u00f3ximo fim-de-semana, o seu ataque ao t\u00edtulo da Categoria GT do Campeonato de Portugal de Montanha JC Group 2025, depois de em 2024 ter protagonizado uma excelente temporada, coroada com a 2\u00aa posi\u00e7\u00e3o no campeonato. Para al\u00e9m disso, em 2024, Jos\u00e9 [&hellip;]<\/p>\n","protected":false},"author":2,"featured_media":14843,"comment_status":"closed","ping_status":"open","sticky":false,"template":"","format":"standard","meta":{"_editorskit_title_hidden":false,"_editorskit_reading_time":0,"_editorskit_is_block_options_detached":false,"_editorskit_block_options_position":"{}","om_disable_all_campaigns":false,"_monsterinsights_skip_tracking":false,"_monsterinsights_sitenote_active":false,"_monsterinsights_sitenote_note":"","_monsterinsights_sitenote_category":0,"_uf_show_specific_survey":0,"_uf_disable_surveys":false,"site-sidebar-layout":"default","site-content-layout":"","ast-site-content-layout":"default","site-content-style":"default","site-sidebar-style":"default","ast-global-header-display":"","ast-banner-title-visibility":"","ast-main-header-display":"","ast-hfb-above-header-display":"","ast-hfb-below-header-display":"","ast-hfb-mobile-header-display":"","site-post-title":"","ast-breadcrumbs-content":"","ast-featured-img":"","footer-sml-layout":"","theme-transparent-header-meta":"default","adv-header-id-meta":"","stick-header-meta":"default","header-above-stick-meta":"","header-main-stick-meta":"","header-below-stick-meta":"","astra-migrate-meta-layouts":"set","ast-page-background-enabled":"default","ast-page-background-meta":{"desktop":{"background-color":"","background-image":"","background-repeat":"repeat","background-position":"center center","background-size":"auto","background-attachment":"scroll","background-type":"","background-media":"","overlay-type":"","overlay-color":"","overlay-opacity":"","overlay-gradient":""},"tablet":{"background-color":"","background-image":"","background-repeat":"repeat","background-position":"center center","background-size":"auto","background-attachment":"scroll","background-type":"","background-media":"","overlay-type":"","overlay-color":"","overlay-opacity":"","overlay-gradient":""},"mobile":{"background-color":"","background-image":"","background-repeat":"repeat","background-position":"center center","background-size":"auto","background-attachment":"scroll","background-type":"","background-media":"","overlay-type":"","overlay-color":"","overlay-opacity":"","overlay-gradient":""}},"ast-content-background-meta":{"desktop":{"background-color":"var(--ast-global-color-5)","background-image":"","background-repeat":"repeat","background-position":"center center","background-size":"auto","background-attachment":"scroll","background-type":"","background-media":"","overlay-type":"","overlay-color":"","overlay-opacity":"","overlay-gradient":""},"tablet":{"background-color":"var(--ast-global-color-5)","background-image":"","background-repeat":"repeat","background-position":"center center","background-size":"auto","background-attachment":"scroll","background-type":"","background-media":"","overlay-type":"","overlay-color":"","overlay-opacity":"","overlay-gradient":""},"mobile":{"background-color":"var(--ast-global-color-5)","background-image":"","background-repeat":"repeat","background-position":"center center","background-size":"auto","background-attachment":"scroll","background-type":"","background-media":"","overlay-type":"","overlay-color":"","overlay-opacity":"","overlay-gradient":""}},"footnotes":""},"categories":[11],"tags":[],"class_list":["post-14842","post","type-post","status-publish","format-standard","has-post-thumbnail","hentry","category-noticias"],"aioseo_notices":[],"_links":{"self":[{"href":"https:\/\/contarotacoes.com\/index.php?rest_route=\/wp\/v2\/posts\/14842","targetHints":{"allow":["GET"]}}],"collection":[{"href":"https:\/\/contarotacoes.com\/index.php?rest_route=\/wp\/v2\/posts"}],"about":[{"href":"https:\/\/contarotacoes.com\/index.php?rest_route=\/wp\/v2\/types\/post"}],"author":[{"embeddable":true,"href":"https:\/\/contarotacoes.com\/index.php?rest_route=\/wp\/v2\/users\/2"}],"replies":[{"embeddable":true,"href":"https:\/\/contarotacoes.com\/index.php?rest_route=%2Fwp%2Fv2%2Fcomments&post=14842"}],"version-history":[{"count":1,"href":"https:\/\/contarotacoes.com\/index.php?rest_route=\/wp\/v2\/posts\/14842\/revisions"}],"predecessor-version":[{"id":14844,"href":"https:\/\/contarotacoes.com\/index.php?rest_route=\/wp\/v2\/posts\/14842\/revisions\/14844"}],"wp:featuredmedia":[{"embeddable":true,"href":"https:\/\/contarotacoes.com\/index.php?rest_route=\/wp\/v2\/media\/14843"}],"wp:attachment":[{"href":"https:\/\/contarotacoes.com\/index.php?rest_route=%2Fwp%2Fv2%2Fmedia&parent=14842"}],"wp:term":[{"taxonomy":"category","embeddable":true,"href":"https:\/\/contarotacoes.com\/index.php?rest_route=%2Fwp%2Fv2%2Fcategories&post=14842"},{"taxonomy":"post_tag","embeddable":true,"href":"https:\/\/contarotacoes.com\/index.php?rest_route=%2Fwp%2Fv2%2Ftags&post=14842"}],"curies":[{"name":"wp","href":"https:\/\/api.w.org\/{rel}","templated":true}]}}