{"id":14790,"date":"2025-03-18T21:53:49","date_gmt":"2025-03-18T21:53:49","guid":{"rendered":"https:\/\/contarotacoes.com\/?p=14790"},"modified":"2025-03-18T21:53:49","modified_gmt":"2025-03-18T21:53:49","slug":"energize-your-life-opel-apoia-o-campeonato-do-mundo-de-freestyle-fis-de-2025-na-suica","status":"publish","type":"post","link":"https:\/\/contarotacoes.com\/?p=14790","title":{"rendered":"&#8220;Energize Your Life&#8221;: Opel apoia o Campeonato do Mundo de Freestyle FIS de 2025 na Su\u00ed\u00e7a"},"content":{"rendered":"<ul>\n<li style=\"text-align: justify;\"><strong>Quarta-feira, 19 de mar\u00e7o: in\u00edcio do Campeonato do Mundo de Freestyle em Engadine<\/strong><\/li>\n<li style=\"text-align: justify;\"><strong>&#8220;Energize Your Life&#8221;: Levar um estilo de vida ativo e desportivo com a Opel<\/strong><\/li>\n<li style=\"text-align: justify;\"><strong>Opel presente: Destaque para o novo trio de SUV Grandland, Frontera e Mokka.<\/strong><\/li>\n<\/ul>\n<p style=\"text-align: justify;\">Amanh\u00e3, dia 19 de mar\u00e7o, ter\u00e1 in\u00edcio na Su\u00ed\u00e7a o <a href=\"https:\/\/www.freestylestmoritz2025.ch\/en\">Campeonato do Mundo de Freestyle FIS de 2025<\/a> e a Opel estar\u00e1 presente como parceiro oficial com ve\u00edculos para atletas, volunt\u00e1rios e VIP neste espetacular evento. A marca com o Blitz estar\u00e1 presente em v\u00e1rios locais e oferecer\u00e1 aos participantes e espectadores uma experi\u00eancia especial.<\/p>\n<p style=\"text-align: justify;\">Durante os Campeonatos do Mundo, a Opel est\u00e1 a colocar o seu trio de SUV rec\u00e9m-chegados &#8211; os novos <a href=\"https:\/\/www.media.stellantis.com\/pt-pt\/opel\/new-grandland\">Grandland<\/a>, <a href=\"https:\/\/www.media.stellantis.com\/pt-pt\/opel\/frontera-2024\">Frontera<\/a> e <a href=\"https:\/\/www.media.stellantis.com\/pt-pt\/opel\/mokka\">Mokka<\/a> &#8211; no centro das aten\u00e7\u00f5es. Os tr\u00eas modelos oferecem uma mistura perfeita de tecnologias inovadoras, design elegante e variantes de condu\u00e7\u00e3o eficientes e eletrificadas. Na Aldeia do Festival, os visitantes podem descobrir o novo Opel Frontera e saber mais sobre este SUV familiar. Para todos os f\u00e3s de jogos, a Opel Gaming Van tamb\u00e9m est\u00e1 dispon\u00edvel. Al\u00e9m disso, as pistas de competi\u00e7\u00e3o s\u00e3o marcadas com o log\u00f3tipo distintivo da Opel e, nas disciplinas de big air, slopestyle e ski cross, o atleta na frente ter\u00e1 um lugar na cadeira do l\u00edder ou no hot seat. Os Campeonatos do Mundo representam um destaque especial para o embaixador su\u00ed\u00e7o da marca Opel, Nicolas Huber &#8211; o atleta de freestyle ir\u00e1 competir perante um p\u00fablico caseiro.<\/p>\n<p style=\"text-align: justify;\">Tobias Dilsch, Diretor-Geral da Opel Su\u00ed\u00e7a, afirmou: \u201cComo parceiro oficial de ve\u00edculos do Campeonato do Mundo de Freestyle FIS de 2025, orgulhamo-nos de contribuir para este evento \u00fanico. Os nossos ve\u00edculos acompanham os atletas, os volunt\u00e1rios e a comunidade local neste evento emocionante e apoiam os estilos de vida ativos das pessoas.\u201d<\/p>\n<p style=\"text-align: justify;\">Sigi Asprion, Presidente Executivo do Campeonato do Mundo de Freestyle de 2025, tamb\u00e9m est\u00e1 satisfeito com a parceria: \u201cCom a Opel ao nosso lado, podemos tornar os Campeonatos do Mundo de 2025 ainda mais vis\u00edveis. Os ve\u00edculos da marca Opel garantem que podemos apoiar da melhor forma os atletas, VIP e volunt\u00e1rios no evento.\u201d<\/p>\n<p><strong>&#8220;Energize Your Life&#8221;: Com os novos Opel Grandland, Frontera e Mokka<\/strong><\/p>\n<p style=\"text-align: justify;\">A Opel \u00e9 sin\u00f3nimo de um estilo de vida ativo e desportivo &#8211; com modelos que s\u00e3o funcionais e elegantes ao mesmo tempo. Com o slogan \u201cEnergize Your Life\u201d, a marca dirige-se especificamente \u00e0s necessidades dos clientes na Su\u00ed\u00e7a que procuram uma combina\u00e7\u00e3o perfeita de mobilidade e experi\u00eancia no dia a dia. A Opel oferece a solu\u00e7\u00e3o ideal: ve\u00edculos que impressionam com tecnologias avan\u00e7adas e elevada efici\u00eancia, bem como com um design din\u00e2mico. Isto \u00e9 demonstrado pelo inovador trio de SUV da Opel, composto pelo novo Grandland, o novo Frontera e o novo Mokka.<\/p>\n<p>O <a href=\"https:\/\/www.media.stellantis.com\/pt-pt\/opel\/new-grandland\">novo Opel Grandland<\/a> \u00e9 elegante e din\u00e2mico, espa\u00e7oso e flex\u00edvel, bem como eletrificado em todas as variantes. Na frente, disp\u00f5e do novo 3D Vizor com o Opel Blitz central iluminado, o qual chama imediatamente a aten\u00e7\u00e3o; na traseira, o Grandland ostenta agora denomina\u00e7\u00e3o de marca OPEL iluminada. Al\u00e9m disso, est\u00e1 equipado com tecnologias de topo, como a ilumina\u00e7\u00e3o Intelli-Lux HD sem encandeamento, com mais de 50.000 elementos. Com um comprimento de 4,65 metros, uma largura de 1,93 metros e uma altura de 1,66 metros, o <a href=\"https:\/\/www.media.stellantis.com\/pt-pt\/opel\/press\/grand-e-feito-novo-opel-grandland-conquista-volante-de-ouro-2024\">vencedor do pr\u00e9mio \u201cVolante de Ouro 2024\u201d<\/a><a href=\"#_ftn1\" name=\"_ftnref1\">[1]<\/a> oferece muito espa\u00e7o para passageiros e bagagem. O banco traseiro pode ser dividido numa rela\u00e7\u00e3o 40:20:40 e permite um volume de carga de 550 a 1.645 litros.<\/p>\n<p style=\"text-align: justify;\">Flex\u00edvel, intuitivo e moderno no design, bem como com muitas solu\u00e7\u00f5es pr\u00e1ticas, o novo <a href=\"https:\/\/www.media.stellantis.com\/pt-pt\/opel\/frontera-2024\">Opel Frontera<\/a> &#8211; tamb\u00e9m totalmente eletrificado &#8211; \u00e9 um SUV particularmente acess\u00edvel e familiar. A facilidade de desloca\u00e7\u00e3o \u00e9 uma das principais prioridades do novo Frontera: \u00e0 frente, o condutor e o passageiro da frente podem sentar-se nos novos bancos Intelli-Seats patenteados e com reentr\u00e2ncia central. A bagageira tem capacidade para 460 litros de bagagem; com os bancos rebatidos, esta capacidade aumenta para cerca de 1.600 litros. Para al\u00e9m disso, o Frontera oferece muitas funcionalidades inteligentes, incluindo uma esta\u00e7\u00e3o para smartphone. Com a sua interpreta\u00e7\u00e3o robusta da filosofia de design da Opel, o novo Frontera destaca-se definitivamente da multid\u00e3o.<\/p>\n<p>O novo <a href=\"https:\/\/www.media.stellantis.com\/pt-pt\/opel\/mokka\">Mokka<\/a> completa o novo trio de SUV da Opel e, assim, o mais jovem portef\u00f3lio de SUV do mercado. O modelo que estreou a atual identidade da marca, que impressionou desde o in\u00edcio com o seu design arrojado e puro, foi ligeiramente aperfei\u00e7oado no exterior e agora apresenta o novo Opel Blitz e outros detalhes visuais. A maior mudan\u00e7a pode ser encontrada no interior. Aqui, o cockpit parece agora ainda mais claro e reflete o grafismo Opel Vizor da frente do ve\u00edculo. Para al\u00e9m disso, os condutores e passageiros podem desfrutar da \u00faltima gera\u00e7\u00e3o do sistema de infoentretenimento.<\/p>\n<p style=\"text-align: justify;\"><strong>Sobre o Campeonato do Mundo de Freestyle FIS de 2025<\/strong><\/p>\n<p style=\"text-align: justify;\">O Campeonato do Mundo de Freestyle FIS de 2025 realizar-se-\u00e1 de 19 a 30 de mar\u00e7o em Engadine, no sudeste da Su\u00ed\u00e7a. Cerca de 1.200 atletas de 40 pa\u00edses competir\u00e3o por t\u00edtulos em 28 eventos em Corvatsch, Corviglia e St. Moritz. Mais informa\u00e7\u00f5es sobre o Campeonato do Mundo de Freestyle FIS de 2025 podem ser encontradas em: <a href=\"www.freestylestmoritz2025.ch\">www.freestylestmoritz2025.ch<\/a><\/p>\n<p style=\"text-align: justify;\"><em><a href=\"#_ftnref1\" name=\"_ftn1\">[1]<\/a> AUTO BILD edi\u00e7\u00e3o 46\/2024 e BILD am SONNTAG edi\u00e7\u00e3o 45\/2024, categoria \u201cMelhor autom\u00f3vel at\u00e9 50.000 euros\u201d.<\/em><\/p>\n","protected":false},"excerpt":{"rendered":"<p>Quarta-feira, 19 de mar\u00e7o: in\u00edcio do Campeonato do Mundo de Freestyle em Engadine &#8220;Energize Your Life&#8221;: Levar um estilo de vida ativo e desportivo com a Opel Opel presente: Destaque para o novo trio de SUV Grandland, Frontera e Mokka. Amanh\u00e3, dia 19 de mar\u00e7o, ter\u00e1 in\u00edcio na Su\u00ed\u00e7a o Campeonato do Mundo de Freestyle [&hellip;]<\/p>\n","protected":false},"author":2,"featured_media":14791,"comment_status":"closed","ping_status":"open","sticky":false,"template":"","format":"standard","meta":{"_editorskit_title_hidden":false,"_editorskit_reading_time":0,"_editorskit_is_block_options_detached":false,"_editorskit_block_options_position":"{}","om_disable_all_campaigns":false,"_monsterinsights_skip_tracking":false,"_monsterinsights_sitenote_active":false,"_monsterinsights_sitenote_note":"","_monsterinsights_sitenote_category":0,"_uf_show_specific_survey":0,"_uf_disable_surveys":false,"site-sidebar-layout":"default","site-content-layout":"","ast-site-content-layout":"default","site-content-style":"default","site-sidebar-style":"default","ast-global-header-display":"","ast-banner-title-visibility":"","ast-main-header-display":"","ast-hfb-above-header-display":"","ast-hfb-below-header-display":"","ast-hfb-mobile-header-display":"","site-post-title":"","ast-breadcrumbs-content":"","ast-featured-img":"","footer-sml-layout":"","theme-transparent-header-meta":"default","adv-header-id-meta":"","stick-header-meta":"default","header-above-stick-meta":"","header-main-stick-meta":"","header-below-stick-meta":"","astra-migrate-meta-layouts":"set","ast-page-background-enabled":"default","ast-page-background-meta":{"desktop":{"background-color":"","background-image":"","background-repeat":"repeat","background-position":"center center","background-size":"auto","background-attachment":"scroll","background-type":"","background-media":"","overlay-type":"","overlay-color":"","overlay-opacity":"","overlay-gradient":""},"tablet":{"background-color":"","background-image":"","background-repeat":"repeat","background-position":"center center","background-size":"auto","background-attachment":"scroll","background-type":"","background-media":"","overlay-type":"","overlay-color":"","overlay-opacity":"","overlay-gradient":""},"mobile":{"background-color":"","background-image":"","background-repeat":"repeat","background-position":"center center","background-size":"auto","background-attachment":"scroll","background-type":"","background-media":"","overlay-type":"","overlay-color":"","overlay-opacity":"","overlay-gradient":""}},"ast-content-background-meta":{"desktop":{"background-color":"var(--ast-global-color-5)","background-image":"","background-repeat":"repeat","background-position":"center center","background-size":"auto","background-attachment":"scroll","background-type":"","background-media":"","overlay-type":"","overlay-color":"","overlay-opacity":"","overlay-gradient":""},"tablet":{"background-color":"var(--ast-global-color-5)","background-image":"","background-repeat":"repeat","background-position":"center center","background-size":"auto","background-attachment":"scroll","background-type":"","background-media":"","overlay-type":"","overlay-color":"","overlay-opacity":"","overlay-gradient":""},"mobile":{"background-color":"var(--ast-global-color-5)","background-image":"","background-repeat":"repeat","background-position":"center center","background-size":"auto","background-attachment":"scroll","background-type":"","background-media":"","overlay-type":"","overlay-color":"","overlay-opacity":"","overlay-gradient":""}},"footnotes":""},"categories":[13],"tags":[],"class_list":["post-14790","post","type-post","status-publish","format-standard","has-post-thumbnail","hentry","category-comercio"],"aioseo_notices":[],"_links":{"self":[{"href":"https:\/\/contarotacoes.com\/index.php?rest_route=\/wp\/v2\/posts\/14790","targetHints":{"allow":["GET"]}}],"collection":[{"href":"https:\/\/contarotacoes.com\/index.php?rest_route=\/wp\/v2\/posts"}],"about":[{"href":"https:\/\/contarotacoes.com\/index.php?rest_route=\/wp\/v2\/types\/post"}],"author":[{"embeddable":true,"href":"https:\/\/contarotacoes.com\/index.php?rest_route=\/wp\/v2\/users\/2"}],"replies":[{"embeddable":true,"href":"https:\/\/contarotacoes.com\/index.php?rest_route=%2Fwp%2Fv2%2Fcomments&post=14790"}],"version-history":[{"count":1,"href":"https:\/\/contarotacoes.com\/index.php?rest_route=\/wp\/v2\/posts\/14790\/revisions"}],"predecessor-version":[{"id":14792,"href":"https:\/\/contarotacoes.com\/index.php?rest_route=\/wp\/v2\/posts\/14790\/revisions\/14792"}],"wp:featuredmedia":[{"embeddable":true,"href":"https:\/\/contarotacoes.com\/index.php?rest_route=\/wp\/v2\/media\/14791"}],"wp:attachment":[{"href":"https:\/\/contarotacoes.com\/index.php?rest_route=%2Fwp%2Fv2%2Fmedia&parent=14790"}],"wp:term":[{"taxonomy":"category","embeddable":true,"href":"https:\/\/contarotacoes.com\/index.php?rest_route=%2Fwp%2Fv2%2Fcategories&post=14790"},{"taxonomy":"post_tag","embeddable":true,"href":"https:\/\/contarotacoes.com\/index.php?rest_route=%2Fwp%2Fv2%2Ftags&post=14790"}],"curies":[{"name":"wp","href":"https:\/\/api.w.org\/{rel}","templated":true}]}}