{"id":14781,"date":"2025-03-18T21:42:22","date_gmt":"2025-03-18T21:42:22","guid":{"rendered":"https:\/\/contarotacoes.com\/?p=14781"},"modified":"2025-03-18T21:42:22","modified_gmt":"2025-03-18T21:42:22","slug":"goncalo-e-salvador-amaral-na-baja-tt-escuderia-castelo-branco","status":"publish","type":"post","link":"https:\/\/contarotacoes.com\/?p=14781","title":{"rendered":"Gon\u00e7alo e Salvador Amaral na Baja TT Escuderia Castelo Branco"},"content":{"rendered":"<p style=\"text-align: justify;\">A equipa Wingmotor Honda vai disputar no pr\u00f3ximo fim de semana a Baja TT Escuderia Castelo Branco. Depois de um arranque muito positivo na jornada inicial que se disputou em Beja, Gon\u00e7alo e Salvador preparam-se para, de 21 a 23 de mar\u00e7o, enfrentar as exigentes pistas do distrito de Castelo Branco nos concelhos de Vila Velha de Rod\u00e3o, Proen\u00e7a-a-Nova e Oleiros.<\/p>\n<p style=\"text-align: justify;\">\u201cQuando disput\u00e1mos a prova de Beja as motas tinham acabado de chegar. Tivemos um primeiro contacto com elas nessa mesma prova. Temos tentado, sempre que poss\u00edvel treinar um pouco para podermos enfrentar esta que \u00e9 a segunda etapa do CNTT. As provas da Escuderia s\u00e3o sempre muito interessantes ao n\u00edvel do tra\u00e7ado. Estou expectante. O objetivo \u00e9 terminar a competi\u00e7\u00e3o numa das posi\u00e7\u00f5es cimeiras, vamos ver\u201d referiu Gon\u00e7alo Amaral que terminou a Baja Montes Alentejanos a escassos segundos do p\u00f3dio TT2.<\/p>\n<p style=\"text-align: justify;\">O irm\u00e3o Salvador Amaral salienta que \u201cainda h\u00e1 pouco mais de um m\u00eas est\u00e1vamos em Beja, a disputar a primeira prova. Foi nela que volt\u00e1mos a sentir o pulso ao CNTT. Para essa competi\u00e7\u00e3o n\u00e3o tivemos oportunidade de treinar e isso condicionou a nossa performance. Agora j\u00e1 estamos a trabalhar para conseguir fazer mais e melhor. Queremos andar, acima de tudo, com seguran\u00e7a, tentando lutar pelas posi\u00e7\u00f5es cimeiras. Este \u00e9 o meu segundo ano em TT2. \u00c9 uma classe muito exigente, mas espero que, com tempo e mais experi\u00eancia, consiga chegar \u00e0s posi\u00e7\u00f5es de p\u00f3dio como consegui em TT1. Esta \u00e9 s\u00f3 a segunda corrida do ano e ainda h\u00e1 muitas provas pela frente. Este ano o foco \u00e9 fazer provas de rally raid, mas at\u00e9 l\u00e1, vamos disputando algumas do Campeonato de Todo-o-Terreno. Queremos manter o ritmo e o foco\u201d.<\/p>\n<p style=\"text-align: justify;\">A Baja TT Escuderia Castelo Branco 2025 \u2013 disputa-se sob a \u00e9gide da FMP, FPAK e \u00e9 pontu\u00e1vel para a FIM Bajas World Cup e para o Baja European Championship. Desportivamente o evento inicia-se na sexta-feira, dia 21 de mar\u00e7o, com a realiza\u00e7\u00e3o do Pr\u00f3logo que ter\u00e1 um percurso de 9,27 km. O SS1 disputa-se no s\u00e1bado e ter\u00e1 um percurso de 188,00 km enquanto no domingo se realiza o SS2, a derradeira etapa desta competi\u00e7\u00e3o, que ter\u00e1 um percurso de 169,00 Km. A prova organizada pela Escuderia de Castelo Branco totaliza 366,27 quil\u00f3metros disputados ao cron\u00f3metro.<\/p>\n<p style=\"text-align: justify;\">Mais informa\u00e7\u00f5es sobre a Baja TT Escuderia Castelo Branco 2025<\/p>\n<p style=\"text-align: justify;\">em:\u00a0<a href=\"https:\/\/escuderiacastelobranco.pt\/prova\/baja-escuderia-castelo-branco-25\/\" data-saferedirecturl=\"https:\/\/www.google.com\/url?q=https:\/\/escuderiacastelobranco.pt\/prova\/baja-escuderia-castelo-branco-25\/&amp;source=gmail&amp;ust=1742418672656000&amp;usg=AOvVaw3GHMHAkfhPPYeol_A8txHT\">Baja TT Escuderia Castelo Branco &#8211; Escuderia Castelo Branco<\/a><\/p>\n<p style=\"text-align: justify;\">Ou em Sportity com a pass: BECB25-BIKE<\/p>\n<p style=\"text-align: justify;\">Acompanhe a equipa:<\/p>\n<p style=\"text-align: justify;\">Facebook:\u00a0<a href=\"https:\/\/www.facebook.com\/profile.php?id=100040058572689\" data-saferedirecturl=\"https:\/\/www.google.com\/url?q=https:\/\/www.facebook.com\/profile.php?id%3D100040058572689&amp;source=gmail&amp;ust=1742418672656000&amp;usg=AOvVaw3_Cq5GImEixv5IvyKrWIYS\">Gon\u00e7alo Amaral<\/a>\u00a0\/\u00a0<a href=\"https:\/\/www.facebook.com\/wingmotorhonda\" data-saferedirecturl=\"https:\/\/www.google.com\/url?q=https:\/\/www.facebook.com\/wingmotorhonda&amp;source=gmail&amp;ust=1742418672656000&amp;usg=AOvVaw2G9oV60l_c3DXJX2wEosI9\">Wingmotor<\/a><\/p>\n","protected":false},"excerpt":{"rendered":"<p>A equipa Wingmotor Honda vai disputar no pr\u00f3ximo fim de semana a Baja TT Escuderia Castelo Branco. Depois de um arranque muito positivo na jornada inicial que se disputou em Beja, Gon\u00e7alo e Salvador preparam-se para, de 21 a 23 de mar\u00e7o, enfrentar as exigentes pistas do distrito de Castelo Branco nos concelhos de Vila [&hellip;]<\/p>\n","protected":false},"author":2,"featured_media":14782,"comment_status":"closed","ping_status":"open","sticky":false,"template":"","format":"standard","meta":{"_editorskit_title_hidden":false,"_editorskit_reading_time":0,"_editorskit_is_block_options_detached":false,"_editorskit_block_options_position":"{}","om_disable_all_campaigns":false,"_monsterinsights_skip_tracking":false,"_monsterinsights_sitenote_active":false,"_monsterinsights_sitenote_note":"","_monsterinsights_sitenote_category":0,"_uf_show_specific_survey":0,"_uf_disable_surveys":false,"site-sidebar-layout":"default","site-content-layout":"","ast-site-content-layout":"default","site-content-style":"default","site-sidebar-style":"default","ast-global-header-display":"","ast-banner-title-visibility":"","ast-main-header-display":"","ast-hfb-above-header-display":"","ast-hfb-below-header-display":"","ast-hfb-mobile-header-display":"","site-post-title":"","ast-breadcrumbs-content":"","ast-featured-img":"","footer-sml-layout":"","theme-transparent-header-meta":"default","adv-header-id-meta":"","stick-header-meta":"default","header-above-stick-meta":"","header-main-stick-meta":"","header-below-stick-meta":"","astra-migrate-meta-layouts":"set","ast-page-background-enabled":"default","ast-page-background-meta":{"desktop":{"background-color":"","background-image":"","background-repeat":"repeat","background-position":"center center","background-size":"auto","background-attachment":"scroll","background-type":"","background-media":"","overlay-type":"","overlay-color":"","overlay-opacity":"","overlay-gradient":""},"tablet":{"background-color":"","background-image":"","background-repeat":"repeat","background-position":"center center","background-size":"auto","background-attachment":"scroll","background-type":"","background-media":"","overlay-type":"","overlay-color":"","overlay-opacity":"","overlay-gradient":""},"mobile":{"background-color":"","background-image":"","background-repeat":"repeat","background-position":"center center","background-size":"auto","background-attachment":"scroll","background-type":"","background-media":"","overlay-type":"","overlay-color":"","overlay-opacity":"","overlay-gradient":""}},"ast-content-background-meta":{"desktop":{"background-color":"var(--ast-global-color-5)","background-image":"","background-repeat":"repeat","background-position":"center center","background-size":"auto","background-attachment":"scroll","background-type":"","background-media":"","overlay-type":"","overlay-color":"","overlay-opacity":"","overlay-gradient":""},"tablet":{"background-color":"var(--ast-global-color-5)","background-image":"","background-repeat":"repeat","background-position":"center center","background-size":"auto","background-attachment":"scroll","background-type":"","background-media":"","overlay-type":"","overlay-color":"","overlay-opacity":"","overlay-gradient":""},"mobile":{"background-color":"var(--ast-global-color-5)","background-image":"","background-repeat":"repeat","background-position":"center center","background-size":"auto","background-attachment":"scroll","background-type":"","background-media":"","overlay-type":"","overlay-color":"","overlay-opacity":"","overlay-gradient":""}},"footnotes":""},"categories":[11],"tags":[],"class_list":["post-14781","post","type-post","status-publish","format-standard","has-post-thumbnail","hentry","category-noticias"],"aioseo_notices":[],"_links":{"self":[{"href":"https:\/\/contarotacoes.com\/index.php?rest_route=\/wp\/v2\/posts\/14781","targetHints":{"allow":["GET"]}}],"collection":[{"href":"https:\/\/contarotacoes.com\/index.php?rest_route=\/wp\/v2\/posts"}],"about":[{"href":"https:\/\/contarotacoes.com\/index.php?rest_route=\/wp\/v2\/types\/post"}],"author":[{"embeddable":true,"href":"https:\/\/contarotacoes.com\/index.php?rest_route=\/wp\/v2\/users\/2"}],"replies":[{"embeddable":true,"href":"https:\/\/contarotacoes.com\/index.php?rest_route=%2Fwp%2Fv2%2Fcomments&post=14781"}],"version-history":[{"count":1,"href":"https:\/\/contarotacoes.com\/index.php?rest_route=\/wp\/v2\/posts\/14781\/revisions"}],"predecessor-version":[{"id":14783,"href":"https:\/\/contarotacoes.com\/index.php?rest_route=\/wp\/v2\/posts\/14781\/revisions\/14783"}],"wp:featuredmedia":[{"embeddable":true,"href":"https:\/\/contarotacoes.com\/index.php?rest_route=\/wp\/v2\/media\/14782"}],"wp:attachment":[{"href":"https:\/\/contarotacoes.com\/index.php?rest_route=%2Fwp%2Fv2%2Fmedia&parent=14781"}],"wp:term":[{"taxonomy":"category","embeddable":true,"href":"https:\/\/contarotacoes.com\/index.php?rest_route=%2Fwp%2Fv2%2Fcategories&post=14781"},{"taxonomy":"post_tag","embeddable":true,"href":"https:\/\/contarotacoes.com\/index.php?rest_route=%2Fwp%2Fv2%2Ftags&post=14781"}],"curies":[{"name":"wp","href":"https:\/\/api.w.org\/{rel}","templated":true}]}}