{"id":14744,"date":"2025-03-17T21:19:53","date_gmt":"2025-03-17T21:19:53","guid":{"rendered":"https:\/\/contarotacoes.com\/?p=14744"},"modified":"2025-03-17T21:19:53","modified_gmt":"2025-03-17T21:19:53","slug":"porsche-sprint-challenge-iberica-arrancou-com-warm-up-oficial-no-estoril","status":"publish","type":"post","link":"https:\/\/contarotacoes.com\/?p=14744","title":{"rendered":"Porsche Sprint Challenge Ib\u00e9rica arrancou com Warm Up oficial no Estoril"},"content":{"rendered":"<p style=\"text-align: justify;\">O hist\u00f3rico circuito portugu\u00eas foi o palco escolhido pela P21 Motorsport, oficial partner da Porsche na organiza\u00e7\u00e3o da Porsche Sprint Challenge Ib\u00e9rica (PSCI), para o arranque oficial da temporada.<span style=\"font-size: 16px;\">\u00a0<\/span><\/p>\n<p style=\"text-align: justify;\">Uma dezena de pilotos, representando v\u00e1rias das equipas que j\u00e1 confirmaram a sua presen\u00e7a no campeonato, aproveitaram a oportunidade para um primeiro contacto competitivo, sendo que v\u00e1rios se apresentaram no Estoril com novos carros, prevalecendo agora o modelo 992 GT3 Cup. Em pista estiveram tamb\u00e9m v\u00e1rios exemplares 991.2 e 991.1, acontecendo tamb\u00e9m a primeira apari\u00e7\u00e3o do 718 Cayman GT4 RS.<\/p>\n<p style=\"text-align: justify;\">Relembramos que uma das grandes altera\u00e7\u00f5es regulamentares para a \u00e9poca 2025 foi o novo alinhamento de categorias que atribuir\u00e3o os t\u00edtulos mais importantes. Os pilotos que competirem com os Porsche 991.1 e 991.2 GT3 Cup alinhar\u00e3o na Categoria 1, com a Categoria 2 a ficar integralmente reservada para os Porsche 992 GT3 CUP. Estas duas categorias contar\u00e3o com 3 classes diferentes, PROAM, AM e GD, com os pilotos a serem aqui escalonados merc\u00ea do seu palmar\u00e9s desportivo. A Categoria 3 nasce para acolher na Porsche Sprint Challenge Ib\u00e9rica o novo Porsche 718 Cayman GT4 RS, sendo a \u00fanica categoria em que n\u00e3o existir\u00e3o classes diferenciadas.<\/p>\n<p style=\"text-align: justify;\">Ao longo do Warm Up, foi intenso o trabalho desenvolvido por todos os pilotos e equipas presentes, perante muito p\u00fablico que acorreu ao Circuito do Estoril e que n\u00e3o quis perder a oportunidade de viver todas as emo\u00e7\u00f5es nas bancadas e no paddock, pois a P21 Motorsport preparou um programa para os espetadores que lhes permitiu estar em contacto direto com os protagonistas, numa a\u00e7\u00e3o importante para a divulga\u00e7\u00e3o do campeonato, que incluiu uma zona de hospitalidade e a oferta de muitos \u2018codrives\u2019 com alguns dos pilotos presentes.<\/p>\n<p style=\"text-align: justify;\">Neste Warm Up, destaque para a estreia de Lu\u00eds Rocha e Diogo Rocha, a dupla de pilotos nortenhos que ir\u00e3o competir integrados na Monteiros Competi\u00e7\u00f5es, onde tamb\u00e9m se estrear\u00e1 V\u00edtor Os\u00f3rio Costa. No Estoril esteve tamb\u00e9m a jovem espanhola Maria Sanchez que teve o seu primeiro contacto com a PSCI e poder\u00e1 vir a integrar o plantel, bem como para a presen\u00e7a do brasileiro Leandro Martins que poder\u00e1 regressar ao campeonato.<\/p>\n<p style=\"text-align: justify;\">Entre os pilotos habituais, Manuel Alves estreou o seu novo 992 GT3 Cup e viu tamb\u00e9m em pista Borja Garcia e Alejandro Barambio, os dois advers\u00e1rios espanh\u00f3is da GT Corse que se apresentam como seus rivais na luta pelos lugares cimeiros. Destaque para a presen\u00e7a de Francisca Queir\u00f3s nas boxes da LOB Motorsport, equipa de Alves, que vai inscrever em 2025 a atual detentora da Ladies Cup.<\/p>\n<p style=\"text-align: justify;\">Rui Mirita, tamb\u00e9m um dos campe\u00f5es em t\u00edtulo, rodou com o seu habitual 991.1 GT3 Cup, mas poder\u00e1 mudar para um 991.2 GT3 Cup. Em pista estiveram tamb\u00e9m alguns dos habituais pilotos, tais como, Alexandre Fonseca, Nuno Inoc\u00eancia e Filipe Nascimento.<\/p>\n<p style=\"text-align: justify;\">No fecho do dia, Jos\u00e9 Monroy, Series Manager da PSCI, estava \u201cmuito feliz com a forma como se desenrolou este Warm Up. Tivemos uma excelente ades\u00e3o dos pilotos e das equipas. Sab\u00edamos, de antem\u00e3o, que n\u00e3o ir\u00edamos ter todos quantos j\u00e1 est\u00e3o confirmados para a temporada, em alguns casos, pela dist\u00e2ncia do circuito at\u00e9 \u00e0 sede das equipas ou \u00e0 resid\u00eancia dos pilotos. Foi um dia de muito trabalho para todos, que correu muito bem e que permitiu \u00e0s equipas recolherem muita informa\u00e7\u00e3o para prepararem a \u00e9poca. Por outro lado, a ades\u00e3o do p\u00fablico superou as nossas expectativas e foi um excelente dia para a ativa\u00e7\u00e3o das marcas dos nossos patrocinadores\u201d.<\/p>\n<p style=\"text-align: justify;\">Para o respons\u00e1vel da Porsche Sprint Challenge Ib\u00e9rica, a temporada 2025 \u201ctem tudo para ser ainda mais bem sucedida do que as duas anteriores. As mudan\u00e7as no regulamento, a introdu\u00e7\u00e3o das novas categorias e de tr\u00eas corridas por fim-de-semana espevitaram o interesse e temos j\u00e1 confirmados quase duas dezenas de pilotos para fazerem a \u00e9poca inteira, sendo de real\u00e7ar que tamb\u00e9m j\u00e1 sabemos que outros ir\u00e3o fazer algumas provas. Na primeira ronda em Portim\u00e3o, tudo indica que teremos uma forte delega\u00e7\u00e3o da Porsche Cup Brasil que aproveitar\u00e1 o fim-de-semana para competir, conhecer a pista e recolher informa\u00e7\u00f5es que lhes permita ser muito competitivos na ronda que ir\u00e3o disputar a\u00ed para o seu campeonato. Tamb\u00e9m nas provas seguintes, em Espanha, sabemos j\u00e1 que teremos pilotos a competir de forma pontual. Vai ser uma temporada fant\u00e1stica!\u201d.<\/p>\n<p style=\"text-align: justify;\">Come\u00e7a agora a contagem decrescente para a primeira ronda. De 25 a 27 de Abril, o Aut\u00f3dromo Internacional do Algarve, em Portim\u00e3o ser\u00e1 o palco para os primeiros duelos intensos da Porsche Sprint Challenge Ib\u00e9rica 2025.<\/p>\n","protected":false},"excerpt":{"rendered":"<p>O hist\u00f3rico circuito portugu\u00eas foi o palco escolhido pela P21 Motorsport, oficial partner da Porsche na organiza\u00e7\u00e3o da Porsche Sprint Challenge Ib\u00e9rica (PSCI), para o arranque oficial da temporada.\u00a0 Uma dezena de pilotos, representando v\u00e1rias das equipas que j\u00e1 confirmaram a sua presen\u00e7a no campeonato, aproveitaram a oportunidade para um primeiro contacto competitivo, sendo que [&hellip;]<\/p>\n","protected":false},"author":2,"featured_media":14745,"comment_status":"closed","ping_status":"open","sticky":false,"template":"","format":"standard","meta":{"_editorskit_title_hidden":false,"_editorskit_reading_time":0,"_editorskit_is_block_options_detached":false,"_editorskit_block_options_position":"{}","om_disable_all_campaigns":false,"_monsterinsights_skip_tracking":false,"_monsterinsights_sitenote_active":false,"_monsterinsights_sitenote_note":"","_monsterinsights_sitenote_category":0,"_uf_show_specific_survey":0,"_uf_disable_surveys":false,"site-sidebar-layout":"default","site-content-layout":"","ast-site-content-layout":"default","site-content-style":"default","site-sidebar-style":"default","ast-global-header-display":"","ast-banner-title-visibility":"","ast-main-header-display":"","ast-hfb-above-header-display":"","ast-hfb-below-header-display":"","ast-hfb-mobile-header-display":"","site-post-title":"","ast-breadcrumbs-content":"","ast-featured-img":"","footer-sml-layout":"","theme-transparent-header-meta":"default","adv-header-id-meta":"","stick-header-meta":"default","header-above-stick-meta":"","header-main-stick-meta":"","header-below-stick-meta":"","astra-migrate-meta-layouts":"set","ast-page-background-enabled":"default","ast-page-background-meta":{"desktop":{"background-color":"","background-image":"","background-repeat":"repeat","background-position":"center center","background-size":"auto","background-attachment":"scroll","background-type":"","background-media":"","overlay-type":"","overlay-color":"","overlay-opacity":"","overlay-gradient":""},"tablet":{"background-color":"","background-image":"","background-repeat":"repeat","background-position":"center center","background-size":"auto","background-attachment":"scroll","background-type":"","background-media":"","overlay-type":"","overlay-color":"","overlay-opacity":"","overlay-gradient":""},"mobile":{"background-color":"","background-image":"","background-repeat":"repeat","background-position":"center center","background-size":"auto","background-attachment":"scroll","background-type":"","background-media":"","overlay-type":"","overlay-color":"","overlay-opacity":"","overlay-gradient":""}},"ast-content-background-meta":{"desktop":{"background-color":"var(--ast-global-color-5)","background-image":"","background-repeat":"repeat","background-position":"center center","background-size":"auto","background-attachment":"scroll","background-type":"","background-media":"","overlay-type":"","overlay-color":"","overlay-opacity":"","overlay-gradient":""},"tablet":{"background-color":"var(--ast-global-color-5)","background-image":"","background-repeat":"repeat","background-position":"center center","background-size":"auto","background-attachment":"scroll","background-type":"","background-media":"","overlay-type":"","overlay-color":"","overlay-opacity":"","overlay-gradient":""},"mobile":{"background-color":"var(--ast-global-color-5)","background-image":"","background-repeat":"repeat","background-position":"center center","background-size":"auto","background-attachment":"scroll","background-type":"","background-media":"","overlay-type":"","overlay-color":"","overlay-opacity":"","overlay-gradient":""}},"footnotes":""},"categories":[11],"tags":[],"class_list":["post-14744","post","type-post","status-publish","format-standard","has-post-thumbnail","hentry","category-noticias"],"aioseo_notices":[],"_links":{"self":[{"href":"https:\/\/contarotacoes.com\/index.php?rest_route=\/wp\/v2\/posts\/14744","targetHints":{"allow":["GET"]}}],"collection":[{"href":"https:\/\/contarotacoes.com\/index.php?rest_route=\/wp\/v2\/posts"}],"about":[{"href":"https:\/\/contarotacoes.com\/index.php?rest_route=\/wp\/v2\/types\/post"}],"author":[{"embeddable":true,"href":"https:\/\/contarotacoes.com\/index.php?rest_route=\/wp\/v2\/users\/2"}],"replies":[{"embeddable":true,"href":"https:\/\/contarotacoes.com\/index.php?rest_route=%2Fwp%2Fv2%2Fcomments&post=14744"}],"version-history":[{"count":1,"href":"https:\/\/contarotacoes.com\/index.php?rest_route=\/wp\/v2\/posts\/14744\/revisions"}],"predecessor-version":[{"id":14746,"href":"https:\/\/contarotacoes.com\/index.php?rest_route=\/wp\/v2\/posts\/14744\/revisions\/14746"}],"wp:featuredmedia":[{"embeddable":true,"href":"https:\/\/contarotacoes.com\/index.php?rest_route=\/wp\/v2\/media\/14745"}],"wp:attachment":[{"href":"https:\/\/contarotacoes.com\/index.php?rest_route=%2Fwp%2Fv2%2Fmedia&parent=14744"}],"wp:term":[{"taxonomy":"category","embeddable":true,"href":"https:\/\/contarotacoes.com\/index.php?rest_route=%2Fwp%2Fv2%2Fcategories&post=14744"},{"taxonomy":"post_tag","embeddable":true,"href":"https:\/\/contarotacoes.com\/index.php?rest_route=%2Fwp%2Fv2%2Ftags&post=14744"}],"curies":[{"name":"wp","href":"https:\/\/api.w.org\/{rel}","templated":true}]}}