{"id":14741,"date":"2025-03-17T21:15:47","date_gmt":"2025-03-17T21:15:47","guid":{"rendered":"https:\/\/contarotacoes.com\/?p=14741"},"modified":"2025-03-17T21:15:47","modified_gmt":"2025-03-17T21:15:47","slug":"mercado-de-usados-procura-dispara-em-fevereiro-face-ao-ano-passado-30-e-alcanca-o-valor-mais-alto-desde-outubro-de-2024-8","status":"publish","type":"post","link":"https:\/\/contarotacoes.com\/?p=14741","title":{"rendered":"MERCADO DE USADOS: PROCURA DISPARA EM FEVEREIRO FACE AO ANO PASSADO (+30%) E ALCAN\u00c7A O VALOR MAIS ALTO DESDE OUTUBRO DE 2024 (+8%)"},"content":{"rendered":"<ul>\n<li style=\"text-align: justify;\"><strong>Bar\u00f3metro Standvirtual \/ ACAP\u00a0<\/strong><\/li>\n<\/ul>\n<p style=\"text-align: justify;\">A oferta est\u00e1 em linha com o ano anterior no segundo m\u00eas de 2025, demonstrando assim um elevado n\u00edvel de estabilidade (-1%). J\u00e1 a din\u00e2mica de mercado continua positiva em fevereiro em rela\u00e7\u00e3o ao mesmo m\u00eas de 2024 (+30%), tend\u00eancia que \u00e9 vis\u00edvel desde outubro do ano passado. De real\u00e7ar, que a importa\u00e7\u00e3o revela um crescimento, comparativamente a fevereiro de 2024 (+12,7%) e ao mesmo per\u00edodo de 2019 (+55,5%). Janeiro e fevereiro de 2025 s\u00e3o ainda os dois melhores meses, face ao mesmo intervalo tempo nestes \u00faltimos quatro anos, no que diz respeito aos ve\u00edculos importados.<\/p>\n<ul style=\"text-align: justify;\">\n<li>Em fevereiro a\u00a0din\u00e2mica de mercado\u00a0permanece positiva (+30%) face ao per\u00edodo hom\u00f3logo de 2024, pois a procura mant\u00e9m-se acima da oferta. A\u00a0procura\u00a0est\u00e1 +30% acima de fevereiro de 2024, com a\u00a0oferta\u00a0a diminuir ligeiramente -1% em rela\u00e7\u00e3o ao per\u00edodo hom\u00f3logo.<\/li>\n<li>A oferta aumenta apenas nos carros abaixo de 15.000\u20ac (+11%). No entanto, a oferta diminui nos autom\u00f3veis entre 15.000\u20ac a 30.000\u20ac (-3%) e acima dos 30.000\u20ac (-1%). J\u00e1 a procura apresenta um aumento nos ve\u00edculos com valores abaixo dos 15.000\u20ac (+44%) e entre 15.000\u20ac a 30.000\u20ac (+22%), para al\u00e9m dos autom\u00f3veis acima dos 30.000\u20ac (+17%).<\/li>\n<li>A\u00a0transfer\u00eancia de propriedade\u00a0de ligeiros de passageiros teve um aumento de +3,9% em janeiro de 2025, face ao m\u00eas hom\u00f3logo de 2024. Regista ainda um decr\u00e9scimo de -9,7% em compara\u00e7\u00e3o com janeiro de 2019.<\/li>\n<li>No que diz respeito aos\u00a0ve\u00edculos importados\u00a0(ligeiros de passageiros), existe um crescimento em fevereiro face ao mesmo m\u00eas de 2024 (+12,7%) e em rela\u00e7\u00e3o ao mesmo per\u00edodo de 2019 (+55,5%). Janeiro e fevereiro de 2025 destacam-se ainda como sendo os melhores meses, em compara\u00e7\u00e3o com o mesmo per\u00edodo desde 2019.<\/li>\n<li>O\u00a0pre\u00e7o m\u00e9dio\u00a0praticado pelos vendedores profissionais, que vinha a subir progressivamente, sobretudo desde maio\/junho de 2023, apresenta uma ligeira diminui\u00e7\u00e3o, alcan\u00e7ando os 23.700\u20ac. Esta evolu\u00e7\u00e3o representa ainda um leve decr\u00e9scimo de cerca de -2,5% do pre\u00e7o face a fevereiro de 2024, quando o valor m\u00e9dio se fixava em 24.300\u20ac.<\/li>\n<li>De acordo com os\u00a0dados fornecidos pela BCA, relativos aos leil\u00f5es, os pre\u00e7os diminuem levemente no com\u00e9rcio em fevereiro, face ao m\u00eas anterior. Contudo, aumentam ligeiramente no retalho em rela\u00e7\u00e3o a janeiro de 2025.<\/li>\n<li>Segundo\u00a0dados da ACAP, em fevereiro verifica-se uma diminui\u00e7\u00e3o de -2% no total do mercado autom\u00f3vel (novos) face ao mesmo m\u00eas de 2024. No acumulado do ano 2025, h\u00e1 um decr\u00e9scimo de -5,4%. As energias alternativas representaram cerca de 57% do mercado total de ligeiros em fevereiro de 2025 (20% el\u00e9tricos, 26% HEV e 11% PHEV), valores superiores face a fevereiro de 2024 em que alcan\u00e7avam 48% do total de ligeiros de passageiros novos.<\/li>\n<\/ul>\n<p style=\"text-align: justify;\">O Standvirtual realizou um webinar para apresentar o bar\u00f3metro do mercado autom\u00f3vel, em parceria com a Associa\u00e7\u00e3o do Com\u00e9rcio Autom\u00f3vel de Portugal (ACAP). O evento online contou com o contributo de Miguel Branco\u00a0(Diretor de Vendas Especiais, RAC e Defleet da SIVA) e\u00a0Paulo\u00a0Neves\u00a0(Respons\u00e1vel pelos Autom\u00f3veis Usados da Volvo Car Portugal),\u00a0al\u00e9m de\u00a0Maria Neffe\u00a0(Dep. Econ\u00f3mico Estat\u00edstico da ACAP),\u00a0Pedro Soares\u00a0(Diretor Comercial do Standvirtual),\u00a0Daniel Rocha\u00a0(Diretor de Estudos e Planeamento do Standvirtual) e\u00a0Nuno Castel-Branco\u00a0(Diretor Geral do Standvirtual).\u00a0O webinar teve como principal objetivo divulgar os n\u00fameros mais din\u00e2micos verificados em fevereiro de 2025 e analisar temas de mercado.<\/p>\n<p style=\"text-align: justify;\">Miguel Branco, Diretor de Vendas Especiais, RAC e Defleet da SIVA,\u00a0afirma que \u201ctiveram este ano um bom arranque, em termos de venda de ve\u00edculos el\u00e9tricos em novos. Muito disso fruto da press\u00e3o que est\u00e1 a ser colocada nos profissionais devido \u00e0s metas de emiss\u00f5es que \u00e9 necess\u00e1rio atingir no futuro. Em rela\u00e7\u00e3o \u00e0s diferen\u00e7as de pre\u00e7o que existem, hoje em dia, entre um carro a combust\u00e3o e um el\u00e9trico \u00e9 vis\u00edvel que a tecnologia tem evolu\u00eddo bastante e n\u00f3s o que sentimos \u00e9 que a paridade est\u00e1 cada vez mais perto, ou seja, os el\u00e9tricos aproximam-se cada vez mais dos autom\u00f3veis a combust\u00e3o\u201d.<\/p>\n<p style=\"text-align: justify;\">\u201cTodos n\u00f3s defendemos que um el\u00e9trico \u00e9 mais barato na sua vida \u00fatil, do que um carro a combust\u00e3o. Agora, resta-nos conseguir demonstrar isto, para al\u00e9m de que \u00e9 um ve\u00edculo muito mais fi\u00e1vel. Estas s\u00e3o algumas caracter\u00edsticas que temos de trabalhar em termos de confian\u00e7a e isso vai ajudar na quest\u00e3o da desvaloriza\u00e7\u00e3o dos autom\u00f3veis. No entanto, ainda existem coisas que n\u00e3o conseguimos controlar, especialmente numa fase em que o mercado est\u00e1 a lan\u00e7ar freneticamente novos carros e tecnologias\u201d, refere\u00a0Paulo Neves, Respons\u00e1vel pelos Autom\u00f3veis Usados da Volvo Car Portugal.<\/p>\n","protected":false},"excerpt":{"rendered":"<p>Bar\u00f3metro Standvirtual \/ ACAP\u00a0 A oferta est\u00e1 em linha com o ano anterior no segundo m\u00eas de 2025, demonstrando assim um elevado n\u00edvel de estabilidade (-1%). J\u00e1 a din\u00e2mica de mercado continua positiva em fevereiro em rela\u00e7\u00e3o ao mesmo m\u00eas de 2024 (+30%), tend\u00eancia que \u00e9 vis\u00edvel desde outubro do ano passado. De real\u00e7ar, que [&hellip;]<\/p>\n","protected":false},"author":2,"featured_media":14742,"comment_status":"closed","ping_status":"open","sticky":false,"template":"","format":"standard","meta":{"_editorskit_title_hidden":false,"_editorskit_reading_time":0,"_editorskit_is_block_options_detached":false,"_editorskit_block_options_position":"{}","om_disable_all_campaigns":false,"_monsterinsights_skip_tracking":false,"_monsterinsights_sitenote_active":false,"_monsterinsights_sitenote_note":"","_monsterinsights_sitenote_category":0,"_uf_show_specific_survey":0,"_uf_disable_surveys":false,"site-sidebar-layout":"default","site-content-layout":"","ast-site-content-layout":"default","site-content-style":"default","site-sidebar-style":"default","ast-global-header-display":"","ast-banner-title-visibility":"","ast-main-header-display":"","ast-hfb-above-header-display":"","ast-hfb-below-header-display":"","ast-hfb-mobile-header-display":"","site-post-title":"","ast-breadcrumbs-content":"","ast-featured-img":"","footer-sml-layout":"","theme-transparent-header-meta":"default","adv-header-id-meta":"","stick-header-meta":"default","header-above-stick-meta":"","header-main-stick-meta":"","header-below-stick-meta":"","astra-migrate-meta-layouts":"set","ast-page-background-enabled":"default","ast-page-background-meta":{"desktop":{"background-color":"","background-image":"","background-repeat":"repeat","background-position":"center center","background-size":"auto","background-attachment":"scroll","background-type":"","background-media":"","overlay-type":"","overlay-color":"","overlay-opacity":"","overlay-gradient":""},"tablet":{"background-color":"","background-image":"","background-repeat":"repeat","background-position":"center center","background-size":"auto","background-attachment":"scroll","background-type":"","background-media":"","overlay-type":"","overlay-color":"","overlay-opacity":"","overlay-gradient":""},"mobile":{"background-color":"","background-image":"","background-repeat":"repeat","background-position":"center center","background-size":"auto","background-attachment":"scroll","background-type":"","background-media":"","overlay-type":"","overlay-color":"","overlay-opacity":"","overlay-gradient":""}},"ast-content-background-meta":{"desktop":{"background-color":"var(--ast-global-color-5)","background-image":"","background-repeat":"repeat","background-position":"center center","background-size":"auto","background-attachment":"scroll","background-type":"","background-media":"","overlay-type":"","overlay-color":"","overlay-opacity":"","overlay-gradient":""},"tablet":{"background-color":"var(--ast-global-color-5)","background-image":"","background-repeat":"repeat","background-position":"center center","background-size":"auto","background-attachment":"scroll","background-type":"","background-media":"","overlay-type":"","overlay-color":"","overlay-opacity":"","overlay-gradient":""},"mobile":{"background-color":"var(--ast-global-color-5)","background-image":"","background-repeat":"repeat","background-position":"center center","background-size":"auto","background-attachment":"scroll","background-type":"","background-media":"","overlay-type":"","overlay-color":"","overlay-opacity":"","overlay-gradient":""}},"footnotes":""},"categories":[13],"tags":[],"class_list":["post-14741","post","type-post","status-publish","format-standard","has-post-thumbnail","hentry","category-comercio"],"aioseo_notices":[],"_links":{"self":[{"href":"https:\/\/contarotacoes.com\/index.php?rest_route=\/wp\/v2\/posts\/14741","targetHints":{"allow":["GET"]}}],"collection":[{"href":"https:\/\/contarotacoes.com\/index.php?rest_route=\/wp\/v2\/posts"}],"about":[{"href":"https:\/\/contarotacoes.com\/index.php?rest_route=\/wp\/v2\/types\/post"}],"author":[{"embeddable":true,"href":"https:\/\/contarotacoes.com\/index.php?rest_route=\/wp\/v2\/users\/2"}],"replies":[{"embeddable":true,"href":"https:\/\/contarotacoes.com\/index.php?rest_route=%2Fwp%2Fv2%2Fcomments&post=14741"}],"version-history":[{"count":1,"href":"https:\/\/contarotacoes.com\/index.php?rest_route=\/wp\/v2\/posts\/14741\/revisions"}],"predecessor-version":[{"id":14743,"href":"https:\/\/contarotacoes.com\/index.php?rest_route=\/wp\/v2\/posts\/14741\/revisions\/14743"}],"wp:featuredmedia":[{"embeddable":true,"href":"https:\/\/contarotacoes.com\/index.php?rest_route=\/wp\/v2\/media\/14742"}],"wp:attachment":[{"href":"https:\/\/contarotacoes.com\/index.php?rest_route=%2Fwp%2Fv2%2Fmedia&parent=14741"}],"wp:term":[{"taxonomy":"category","embeddable":true,"href":"https:\/\/contarotacoes.com\/index.php?rest_route=%2Fwp%2Fv2%2Fcategories&post=14741"},{"taxonomy":"post_tag","embeddable":true,"href":"https:\/\/contarotacoes.com\/index.php?rest_route=%2Fwp%2Fv2%2Ftags&post=14741"}],"curies":[{"name":"wp","href":"https:\/\/api.w.org\/{rel}","templated":true}]}}