{"id":14699,"date":"2025-03-14T21:34:19","date_gmt":"2025-03-14T21:34:19","guid":{"rendered":"https:\/\/contarotacoes.com\/?p=14699"},"modified":"2025-03-14T21:34:19","modified_gmt":"2025-03-14T21:34:19","slug":"greenovation-na-opel-o-trio-suv-grandland-frontera-e-mokka","status":"publish","type":"post","link":"https:\/\/contarotacoes.com\/?p=14699","title":{"rendered":"&#8220;Greenovation&#8221; na Opel: O trio SUV Grandland, Frontera e Mokka"},"content":{"rendered":"<ul>\n<li style=\"text-align: justify;\"><strong>Poupan\u00e7a de recursos: Novos SUV Opel com at\u00e9 95% de materiais reutiliz\u00e1veis e at\u00e9 85% de materiais recicl\u00e1veis<\/strong><\/li>\n<li style=\"text-align: justify;\"><strong>Visual claro e com melhor equil\u00edbrio de CO2: carro\u00e7arias sem sec\u00e7\u00f5es cromadas e aplica\u00e7\u00f5es de design m\u00ednimas<\/strong><\/li>\n<li style=\"text-align: justify;\"><strong>Elevada qualidade, sustent\u00e1vel e confort\u00e1vel: materiais dos tecidos e estofos interiores concebidos com conte\u00fado reciclado<\/strong><\/li>\n<li style=\"text-align: justify;\"><strong>Portf\u00f3lio eletrificado: Tra\u00e7\u00e3o el\u00e9trica a bateria sem emiss\u00f5es locais, bem como variantes h\u00edbridas e h\u00edbridas plug-in, baterias como parte da economia circular<\/strong><\/li>\n<li style=\"text-align: justify;\"><strong>\u201cElectric All In\u201d<a href=\"#_ftn1\" name=\"_ftnref1\">[1]<\/a>: A Opel facilita a transi\u00e7\u00e3o para a mobilidade el\u00e9trica<\/strong><\/li>\n<\/ul>\n<p style=\"text-align: justify;\">Os novos <a href=\"https:\/\/www.media.stellantis.com\/pt-pt\/opel\/grandland-2024\">Opel Grandland<\/a>, <a href=\"https:\/\/www.media.stellantis.com\/pt-pt\/opel\/frontera-2024\">Opel Frontera<\/a> e <a href=\"https:\/\/www.media.stellantis.com\/pt-pt\/opel\/mokka-2024\">Opel Mokka<\/a> inspiram-nos atrav\u00e9s de um design arrojado e claro, tecnologias inteligentes e elevado prazer de condu\u00e7\u00e3o e conforto. Ao mesmo tempo, o trio de SUV da Opel estabelece padr\u00f5es em termos de conserva\u00e7\u00e3o de recursos e de sustentabilidade, com os tr\u00eas modelos a demonstrar, claramente, o que a Opel entende por \u201cGreenovation\u201d. Dispensam elementos cromados e aplica\u00e7\u00f5es de design na carro\u00e7aria, enquanto nos interiores s\u00e3o utilizados tecidos e revestimentos feitos de materiais com conte\u00fado reciclado. O Opel Grandland, bem como o Frontera e o Mokka, contam com at\u00e9 95% de materiais reutiliz\u00e1veis e com at\u00e9 85% de materiais recicl\u00e1veis.<\/p>\n<p style=\"text-align: justify;\">Al\u00e9m disso, o portf\u00f3lio de propuls\u00e3o electrificada integrado nos tr\u00eas rec\u00e9m-chegados modelos, garante que os clientes podem conduzi-los de uma forma que poupa recursos e at\u00e9 mesmo sem emiss\u00f5es locais, desfrutando, assim, do prazer de condu\u00e7\u00e3o com um sentido de responsabilidade. Para acelerar ainda mais a implanta\u00e7\u00e3o da mobilidade el\u00e9trica, a Opel est\u00e1 agora a tornar a transi\u00e7\u00e3o<a href=\"https:\/\/www.media.stellantis.com\/pt-pt\/opel\/press\/electric-all-in-a-opel-simplifica-a-transicao-para-a-eletrificacao\"> ainda mais f\u00e1cil e acess\u00edvel com o programa \u201cElectric All In\u201d<\/a>1, a come\u00e7ar pela compra de um ve\u00edculo.<\/p>\n<p style=\"text-align: justify;\"><strong>Design sustent\u00e1vel: ilumina\u00e7\u00e3o e grava\u00e7\u00f5es em vez de aplica\u00e7\u00f5es de design, sem cromados<\/strong><\/p>\n<p style=\"text-align: justify;\">Os novos SUV da Opel fazem uma declara\u00e7\u00e3o em termos de conserva\u00e7\u00e3o de recursos logo \u00e0 primeira vista: na express\u00e3o clara e espec\u00edfica do modelo da filosofia de design da Opel, todos dispensam aplica\u00e7\u00f5es na carro\u00e7aria que causem distra\u00e7\u00e3o. A marca destaca-se no Opel Vizor, \u00e0 frente bem como na traseira, onde se encontra o emblema Opel Blitz. Para al\u00e9m disso, algumas linhas carater\u00edsticas sublinham a vis\u00e3o lateral. Deliberadamente ausente das carro\u00e7arias dos modelos Grandland, Frontera e Mokka est\u00e3o os elementos cromados. Em vez disso, a denomina\u00e7\u00e3o do modelo surge gravado a meio da porta da bagageira do Grandland, modelo que conquistou o trof\u00e9u <a href=\"https:\/\/www.media.stellantis.com\/pt-pt\/opel\/press\/grand-e-feito-novo-opel-grandland-conquista-volante-de-ouro-2024\">&#8216;Volante de Ouro 2024&#8217;<\/a><a href=\"#_ftn2\" name=\"_ftnref2\">[2]<\/a>.<\/p>\n<p style=\"text-align: justify;\">O mesmo quadro sustent\u00e1vel aplica-se aos sistemas de ilumina\u00e7\u00e3o, sendo que tamb\u00e9m aqui os criadores se concentraram na conserva\u00e7\u00e3o de recursos. As unidades de ilumina\u00e7\u00e3o, incluindo a <a href=\"https:\/\/www.media.stellantis.com\/pt-pt\/opel\/press\/novo-opel-grandland-com-iluminacao-intelli-lux-hd-as-noites-assustadoras-sao-uma-coisa-do-passado\">ilumina\u00e7\u00e3o adaptativa Intelli-Lux HD<\/a> l\u00edder da ind\u00fastria integrada no Grandland, recorre apenas a far\u00f3is economizadores de energia com tecnologia LED. Para al\u00e9m disso, o novo SUV topo de gama \u00e9 o primeiro modelo de produ\u00e7\u00e3o a exibir o Opel Blitz iluminado e a integr\u00e1-lo, bem como \u00e0 inovadora tecnologia \u201cEdge Light\u201d, no novo 3D Vizor.<\/p>\n<p style=\"text-align: justify;\"><strong>Confort\u00e1vel, de alta qualidade e recicl\u00e1vel: materiais reciclados no interior<\/strong><\/p>\n<p style=\"text-align: justify;\">Mesmo durante os processos de desenvolvimento dos modelos Grandland, Frontera e Mokka, os designers e engenheiros concentraram-se em encontrar solu\u00e7\u00f5es de poupan\u00e7a de recursos, reduzindo assim a pegada de CO2 dos seus SUV. A forma como o comprovado conforto em viagem pode ser combinado com a sustentabilidade \u00e9 demonstrada, por exemplo, pelos inovadores bancos Intelli-Seats para o condutor e passageiro da frente, dispon\u00edveis nos modelos Grandland e Frontera. Com a sua reentr\u00e2ncia a meio do banco, destinada a aliviar a press\u00e3o no c\u00f3ccix, os bancos oferecem um prazer de condu\u00e7\u00e3o descontra\u00eddo e, ao mesmo tempo, asseguram uma consci\u00eancia tranquila. Isto deve-se ao facto de os tecidos e revestimentos das superf\u00edcies dos bancos, pain\u00e9is das portas, tabliers e consolas centrais dos tr\u00eas modelos serem fabricados com materiais provenientes de garrafas PET recicladas. J\u00e1 os volantes s\u00e3o revestidos a couro sint\u00e9tico.<\/p>\n<p style=\"text-align: justify;\">No Mokka, est\u00e1 tamb\u00e9m dispon\u00edvel um revestimento do banco em ReNewKnit\u2122, um novo material que transmite o visual de alta qualidade da camur\u00e7a e \u00e9 feito de um monomaterial. At\u00e9 mesmo os restos de cortes podem ser reutilizados diretamente. Outra vantagem em rela\u00e7\u00e3o aos materiais comp\u00f3sitos \u00e9 o facto de o monomaterial n\u00e3o ter de ser separado para reutiliza\u00e7\u00e3o ou reciclagem. Isto reduz a pegada de CO2, evitando desperd\u00edcios.<\/p>\n<p style=\"text-align: justify;\">Mesmo em pe\u00e7as de ve\u00edculos que n\u00e3o s\u00e3o vis\u00edveis para os clientes, os criadores dos modelos Grandland, Frontera e Mokka prestaram aten\u00e7\u00e3o \u00e0 \u201cGreenovation\u201d e a uma economia circular funcional: Por exemplo, \u00e9 utilizado alum\u00ednio transformado, bem como a\u00e7o com conte\u00fado reciclado e v\u00e1rios elementos em pol\u00edmero. No Grandland h\u00e1 mais de 40 elementos polim\u00e9ricos, que consistem em at\u00e9 80% de materiais \u201cverdes\u201d. No total, mais de 550 quilogramas do peso total do Grandland \u00e9 de mat\u00e9rias-primas recicladas e regenerativas.<\/p>\n<p style=\"text-align: justify;\"><strong>Diversidade electrificada: Prazer de condu\u00e7\u00e3o sem emiss\u00f5es locais e \u2018Electric All In\u2019<a href=\"#_ftn3\" name=\"_ftnref3\">[3]<\/a> <\/strong><\/p>\n<p style=\"text-align: justify;\">Noutros cap\u00edtulos, tamb\u00e9m os sistemas de transmiss\u00e3o s\u00e3o um fator decisivo para a redu\u00e7\u00e3o, significativa, da pegada de carbono. Aqui, a Opel est\u00e1 a seguir a estrat\u00e9gia de impulsionar a eletrifica\u00e7\u00e3o de forma consistente a cada novo modelo. Os novos Grandland, Frontera e Mokka oferecem uma vasta gama de propostas, de variantes eletrificadas at\u00e9 alternativas totalmente el\u00e9tricas, que permitem um prazer de condu\u00e7\u00e3o sem emiss\u00f5es locais. Al\u00e9m disso, as jantes aerodin\u00e2micas especiais reduzem ainda mais os consumos de combust\u00edvel e as necessidades energ\u00e9ticas.<\/p>\n<p style=\"text-align: justify;\">Mas isto n\u00e3o \u00e9 tudo: a Opel tamb\u00e9m estabeleceu solu\u00e7\u00f5es para as pr\u00f3prias baterias, para que possam ter uma vida longa e, acima de tudo, permitir poupar recursos. Fazem tamb\u00e9m parte da economia circular promovida pela empresa, que se baseia nos chamados quatro \u201cRs\u201d: Reparar, Remanufaturar, Reutilizar e Reciclar. Para tornar isto poss\u00edvel, por exemplo, foi criada em Eisenach, ber\u00e7o de produ\u00e7\u00e3o do novo Grandland, uma \u201cBattery Shop\u201d espec\u00edfica.<\/p>\n<p style=\"text-align: justify;\">Para impulsionar ainda mais a implanta\u00e7\u00e3o da eletromobilidade, a Opel est\u00e1 a torn\u00e1-la ainda mais f\u00e1cil e acess\u00edvel para os clientes &#8211; a come\u00e7ar pela aquisi\u00e7\u00e3o de um ve\u00edculo. Porque qualquer pessoa que compre um autom\u00f3vel el\u00e9trico a bateria recebe agora um conjunto de amplos servi\u00e7os. <a href=\"https:\/\/www.media.stellantis.com\/pt-pt\/opel\/press\/electric-all-in-a-opel-simplifica-a-transicao-para-a-eletrificacao\">Electric All In<\/a> \u00e9 a denomina\u00e7\u00e3o da f\u00f3rmula que torna a transi\u00e7\u00e3o numa brincadeira de crian\u00e7as e a mobilidade el\u00e9trica quotidiana mais agrad\u00e1vel. Servi\u00e7os como uma eProWallbox Move para carregamento r\u00e1pido em casa, o pacote Opel Connect PLUS<a href=\"#_ftn4\" name=\"_ftnref4\">[4]<\/a> e oito anos de carregamento m\u00f3vel e assist\u00eancia em caso de avaria<a href=\"#_ftn5\" name=\"_ftnref5\">[5]<\/a>, bem como uma garantia da bateria, j\u00e1 est\u00e3o inclu\u00eddos. Com esta abordagem hol\u00edstica e a estrat\u00e9gia de se concentrar em solu\u00e7\u00f5es de poupan\u00e7a de recursos, tais como acionamentos eletrificados e monomateriais no interior, bem como o aumento sucessivo do conte\u00fado reciclado, a Opel est\u00e1 a reduzir continuamente a pegada de CO2 dos seus ve\u00edculos, do processo de produ\u00e7\u00e3o e da empresa como um todo.<\/p>\n<p style=\"text-align: justify;\"><a href=\"#_ftnref1\" name=\"_ftn1\">[1]<\/a> Oferta para clientes particulares na compra de um autom\u00f3vel de passageiros 100% el\u00e9trico de parceiros Opel aderentes, at\u00e9 30 de junho de 2025.<\/p>\n<p style=\"text-align: justify;\"><a href=\"#_ftnref2\" name=\"_ftn2\">[2]<\/a> AUTO BILD, edi\u00e7\u00e3o 46\/2024, e BILD am SONNTAG, edi\u00e7\u00e3o 45\/2024, categoria \u201cMelhor autom\u00f3vel at\u00e9 aos 50 000 euros\u201d.<\/p>\n<p style=\"text-align: justify;\"><a href=\"#_ftnref3\" name=\"_ftn3\">[3]<\/a> Oferta para clientes particulares na compra de um autom\u00f3vel de passageiros 100% el\u00e9trico de parceiros Opel aderentes, at\u00e9 30 de junho de 2025.<\/p>\n<p style=\"text-align: justify;\"><a href=\"#_ftnref4\" name=\"_ftn4\">[4]<\/a> Os servi\u00e7os Connect PLUS est\u00e3o dispon\u00edveis sem custos adicionais durante 6 meses ap\u00f3s o in\u00edcio da garantia. Ap\u00f3s este per\u00edodo, os servi\u00e7os estar\u00e3o sujeitos a um custo.<\/p>\n<p style=\"text-align: justify;\"><a href=\"#_ftnref5\" name=\"_ftn5\">[5]<\/a> Oito anos de assist\u00eancia na estrada e de carregamento m\u00f3vel; assist\u00eancia de carregamento m\u00f3vel at\u00e9 tr\u00eas vezes por ano.<\/p>\n","protected":false},"excerpt":{"rendered":"<p>Poupan\u00e7a de recursos: Novos SUV Opel com at\u00e9 95% de materiais reutiliz\u00e1veis e at\u00e9 85% de materiais recicl\u00e1veis Visual claro e com melhor equil\u00edbrio de CO2: carro\u00e7arias sem sec\u00e7\u00f5es cromadas e aplica\u00e7\u00f5es de design m\u00ednimas Elevada qualidade, sustent\u00e1vel e confort\u00e1vel: materiais dos tecidos e estofos interiores concebidos com conte\u00fado reciclado Portf\u00f3lio eletrificado: Tra\u00e7\u00e3o el\u00e9trica a [&hellip;]<\/p>\n","protected":false},"author":2,"featured_media":14700,"comment_status":"closed","ping_status":"open","sticky":false,"template":"","format":"standard","meta":{"_editorskit_title_hidden":false,"_editorskit_reading_time":0,"_editorskit_is_block_options_detached":false,"_editorskit_block_options_position":"{}","om_disable_all_campaigns":false,"_monsterinsights_skip_tracking":false,"_monsterinsights_sitenote_active":false,"_monsterinsights_sitenote_note":"","_monsterinsights_sitenote_category":0,"_uf_show_specific_survey":0,"_uf_disable_surveys":false,"site-sidebar-layout":"default","site-content-layout":"","ast-site-content-layout":"default","site-content-style":"default","site-sidebar-style":"default","ast-global-header-display":"","ast-banner-title-visibility":"","ast-main-header-display":"","ast-hfb-above-header-display":"","ast-hfb-below-header-display":"","ast-hfb-mobile-header-display":"","site-post-title":"","ast-breadcrumbs-content":"","ast-featured-img":"","footer-sml-layout":"","theme-transparent-header-meta":"default","adv-header-id-meta":"","stick-header-meta":"default","header-above-stick-meta":"","header-main-stick-meta":"","header-below-stick-meta":"","astra-migrate-meta-layouts":"set","ast-page-background-enabled":"default","ast-page-background-meta":{"desktop":{"background-color":"","background-image":"","background-repeat":"repeat","background-position":"center center","background-size":"auto","background-attachment":"scroll","background-type":"","background-media":"","overlay-type":"","overlay-color":"","overlay-opacity":"","overlay-gradient":""},"tablet":{"background-color":"","background-image":"","background-repeat":"repeat","background-position":"center center","background-size":"auto","background-attachment":"scroll","background-type":"","background-media":"","overlay-type":"","overlay-color":"","overlay-opacity":"","overlay-gradient":""},"mobile":{"background-color":"","background-image":"","background-repeat":"repeat","background-position":"center center","background-size":"auto","background-attachment":"scroll","background-type":"","background-media":"","overlay-type":"","overlay-color":"","overlay-opacity":"","overlay-gradient":""}},"ast-content-background-meta":{"desktop":{"background-color":"var(--ast-global-color-5)","background-image":"","background-repeat":"repeat","background-position":"center center","background-size":"auto","background-attachment":"scroll","background-type":"","background-media":"","overlay-type":"","overlay-color":"","overlay-opacity":"","overlay-gradient":""},"tablet":{"background-color":"var(--ast-global-color-5)","background-image":"","background-repeat":"repeat","background-position":"center center","background-size":"auto","background-attachment":"scroll","background-type":"","background-media":"","overlay-type":"","overlay-color":"","overlay-opacity":"","overlay-gradient":""},"mobile":{"background-color":"var(--ast-global-color-5)","background-image":"","background-repeat":"repeat","background-position":"center center","background-size":"auto","background-attachment":"scroll","background-type":"","background-media":"","overlay-type":"","overlay-color":"","overlay-opacity":"","overlay-gradient":""}},"footnotes":""},"categories":[13],"tags":[],"class_list":["post-14699","post","type-post","status-publish","format-standard","has-post-thumbnail","hentry","category-comercio"],"aioseo_notices":[],"_links":{"self":[{"href":"https:\/\/contarotacoes.com\/index.php?rest_route=\/wp\/v2\/posts\/14699","targetHints":{"allow":["GET"]}}],"collection":[{"href":"https:\/\/contarotacoes.com\/index.php?rest_route=\/wp\/v2\/posts"}],"about":[{"href":"https:\/\/contarotacoes.com\/index.php?rest_route=\/wp\/v2\/types\/post"}],"author":[{"embeddable":true,"href":"https:\/\/contarotacoes.com\/index.php?rest_route=\/wp\/v2\/users\/2"}],"replies":[{"embeddable":true,"href":"https:\/\/contarotacoes.com\/index.php?rest_route=%2Fwp%2Fv2%2Fcomments&post=14699"}],"version-history":[{"count":1,"href":"https:\/\/contarotacoes.com\/index.php?rest_route=\/wp\/v2\/posts\/14699\/revisions"}],"predecessor-version":[{"id":14701,"href":"https:\/\/contarotacoes.com\/index.php?rest_route=\/wp\/v2\/posts\/14699\/revisions\/14701"}],"wp:featuredmedia":[{"embeddable":true,"href":"https:\/\/contarotacoes.com\/index.php?rest_route=\/wp\/v2\/media\/14700"}],"wp:attachment":[{"href":"https:\/\/contarotacoes.com\/index.php?rest_route=%2Fwp%2Fv2%2Fmedia&parent=14699"}],"wp:term":[{"taxonomy":"category","embeddable":true,"href":"https:\/\/contarotacoes.com\/index.php?rest_route=%2Fwp%2Fv2%2Fcategories&post=14699"},{"taxonomy":"post_tag","embeddable":true,"href":"https:\/\/contarotacoes.com\/index.php?rest_route=%2Fwp%2Fv2%2Ftags&post=14699"}],"curies":[{"name":"wp","href":"https:\/\/api.w.org\/{rel}","templated":true}]}}