{"id":14648,"date":"2025-03-13T21:11:36","date_gmt":"2025-03-13T21:11:36","guid":{"rendered":"https:\/\/contarotacoes.com\/?p=14648"},"modified":"2025-03-13T21:12:15","modified_gmt":"2025-03-13T21:12:15","slug":"queres-ser-piloto-de-ralis-candidaturas-abertas-ao-fpak-junior-team","status":"publish","type":"post","link":"https:\/\/contarotacoes.com\/?p=14648","title":{"rendered":"Queres ser piloto de Ralis? Candidaturas abertas ao FPAK J\u00fanior Team"},"content":{"rendered":"<p style=\"text-align: justify;\">Est\u00e3o abertas as candidaturas para o FPAK J\u00fanior Team nos Ralis, um projeto que visa encontrar novos talentos para a modalidade. Este ano tem a particularidade de se poderem candidatar indiv\u00edduos com ou sem experi\u00eancia no desporto autom\u00f3vel com idades compreendidas entre os 16 e os 25 anos. Um novo modo se encarar a iniciativa que selecionar\u00e1 cinco jovens que ir\u00e3o disputar cinco provas ao volante de um Peugeot 208 Racing.<\/p>\n<p style=\"text-align: justify;\">Os interessados que pretendam candidatar-se ter\u00e3o de se sujeitar a um dos tr\u00eas testes de aptid\u00e3o que est\u00e3o agendados para Leiria (8 abril), Portim\u00e3o (15 abril) e Baltar (22 abril). Dessas sess\u00f5es ser\u00e3o extra\u00eddos os cinco melhores depois de uma avalia\u00e7\u00e3o criteriosa por parte dos monitores do projeto: Adruzilo Lopes, Pedro Azeredo e M\u00e1rio Castro. Ser\u00e1 depois realizado um teste final para definir os cinco jovens que integrar\u00e3o o programa de 2025 que ser\u00e1 composto pelas seguintes provas:<\/p>\n<p style=\"text-align: justify;\">&#8211; Rali de Castelo Branco a 13 e 14 de junho;<br \/>\n&#8211; Rali da \u00c1gua Transib\u00e9rico Eurocidade Chaves Verin a 19 e 20 setembro,<br \/>\n&#8211; Rallye Vidreiro Centro de Portugal a 17 e 18 de outubro<br \/>\n&#8211; Rally de Lisboa a 30 outubro e 1 de novembro;<br \/>\n&#8211; Rally de \u00c1gueda a 29 e 30 novembro;<\/p>\n<p style=\"text-align: justify;\">Para Ni Amorim, presidente da FPAK:\u00a0\u201calargar o espetro dos candidatos pareceu-nos importante numa altura em que o projeto j\u00e1 est\u00e1 consolidado no panorama automobil\u00edstico nacional. Queremos encontrar pessoas com qualidades \u00fanicas de condu\u00e7\u00e3o e que podem n\u00e3o estar envolvidas no desporto motorizado. Vamos \u00e0 descoberta na esperan\u00e7a de sermos surpreendidos. O programa este ano entra numa nova era com a entrada dos Peugeot 208 Racing e com o apoio da Peugeot Sport. Ganhamos dimens\u00e3o e condi\u00e7\u00f5es para proporcionar a estes jovens uma verdadeira experi\u00eancia de ralis\u201d.<\/p>\n<p style=\"text-align: justify;\">Os interessados dever\u00e3o consultar as condi\u00e7\u00f5es de participa\u00e7\u00e3o em:<br \/>\n<a href=\"https:\/\/fpak.us19.list-manage.com\/track\/click?u=7696ceebc649fda461de6c26e&amp;id=061cc29919&amp;e=3d20701645\" target=\"_blank\" rel=\"noopener\" data-saferedirecturl=\"https:\/\/www.google.com\/url?q=https:\/\/fpak.us19.list-manage.com\/track\/click?u%3D7696ceebc649fda461de6c26e%26id%3D061cc29919%26e%3D3d20701645&amp;source=gmail&amp;ust=1741985686676000&amp;usg=AOvVaw3_t940CpgiQUWF5vzmKIUq\">https:\/\/www.fpak.pt\/sites\/<wbr \/>default\/files\/ficheiros\/2025-<wbr \/>03\/REGULAMENTO%20FPAK%20J%C3%<wbr \/>9ANIOR%20TEAM%20RALIS%202025_<wbr \/>1.pdf<\/a><br \/>\ne fazer a sua candidatura em:\u00a0<a href=\"https:\/\/fpak.us19.list-manage.com\/track\/click?u=7696ceebc649fda461de6c26e&amp;id=a63e814a52&amp;e=3d20701645\" target=\"_blank\" rel=\"noopener\" data-saferedirecturl=\"https:\/\/www.google.com\/url?q=https:\/\/fpak.us19.list-manage.com\/track\/click?u%3D7696ceebc649fda461de6c26e%26id%3Da63e814a52%26e%3D3d20701645&amp;source=gmail&amp;ust=1741985686676000&amp;usg=AOvVaw1sb2QLS-vrRPRdD7E9a40C\">https:\/\/docs.google.com\/forms\/<wbr \/>d\/<wbr \/>1rMh7H4CyqvudhgchgJl77QvwKJp3x<wbr \/>mP-Zvgqm6DJIhQ\/edit<\/a><\/p>\n","protected":false},"excerpt":{"rendered":"<p>Est\u00e3o abertas as candidaturas para o FPAK J\u00fanior Team nos Ralis, um projeto que visa encontrar novos talentos para a modalidade. Este ano tem a particularidade de se poderem candidatar indiv\u00edduos com ou sem experi\u00eancia no desporto autom\u00f3vel com idades compreendidas entre os 16 e os 25 anos. Um novo modo se encarar a iniciativa [&hellip;]<\/p>\n","protected":false},"author":2,"featured_media":14649,"comment_status":"closed","ping_status":"open","sticky":false,"template":"","format":"standard","meta":{"_editorskit_title_hidden":false,"_editorskit_reading_time":0,"_editorskit_is_block_options_detached":false,"_editorskit_block_options_position":"{}","om_disable_all_campaigns":false,"_monsterinsights_skip_tracking":false,"_monsterinsights_sitenote_active":false,"_monsterinsights_sitenote_note":"","_monsterinsights_sitenote_category":0,"_uf_show_specific_survey":0,"_uf_disable_surveys":false,"site-sidebar-layout":"default","site-content-layout":"","ast-site-content-layout":"default","site-content-style":"default","site-sidebar-style":"default","ast-global-header-display":"","ast-banner-title-visibility":"","ast-main-header-display":"","ast-hfb-above-header-display":"","ast-hfb-below-header-display":"","ast-hfb-mobile-header-display":"","site-post-title":"","ast-breadcrumbs-content":"","ast-featured-img":"","footer-sml-layout":"","theme-transparent-header-meta":"default","adv-header-id-meta":"","stick-header-meta":"default","header-above-stick-meta":"","header-main-stick-meta":"","header-below-stick-meta":"","astra-migrate-meta-layouts":"set","ast-page-background-enabled":"default","ast-page-background-meta":{"desktop":{"background-color":"","background-image":"","background-repeat":"repeat","background-position":"center center","background-size":"auto","background-attachment":"scroll","background-type":"","background-media":"","overlay-type":"","overlay-color":"","overlay-opacity":"","overlay-gradient":""},"tablet":{"background-color":"","background-image":"","background-repeat":"repeat","background-position":"center center","background-size":"auto","background-attachment":"scroll","background-type":"","background-media":"","overlay-type":"","overlay-color":"","overlay-opacity":"","overlay-gradient":""},"mobile":{"background-color":"","background-image":"","background-repeat":"repeat","background-position":"center center","background-size":"auto","background-attachment":"scroll","background-type":"","background-media":"","overlay-type":"","overlay-color":"","overlay-opacity":"","overlay-gradient":""}},"ast-content-background-meta":{"desktop":{"background-color":"var(--ast-global-color-5)","background-image":"","background-repeat":"repeat","background-position":"center center","background-size":"auto","background-attachment":"scroll","background-type":"","background-media":"","overlay-type":"","overlay-color":"","overlay-opacity":"","overlay-gradient":""},"tablet":{"background-color":"var(--ast-global-color-5)","background-image":"","background-repeat":"repeat","background-position":"center center","background-size":"auto","background-attachment":"scroll","background-type":"","background-media":"","overlay-type":"","overlay-color":"","overlay-opacity":"","overlay-gradient":""},"mobile":{"background-color":"var(--ast-global-color-5)","background-image":"","background-repeat":"repeat","background-position":"center center","background-size":"auto","background-attachment":"scroll","background-type":"","background-media":"","overlay-type":"","overlay-color":"","overlay-opacity":"","overlay-gradient":""}},"footnotes":""},"categories":[11],"tags":[],"class_list":["post-14648","post","type-post","status-publish","format-standard","has-post-thumbnail","hentry","category-noticias"],"aioseo_notices":[],"_links":{"self":[{"href":"https:\/\/contarotacoes.com\/index.php?rest_route=\/wp\/v2\/posts\/14648","targetHints":{"allow":["GET"]}}],"collection":[{"href":"https:\/\/contarotacoes.com\/index.php?rest_route=\/wp\/v2\/posts"}],"about":[{"href":"https:\/\/contarotacoes.com\/index.php?rest_route=\/wp\/v2\/types\/post"}],"author":[{"embeddable":true,"href":"https:\/\/contarotacoes.com\/index.php?rest_route=\/wp\/v2\/users\/2"}],"replies":[{"embeddable":true,"href":"https:\/\/contarotacoes.com\/index.php?rest_route=%2Fwp%2Fv2%2Fcomments&post=14648"}],"version-history":[{"count":3,"href":"https:\/\/contarotacoes.com\/index.php?rest_route=\/wp\/v2\/posts\/14648\/revisions"}],"predecessor-version":[{"id":14652,"href":"https:\/\/contarotacoes.com\/index.php?rest_route=\/wp\/v2\/posts\/14648\/revisions\/14652"}],"wp:featuredmedia":[{"embeddable":true,"href":"https:\/\/contarotacoes.com\/index.php?rest_route=\/wp\/v2\/media\/14649"}],"wp:attachment":[{"href":"https:\/\/contarotacoes.com\/index.php?rest_route=%2Fwp%2Fv2%2Fmedia&parent=14648"}],"wp:term":[{"taxonomy":"category","embeddable":true,"href":"https:\/\/contarotacoes.com\/index.php?rest_route=%2Fwp%2Fv2%2Fcategories&post=14648"},{"taxonomy":"post_tag","embeddable":true,"href":"https:\/\/contarotacoes.com\/index.php?rest_route=%2Fwp%2Fv2%2Ftags&post=14648"}],"curies":[{"name":"wp","href":"https:\/\/api.w.org\/{rel}","templated":true}]}}