{"id":14438,"date":"2025-03-04T15:57:11","date_gmt":"2025-03-04T15:57:11","guid":{"rendered":"https:\/\/contarotacoes.com\/?p=14438"},"modified":"2025-03-04T15:57:11","modified_gmt":"2025-03-04T15:57:11","slug":"rallye-serras-de-fafe2025-apresenta-lista-bem-recheada-de-estrelas","status":"publish","type":"post","link":"https:\/\/contarotacoes.com\/?p=14438","title":{"rendered":"Rallye Serras de Fafe&#8217;2025 apresenta lista bem recheada de &#8220;estrelas&#8221;"},"content":{"rendered":"<ul>\n<li style=\"text-align: justify;\"><strong>S\u00e3o 44 as equipas que se inscreveram na prova de abertura do CPR, entre as quais 7 estrangeiras e h\u00e1 nada menos que 16 Rally2<\/strong><\/li>\n<\/ul>\n<p style=\"text-align: justify;\">Se Dani Sordo (Hyundai i20 N Rally2) e o campe\u00e3o nacional Kris Meeke (Toyota Yaris Rally2) surgem, de forma indiscut\u00edvel, como cabe\u00e7as de cartaz do Campeonato de Portugal de Ralis\u20192025 (CPR), a lista de inscritos da prova de abertura da temporada vai ainda mais al\u00e9m, em termos de \u201cestrelas\u201d que se juntam \u00e0 elite dos pilotos portugueses. \u00c9 o caso de Martins Sesks, um dos jovens da M-Sport no WRC esta \u00e9poca, que vai guiar um Ford Fiesta Rally2 da espanhola Past Racing no Rallye Serras de Fafe, Felgueiras, Boticas e Cabeceiras de Basto. O piloto let\u00e3o aproveita o arranque do CPR para preparar em Fafe, onde j\u00e1 correu em duas edi\u00e7\u00f5es deste mesmo rali pontu\u00e1vel no ERC (2022 e 2023), a sua participa\u00e7\u00e3o no Vodafone Rallye de Portugal com um Ford Puma Rally1 oficial.<\/p>\n<p style=\"text-align: justify;\">Contudo, a lista de inscritos, engloba ainda a jovem promessa espanhola Gil Membrado, de apenas 17 anos e j\u00e1 piloto da fileira Red Bull, que chega a Fafe ainda a saborear o triunfo no recente Rallye de C\u00e1ceres, tamb\u00e9m aos comandos de um Ford Fiesta Rally da Past Racing. Muito embora a lista da prova organizada pelo Demoporto \u2013 Clube de Desportos Motorizados do Porto n\u00e3o seja t\u00e3o extensa como as das edi\u00e7\u00f5es precedentes, j\u00e1 que o total \u00e9 agora de 44, incluindo as duplas do Campeonato Promo, n\u00e3o deixar\u00e1 de apresentar um excelente n\u00edvel. S\u00f3 carros da categoria Rally2 haver\u00e1 nada menos que 16.<\/p>\n<p style=\"text-align: justify;\">Com Sordo e Meeke na qualidade de indiscut\u00edveis favoritos \u00e0 vit\u00f3ria, antev\u00ea-se um rali muito competitivo e mesmo se a uma semana de dist\u00e2ncia as previs\u00f5es meteorol\u00f3gicas apontam para uma persistente queda de chuva tanto na sexta-feira como no s\u00e1bado, na estrada n\u00e3o haver\u00e1 piso escorregadio ou lama que trave o duelo de segundos pela conquista dos primeiros lugares.<\/p>\n<p style=\"text-align: justify;\">Armindo Ara\u00fajo (Skoda Fabia RS Rallye2), Jos\u00e9 Pedro Fontes (Citroen C3 Rally2), Ricardo Teod\u00f3sio (Toyota Yaris Rally2), R\u00faben Rodrigues (Toyota Yaris Rally2), Pedro Almeida (Skoda Fabia RS Rally2), Pedro Meireles (Skoda Fabia RS Rally2), Hugo Lopes (Hyundai i20 N Rally2), Ernesto Cunha (Skoda Fabia Rally2 Evo), Paulo Neto (Skoda Fabia Rally2 Evo), Lucas Sim\u00f5es (Skoda Fabia Rally2 Evo), Ricardo Filipe (Skoda Fabia R5) e Paulo Caldeira (Skoda Fabia Rally2 Evo) encabe\u00e7am o contingente de pilotos portugueses dos Rally2.<\/p>\n<p style=\"text-align: justify;\">No CPR 2RM (duas rodas motrizes) predominam os Peugeot 208 Rally4, entre os quais pilotos como Ricardo Sousa, Guilherme Meireles, Pedro Silva, Rafael Cardeira, Anton Korzun, Diogo Marujo ou ainda, entre outros, o vencedor em 2024 do Clio Trophy Portugal, Danny Carreira.<\/p>\n<p style=\"text-align: justify;\"><strong>PROGRAMA HOR\u00c1RIO<\/strong><\/p>\n<p style=\"text-align: justify;\"><strong>SEXTA-FEIRA (7 mar\u00e7o)<\/strong><\/p>\n<p style=\"text-align: justify;\">Partida (Boticas\/Largo da Igreja)\u00a0\u00a0\u00a0\u00a0\u00a0\u00a0\u00a0\u00a0\u00a0\u00a0\u00a0\u00a0\u00a0\u00a0\u00a0\u00a0\u00a0\u00a0\u00a0\u00a0\u00a0\u00a0\u00a0\u00a0\u00a0\u00a0\u00a0\u00a0\u00a0\u00a0\u00a0\u00a0\u00a0\u00a0\u00a0\u00a0\u00a0\u00a0\u00a0\u00a0\u00a0\u00a0\u00a0\u00a0\u00a0\u00a0\u00a0\u00a0\u00a0\u00a0\u00a0 15h15<\/p>\n<p style=\"text-align: justify;\">PEC 1 \u2013 Boticas\/Vale de T\u00e2mega (9,64 km)\u00a0\u00a0\u00a0\u00a0\u00a0\u00a0\u00a0\u00a0\u00a0\u00a0\u00a0\u00a0\u00a0\u00a0\u00a0\u00a0\u00a0\u00a0\u00a0\u00a0\u00a0\u00a0\u00a0\u00a0\u00a0\u00a0\u00a0\u00a0\u00a0\u00a0\u00a0\u00a0\u00a0\u00a0\u00a0\u00a0\u00a0\u00a0\u00a0\u00a0\u00a0\u00a0\u00a0\u00a0 15h43<\/p>\n<p style=\"text-align: justify;\">PEC 2 \u2013 Boticas\/Senhora do Monte (11,53 km)\u00a0\u00a0\u00a0\u00a0\u00a0\u00a0\u00a0\u00a0\u00a0\u00a0\u00a0\u00a0\u00a0\u00a0\u00a0\u00a0\u00a0\u00a0\u00a0\u00a0 16h21<\/p>\n<p style=\"text-align: justify;\">PEC 3 \u2013 Montim (8,74 km)\u00a0 \u00a0\u00a0\u00a0\u00a0\u00a0\u00a0\u00a0\u00a0\u00a0\u00a0\u00a0\u00a0\u00a0\u00a0\u00a0\u00a0\u00a0\u00a0\u00a0\u00a0\u00a0\u00a0\u00a0\u00a0\u00a0\u00a0\u00a0\u00a0\u00a0\u00a0\u00a0\u00a0\u00a0\u00a0\u00a0\u00a0\u00a0\u00a0\u00a0\u00a0\u00a0\u00a0\u00a0\u00a0\u00a0\u00a0\u00a0\u00a0\u00a0\u00a0\u00a0\u00a0\u00a0\u00a0\u00a0\u00a0\u00a0\u00a0\u00a0\u00a0\u00a0\u00a0 17h49<\/p>\n<p style=\"text-align: justify;\">Reagrupamento (Rua \u00c2ngelo Mendon\u00e7a)\u00a0\u00a0\u00a0\u00a0\u00a0\u00a0\u00a0\u00a0\u00a0\u00a0\u00a0\u00a0\u00a0\u00a0\u00a0\u00a0\u00a0\u00a0\u00a0\u00a0\u00a0\u00a0\u00a0\u00a0\u00a0\u00a0\u00a0\u00a0\u00a0\u00a0\u00a0\u00a0\u00a0\u00a0 18h15\/20h55<\/p>\n<p style=\"text-align: justify;\">City Stage (1,23 km)\u00a0\u00a0\u00a0\u00a0\u00a0\u00a0\u00a0\u00a0\u00a0\u00a0\u00a0\u00a0\u00a0 \u00a0\u00a0\u00a0\u00a0\u00a0\u00a0\u00a0\u00a0\u00a0\u00a0\u00a0\u00a0\u00a0\u00a0\u00a0\u00a0\u00a0\u00a0\u00a0\u00a0\u00a0\u00a0\u00a0\u00a0\u00a0\u00a0\u00a0\u00a0\u00a0\u00a0\u00a0\u00a0\u00a0\u00a0\u00a0\u00a0\u00a0\u00a0\u00a0\u00a0\u00a0\u00a0\u00a0\u00a0\u00a0\u00a0\u00a0\u00a0\u00a0\u00a0\u00a0\u00a0\u00a0\u00a0\u00a0\u00a0\u00a0\u00a0\u00a0\u00a0\u00a0\u00a0\u00a0\u00a0\u00a0\u00a0\u00a0\u00a0\u00a0\u00a0\u00a0\u00a0\u00a0\u00a0\u00a0\u00a0\u00a0\u00a0 21h00<\/p>\n<p style=\"text-align: justify;\">Parque de Assist\u00eancia (Pra\u00e7a das Comunidades)\u00a0\u00a0\u00a0\u00a0\u00a0\u00a0\u00a0\u00a0\u00a0\u00a0\u00a0\u00a0\u00a0\u00a0\u00a0\u00a0 21h15\/22h00<\/p>\n<p style=\"text-align: justify;\">Parque Fechado (Frente ao Pavilh\u00e3o Multiusos)\u00a0\u00a0\u00a0\u00a0\u00a0\u00a0\u00a0\u00a0\u00a0\u00a0\u00a0\u00a0\u00a0\u00a0\u00a0\u00a0\u00a0\u00a0\u00a0\u00a0 22h15<\/p>\n<p style=\"text-align: justify;\"><strong>S\u00c1BADO (8 mar\u00e7o)<\/strong><\/p>\n<p style=\"text-align: justify;\">Partida (Parque Fechado frente ao Pavilh\u00e3o Multiusos)\u00a0\u00a0\u00a0\u00a0\u00a0 07h00<\/p>\n<p style=\"text-align: justify;\">Parque de Assist\u00eancia (Pra\u00e7a das Comunidades)\u00a0\u00a0\u00a0\u00a0\u00a0\u00a0\u00a0\u00a0\u00a0\u00a0\u00a0\u00a0\u00a0\u00a0\u00a0\u00a0 07h05\/07h20<\/p>\n<p style=\"text-align: justify;\">PEC 4 \u2013 Lu\u00edlhas 1 (9,78 km)\u00a0\u00a0\u00a0\u00a0\u00a0\u00a0\u00a0\u00a0\u00a0\u00a0\u00a0\u00a0\u00a0\u00a0\u00a0\u00a0\u00a0\u00a0\u00a0\u00a0\u00a0\u00a0\u00a0\u00a0\u00a0\u00a0\u00a0\u00a0\u00a0\u00a0\u00a0\u00a0\u00a0\u00a0\u00a0\u00a0\u00a0\u00a0\u00a0\u00a0\u00a0\u00a0\u00a0\u00a0\u00a0\u00a0\u00a0\u00a0\u00a0\u00a0\u00a0\u00a0\u00a0\u00a0\u00a0\u00a0\u00a0\u00a0\u00a0\u00a0\u00a0\u00a0\u00a0\u00a0\u00a0\u00a0\u00a0\u00a0\u00a0\u00a0\u00a0\u00a0\u00a0\u00a0\u00a0\u00a0\u00a0 08h00<\/p>\n<p style=\"text-align: justify;\">PEC 5 \u2013 Cabeceiras de Basto 1 (10,68 km)\u00a0\u00a0\u00a0\u00a0\u00a0\u00a0\u00a0\u00a0\u00a0\u00a0\u00a0\u00a0\u00a0\u00a0\u00a0\u00a0\u00a0\u00a0\u00a0\u00a0\u00a0\u00a0\u00a0\u00a0\u00a0\u00a0\u00a0\u00a0\u00a0\u00a0\u00a0\u00a0\u00a0\u00a0\u00a0\u00a0\u00a0\u00a0\u00a0\u00a0\u00a0\u00a0\u00a0\u00a0\u00a0 09h03<\/p>\n<p style=\"text-align: justify;\">PEC 6 \u2013 Lu\u00edlhas 2\u00a0\u00a0\u00a0\u00a0\u00a0\u00a0\u00a0\u00a0\u00a0\u00a0\u00a0\u00a0\u00a0\u00a0\u00a0\u00a0\u00a0\u00a0\u00a0\u00a0\u00a0\u00a0\u00a0\u00a0\u00a0\u00a0\u00a0\u00a0\u00a0\u00a0\u00a0\u00a0\u00a0\u00a0\u00a0\u00a0\u00a0\u00a0\u00a0\u00a0\u00a0\u00a0\u00a0\u00a0\u00a0\u00a0\u00a0\u00a0\u00a0\u00a0\u00a0\u00a0\u00a0\u00a0\u00a0\u00a0\u00a0\u00a0\u00a0\u00a0\u00a0\u00a0\u00a0\u00a0\u00a0\u00a0\u00a0\u00a0\u00a0\u00a0\u00a0\u00a0\u00a0\u00a0\u00a0\u00a0\u00a0\u00a0\u00a0\u00a0\u00a0\u00a0 10h30<\/p>\n<p style=\"text-align: justify;\">PEC 7 \u2013 Cabeceiras de Basto 2\u00a0\u00a0\u00a0\u00a0\u00a0\u00a0\u00a0\u00a0\u00a0\u00a0\u00a0\u00a0\u00a0\u00a0\u00a0\u00a0\u00a0\u00a0\u00a0\u00a0\u00a0\u00a0\u00a0\u00a0\u00a0\u00a0\u00a0\u00a0\u00a0\u00a0\u00a0\u00a0\u00a0\u00a0\u00a0\u00a0\u00a0\u00a0\u00a0\u00a0\u00a0\u00a0\u00a0\u00a0\u00a0\u00a0\u00a0\u00a0\u00a0\u00a0\u00a0\u00a0 11h33<\/p>\n<p style=\"text-align: justify;\">Reagrupamento (Feira Velha)\u00a0\u00a0\u00a0\u00a0\u00a0\u00a0\u00a0\u00a0\u00a0\u00a0\u00a0\u00a0\u00a0\u00a0\u00a0\u00a0\u00a0\u00a0\u00a0\u00a0\u00a0\u00a0\u00a0\u00a0\u00a0\u00a0\u00a0\u00a0\u00a0\u00a0\u00a0\u00a0\u00a0\u00a0\u00a0\u00a0\u00a0\u00a0\u00a0\u00a0\u00a0\u00a0\u00a0\u00a0\u00a0\u00a0\u00a0\u00a0\u00a0\u00a0\u00a0\u00a0\u00a0\u00a0\u00a0\u00a0\u00a0 12h08\/12h18<\/p>\n<p style=\"text-align: justify;\">Parque de Assist\u00eancia (Pra\u00e7a das Comunidades)\u00a0\u00a0\u00a0\u00a0\u00a0\u00a0\u00a0\u00a0\u00a0\u00a0\u00a0\u00a0\u00a0\u00a0\u00a0\u00a0 12H53\/13h23<\/p>\n<p style=\"text-align: justify;\">PEC 8 \u2013 Seixoso 1 (9,97 km)\u00a0\u00a0\u00a0\u00a0\u00a0\u00a0\u00a0\u00a0\u00a0\u00a0\u00a0\u00a0\u00a0\u00a0\u00a0\u00a0\u00a0\u00a0\u00a0\u00a0\u00a0\u00a0\u00a0\u00a0\u00a0\u00a0\u00a0\u00a0\u00a0\u00a0\u00a0\u00a0\u00a0\u00a0\u00a0\u00a0\u00a0\u00a0\u00a0\u00a0\u00a0\u00a0\u00a0\u00a0\u00a0\u00a0\u00a0\u00a0\u00a0\u00a0\u00a0\u00a0\u00a0\u00a0\u00a0\u00a0\u00a0\u00a0\u00a0\u00a0\u00a0\u00a0\u00a0\u00a0\u00a0\u00a0\u00a0\u00a0\u00a0\u00a0\u00a0\u00a0\u00a0\u00a0\u00a0\u00a0 14h06<\/p>\n<p style=\"text-align: justify;\">PEC 9 \u2013 Lameirinha 1 (11,18 km)\u00a0\u00a0\u00a0\u00a0\u00a0\u00a0\u00a0\u00a0\u00a0\u00a0\u00a0\u00a0\u00a0\u00a0\u00a0\u00a0\u00a0\u00a0\u00a0\u00a0\u00a0\u00a0\u00a0\u00a0\u00a0\u00a0\u00a0\u00a0\u00a0\u00a0\u00a0\u00a0\u00a0\u00a0\u00a0\u00a0\u00a0\u00a0\u00a0\u00a0\u00a0\u00a0\u00a0\u00a0\u00a0\u00a0\u00a0\u00a0\u00a0\u00a0 15h04<\/p>\n<p style=\"text-align: justify;\">Reagrupamento (Feira Velha)\u00a0\u00a0\u00a0\u00a0\u00a0\u00a0\u00a0\u00a0\u00a0\u00a0\u00a0\u00a0\u00a0\u00a0\u00a0\u00a0\u00a0\u00a0\u00a0\u00a0\u00a0\u00a0\u00a0\u00a0\u00a0\u00a0\u00a0\u00a0\u00a0\u00a0\u00a0\u00a0\u00a0\u00a0\u00a0\u00a0\u00a0\u00a0\u00a0\u00a0\u00a0\u00a0\u00a0\u00a0\u00a0\u00a0\u00a0\u00a0\u00a0\u00a0\u00a0\u00a0\u00a0\u00a0\u00a0\u00a0\u00a0 15h38\/16h04<\/p>\n<p style=\"text-align: justify;\">PEC 10 \u2013 Seixoso 2\u00a0\u00a0\u00a0\u00a0\u00a0\u00a0\u00a0\u00a0\u00a0\u00a0\u00a0\u00a0\u00a0\u00a0\u00a0\u00a0\u00a0\u00a0\u00a0\u00a0\u00a0\u00a0\u00a0\u00a0\u00a0\u00a0\u00a0\u00a0\u00a0\u00a0\u00a0\u00a0\u00a0\u00a0\u00a0\u00a0\u00a0\u00a0\u00a0\u00a0\u00a0\u00a0\u00a0\u00a0\u00a0\u00a0\u00a0\u00a0\u00a0\u00a0\u00a0\u00a0\u00a0\u00a0\u00a0\u00a0\u00a0\u00a0\u00a0\u00a0\u00a0\u00a0\u00a0\u00a0\u00a0\u00a0\u00a0\u00a0\u00a0\u00a0\u00a0\u00a0\u00a0\u00a0\u00a0\u00a0\u00a0\u00a0 16h34<\/p>\n<p style=\"text-align: justify;\">PEC 11 \u2013 Lameirinha POWER STAGE\u00a0\u00a0\u00a0\u00a0\u00a0\u00a0\u00a0\u00a0\u00a0\u00a0\u00a0\u00a0\u00a0\u00a0\u00a0\u00a0\u00a0\u00a0\u00a0\u00a0\u00a0\u00a0\u00a0\u00a0\u00a0\u00a0\u00a0\u00a0\u00a0\u00a0\u00a0\u00a0\u00a0\u00a0\u00a0\u00a0\u00a0\u00a0\u00a0\u00a0\u00a0\u00a0\u00a0\u00a0\u00a0\u00a0\u00a0\u00a0\u00a0\u00a0\u00a0\u00a0\u00a0\u00a0\u00a0 17h32<\/p>\n<p style=\"text-align: justify;\">Parque Fechado final (Feira Velha)\u00a0\u00a0\u00a0\u00a0\u00a0\u00a0\u00a0\u00a0\u00a0\u00a0\u00a0\u00a0\u00a0\u00a0\u00a0\u00a0\u00a0\u00a0\u00a0\u00a0\u00a0\u00a0\u00a0\u00a0\u00a0\u00a0\u00a0\u00a0\u00a0\u00a0\u00a0\u00a0\u00a0\u00a0\u00a0\u00a0\u00a0\u00a0\u00a0\u00a0\u00a0\u00a0\u00a0\u00a0\u00a0\u00a0\u00a0 18h06<\/p>\n<p style=\"text-align: justify;\"><a href=\"https:\/\/contarotacoes.com\/wp-content\/uploads\/2025\/03\/Lista-Inscritos_Serras-de-Fafe_2025.pdf\">Lista Inscritos_Serras de Fafe_2025<\/a><\/p>\n<p style=\"text-align: justify;\">\n","protected":false},"excerpt":{"rendered":"<p>S\u00e3o 44 as equipas que se inscreveram na prova de abertura do CPR, entre as quais 7 estrangeiras e h\u00e1 nada menos que 16 Rally2 Se Dani Sordo (Hyundai i20 N Rally2) e o campe\u00e3o nacional Kris Meeke (Toyota Yaris Rally2) surgem, de forma indiscut\u00edvel, como cabe\u00e7as de cartaz do Campeonato de Portugal de Ralis\u20192025 [&hellip;]<\/p>\n","protected":false},"author":2,"featured_media":14440,"comment_status":"closed","ping_status":"open","sticky":false,"template":"","format":"standard","meta":{"_editorskit_title_hidden":false,"_editorskit_reading_time":0,"_editorskit_is_block_options_detached":false,"_editorskit_block_options_position":"{}","om_disable_all_campaigns":false,"_monsterinsights_skip_tracking":false,"_monsterinsights_sitenote_active":false,"_monsterinsights_sitenote_note":"","_monsterinsights_sitenote_category":0,"_uf_show_specific_survey":0,"_uf_disable_surveys":false,"site-sidebar-layout":"default","site-content-layout":"","ast-site-content-layout":"default","site-content-style":"default","site-sidebar-style":"default","ast-global-header-display":"","ast-banner-title-visibility":"","ast-main-header-display":"","ast-hfb-above-header-display":"","ast-hfb-below-header-display":"","ast-hfb-mobile-header-display":"","site-post-title":"","ast-breadcrumbs-content":"","ast-featured-img":"","footer-sml-layout":"","theme-transparent-header-meta":"default","adv-header-id-meta":"","stick-header-meta":"default","header-above-stick-meta":"","header-main-stick-meta":"","header-below-stick-meta":"","astra-migrate-meta-layouts":"set","ast-page-background-enabled":"default","ast-page-background-meta":{"desktop":{"background-color":"","background-image":"","background-repeat":"repeat","background-position":"center center","background-size":"auto","background-attachment":"scroll","background-type":"","background-media":"","overlay-type":"","overlay-color":"","overlay-opacity":"","overlay-gradient":""},"tablet":{"background-color":"","background-image":"","background-repeat":"repeat","background-position":"center center","background-size":"auto","background-attachment":"scroll","background-type":"","background-media":"","overlay-type":"","overlay-color":"","overlay-opacity":"","overlay-gradient":""},"mobile":{"background-color":"","background-image":"","background-repeat":"repeat","background-position":"center center","background-size":"auto","background-attachment":"scroll","background-type":"","background-media":"","overlay-type":"","overlay-color":"","overlay-opacity":"","overlay-gradient":""}},"ast-content-background-meta":{"desktop":{"background-color":"var(--ast-global-color-5)","background-image":"","background-repeat":"repeat","background-position":"center center","background-size":"auto","background-attachment":"scroll","background-type":"","background-media":"","overlay-type":"","overlay-color":"","overlay-opacity":"","overlay-gradient":""},"tablet":{"background-color":"var(--ast-global-color-5)","background-image":"","background-repeat":"repeat","background-position":"center center","background-size":"auto","background-attachment":"scroll","background-type":"","background-media":"","overlay-type":"","overlay-color":"","overlay-opacity":"","overlay-gradient":""},"mobile":{"background-color":"var(--ast-global-color-5)","background-image":"","background-repeat":"repeat","background-position":"center center","background-size":"auto","background-attachment":"scroll","background-type":"","background-media":"","overlay-type":"","overlay-color":"","overlay-opacity":"","overlay-gradient":""}},"footnotes":""},"categories":[11],"tags":[],"class_list":["post-14438","post","type-post","status-publish","format-standard","has-post-thumbnail","hentry","category-noticias"],"aioseo_notices":[],"_links":{"self":[{"href":"https:\/\/contarotacoes.com\/index.php?rest_route=\/wp\/v2\/posts\/14438","targetHints":{"allow":["GET"]}}],"collection":[{"href":"https:\/\/contarotacoes.com\/index.php?rest_route=\/wp\/v2\/posts"}],"about":[{"href":"https:\/\/contarotacoes.com\/index.php?rest_route=\/wp\/v2\/types\/post"}],"author":[{"embeddable":true,"href":"https:\/\/contarotacoes.com\/index.php?rest_route=\/wp\/v2\/users\/2"}],"replies":[{"embeddable":true,"href":"https:\/\/contarotacoes.com\/index.php?rest_route=%2Fwp%2Fv2%2Fcomments&post=14438"}],"version-history":[{"count":1,"href":"https:\/\/contarotacoes.com\/index.php?rest_route=\/wp\/v2\/posts\/14438\/revisions"}],"predecessor-version":[{"id":14441,"href":"https:\/\/contarotacoes.com\/index.php?rest_route=\/wp\/v2\/posts\/14438\/revisions\/14441"}],"wp:featuredmedia":[{"embeddable":true,"href":"https:\/\/contarotacoes.com\/index.php?rest_route=\/wp\/v2\/media\/14440"}],"wp:attachment":[{"href":"https:\/\/contarotacoes.com\/index.php?rest_route=%2Fwp%2Fv2%2Fmedia&parent=14438"}],"wp:term":[{"taxonomy":"category","embeddable":true,"href":"https:\/\/contarotacoes.com\/index.php?rest_route=%2Fwp%2Fv2%2Fcategories&post=14438"},{"taxonomy":"post_tag","embeddable":true,"href":"https:\/\/contarotacoes.com\/index.php?rest_route=%2Fwp%2Fv2%2Ftags&post=14438"}],"curies":[{"name":"wp","href":"https:\/\/api.w.org\/{rel}","templated":true}]}}