{"id":14366,"date":"2025-02-28T18:05:01","date_gmt":"2025-02-28T18:05:01","guid":{"rendered":"https:\/\/contarotacoes.com\/?p=14366"},"modified":"2025-02-28T18:08:56","modified_gmt":"2025-02-28T18:08:56","slug":"renovado-rali-da-bairrada-marca-arranque-do-campeonato-centro-de-ralis-no-fim-de-semana","status":"publish","type":"post","link":"https:\/\/contarotacoes.com\/?p=14366","title":{"rendered":"Renovado Rali da Bairrada marca arranque do Campeonato Centro de Ralis no fim de semana"},"content":{"rendered":"<p><strong><u>Emo\u00e7\u00f5es da competi\u00e7\u00e3o autom\u00f3vel regressam a Vagos no fim de semana<\/u><\/strong><strong>\u00a0<\/strong><\/p>\n<p style=\"text-align: justify;\">A 4\u00aa edi\u00e7\u00e3o do Rali da Bairrada lan\u00e7a oficialmente o Campeonato Centro de Ralis (CCR) e Campeonato Centro de Ralis 2RM (CCR 2RM) 2025, j\u00e1 no pr\u00f3ximo fim de semana. Com os principais protagonistas destas competi\u00e7\u00f5es a responderem \u00e0 chamada do Targa Clube, n\u00e3o v\u00e3o faltar momentos de pura adrenalina nas sete classificativas que comp\u00f5e a prova, centralizada em Vagos.<\/p>\n<p style=\"text-align: justify;\">Prontos para a a\u00e7\u00e3o? Mais de 30 equipas responderam afirmativamente \u00e0 quest\u00e3o, prometendo oferecer muita emo\u00e7\u00e3o ao Rali da Bairrada, que volta \u00e0 estrada, ap\u00f3s dois anos de interregno.<\/p>\n<p style=\"text-align: justify;\">Agora sob a chancela desportiva do Targa Clube, a promo\u00e7\u00e3o da XRacing e o apoio do Munic\u00edpio de Vagos, a 4\u00aa edi\u00e7\u00e3o da prova assinala o arranque do Campeonato de Ralis Centro e do Campeonato de Ralis Centro 2 Rodas Motrizes, antecipando quem ser\u00e3o as \u201cpersonagens principais\u201d destas duas competi\u00e7\u00f5es ao longo dos nove ralis que comp\u00f5e os dois campeonatos.<\/p>\n<p style=\"text-align: justify;\">E \u00e9, precisamente, no plano desportivo que a prova ganha maior interesse, quando, \u00e0 partida, est\u00e1 garantida a presen\u00e7a de alguns nomes de cr\u00e9ditos firmados na \u201cfam\u00edlia\u201d dos ralis, n\u00e3o faltando, por isso, favoritos \u00e0 vit\u00f3ria final.<\/p>\n<p style=\"text-align: justify;\">Entre eles, destaque para o madeirense Miguel Caires, que estrear\u00e1 o Skoda Fabia RS Rally 2 (com o objetivo de preparar o Campeonato de Ralis da Madeira), mas igualmente para o vencedor da \u00faltima edi\u00e7\u00e3o da prova, o espanhol Jorge P\u00e9rez Alonso, que tudo far\u00e1 para voltar a subir ao lugar mais alto do p\u00f3dio, no Porsche 991 GT3 Cup. Em carro id\u00eantico, Paulo Carvalheira tamb\u00e9m aponta para o triunfo, com muito espet\u00e1culo \u00e0 mistura.<\/p>\n<p style=\"text-align: justify;\">Andr\u00e9 Cabe\u00e7as, no competitivo Ford Fiesta R5, ser\u00e1, por certo, tamb\u00e9m um dos principais intervenientes na a\u00e7\u00e3o e um dos mais fortes candidatos aos triunfo entre os concorrentes do Campeonato Centro de Ralis, onde o atual Campe\u00e3o Start Centro, Daniel Ferreira, em Mitsubishi Lancer Evo IX, promete vender cara a derrota.<\/p>\n<p style=\"text-align: justify;\">Esquecido tamb\u00e9m n\u00e3o pode ser o atual Campe\u00e3o Nacional de Cl\u00e1ssicos Ralis, Lu\u00eds Mota, ao volante do Mitsubishi Lancer Evo V, bem como Ant\u00f3nio Cruz Monteiro, num Peugeot 208 T16, ambos bem posicionados para lutarem pelas posi\u00e7\u00f5es cimeiras do CCR, ambi\u00e7\u00e3o com que chega tamb\u00e9m o piloto local e Campe\u00e3o de Cl\u00e1ssicos em 2023, Nuno Mateus, aos comandos de um Mitsubishi Lancer Evo VI.<\/p>\n<p style=\"text-align: justify;\">Disputado em pisos de asfalto, ao longo de sete provas especiais, o Rali da Bairrada, percorre algumas das mais seletivas estradas do concelho da Regi\u00e3o Centro, pondo \u00e0 prova as capacidades das equipas, ao longo de 64,85 km cronometrados, que integram um percurso total de 141,99 km.<\/p>\n<p style=\"text-align: justify;\">As \u201chostilidades\u201d come\u00e7am no s\u00e1bado, ap\u00f3s a tradicional Cerim\u00f3nia de Partida, marcada para as 20h15, junto ao Tribunal de Vagos. A Super Especial da Vagueira (3,1 km), percorrida por duas vezes, \u00e0s 21h00 e 21h21, d\u00e1 o mote para o arranque da competi\u00e7\u00e3o, proporcionando um espet\u00e1culo \u00fanico aos milhares de espectadores esperados na zona, junto \u00e0 praia, num dos mais emblem\u00e1ticos destinos balneares da regi\u00e3o.<\/p>\n<p style=\"text-align: justify;\">Mas o principal a\u00e7\u00e3o competitiva do rali acontecer\u00e1 j\u00e1 no domingo, com as equipas a enfrentarem um intenso desafio, ao longo de mais seis provas especiais. A tripla passagem, alternada, pelos tro\u00e7os de Vagos\/PES (8,40 km) \u2013 \u00e0s 10h45, 12h00 e 14h35 &#8211; e Vagos\/ZIV (11,15 km) \u2013 \u00e0s 11h25, 14h00 e 15h15 &#8211; dar\u00e1 a nota competitiva do dia e ajudar\u00e1, certamente, a apurar os vencedores e a definir o restante escalonamento da tabela classificativa.<\/p>\n<p style=\"text-align: justify;\">Entre as classificativas, os concorrentes ter\u00e3o oportunidade de passar pelo Parque de Assist\u00eancia (Pavilh\u00e3o Municipal de Vagos), onde o p\u00fablico poder\u00e1 ver de perto as m\u00e1quinas e interagir com os pilotos. O grande desfecho da prova est\u00e1 agendado para as 16h00, novamente junto ao Tribunal de Vagos, num ambiente de festa para os amantes do automobilismo.<\/p>\n<p style=\"text-align: justify;\">No entanto, as emo\u00e7\u00f5es do Rali da Bairrada, n\u00e3o se esgotam nas provas especiais e parque de partida, chegada e assist\u00eancia de Vagos. O evento contemplar\u00e1 tamb\u00e9m um encontro de carros desportivos, superdesportivos e cl\u00e1ssicos, que juntar\u00e3o cerca de 50 de alguns dos modelos mais ic\u00f3nicos de prestigiadas marcas como Porsche, Lamborghini, Jaguar, BMW, Mercedes-Benz, Audi, Chevrolet ou ainda outras como Lancia, Mitsubishi ou Subaru, cujos modelos ter\u00e3o a particularidade de evocar \u00e0 nostalgia dos ralis.<\/p>\n<p style=\"text-align: justify;\">A concentra\u00e7\u00e3o ter\u00e1 lugar no domingo, a partir das 15h00, junto ao Parque Fechado (Parque da Quinta do Ega) e ser\u00e1, certamente, tamb\u00e9m mais um dos momentos altos e inesquec\u00edveis do Rali da Bairrada 2025.<\/p>\n<p><a href=\"https:\/\/contarotacoes.com\/wp-content\/uploads\/2025\/02\/PROGRAMA_RALI_BAIRRADA_2025.02.pdf\">PROGRAMA_RALI_BAIRRADA_2025.02<\/a><\/p>\n<p><a href=\"https:\/\/contarotacoes.com\/wp-content\/uploads\/2025\/02\/Mapas.pdf\">Mapas<\/a><\/p>\n<p><a href=\"https:\/\/contarotacoes.com\/wp-content\/uploads\/2025\/02\/Lista-de-Inscritos.pdf\">Lista de Inscritos<\/a><\/p>\n","protected":false},"excerpt":{"rendered":"<p>Emo\u00e7\u00f5es da competi\u00e7\u00e3o autom\u00f3vel regressam a Vagos no fim de semana\u00a0 A 4\u00aa edi\u00e7\u00e3o do Rali da Bairrada lan\u00e7a oficialmente o Campeonato Centro de Ralis (CCR) e Campeonato Centro de Ralis 2RM (CCR 2RM) 2025, j\u00e1 no pr\u00f3ximo fim de semana. Com os principais protagonistas destas competi\u00e7\u00f5es a responderem \u00e0 chamada do Targa Clube, n\u00e3o [&hellip;]<\/p>\n","protected":false},"author":2,"featured_media":14367,"comment_status":"closed","ping_status":"open","sticky":false,"template":"","format":"standard","meta":{"_editorskit_title_hidden":false,"_editorskit_reading_time":0,"_editorskit_is_block_options_detached":false,"_editorskit_block_options_position":"{}","om_disable_all_campaigns":false,"_monsterinsights_skip_tracking":false,"_monsterinsights_sitenote_active":false,"_monsterinsights_sitenote_note":"","_monsterinsights_sitenote_category":0,"_uf_show_specific_survey":0,"_uf_disable_surveys":false,"site-sidebar-layout":"default","site-content-layout":"","ast-site-content-layout":"default","site-content-style":"default","site-sidebar-style":"default","ast-global-header-display":"","ast-banner-title-visibility":"","ast-main-header-display":"","ast-hfb-above-header-display":"","ast-hfb-below-header-display":"","ast-hfb-mobile-header-display":"","site-post-title":"","ast-breadcrumbs-content":"","ast-featured-img":"","footer-sml-layout":"","theme-transparent-header-meta":"default","adv-header-id-meta":"","stick-header-meta":"default","header-above-stick-meta":"","header-main-stick-meta":"","header-below-stick-meta":"","astra-migrate-meta-layouts":"set","ast-page-background-enabled":"default","ast-page-background-meta":{"desktop":{"background-color":"","background-image":"","background-repeat":"repeat","background-position":"center center","background-size":"auto","background-attachment":"scroll","background-type":"","background-media":"","overlay-type":"","overlay-color":"","overlay-opacity":"","overlay-gradient":""},"tablet":{"background-color":"","background-image":"","background-repeat":"repeat","background-position":"center center","background-size":"auto","background-attachment":"scroll","background-type":"","background-media":"","overlay-type":"","overlay-color":"","overlay-opacity":"","overlay-gradient":""},"mobile":{"background-color":"","background-image":"","background-repeat":"repeat","background-position":"center center","background-size":"auto","background-attachment":"scroll","background-type":"","background-media":"","overlay-type":"","overlay-color":"","overlay-opacity":"","overlay-gradient":""}},"ast-content-background-meta":{"desktop":{"background-color":"var(--ast-global-color-5)","background-image":"","background-repeat":"repeat","background-position":"center center","background-size":"auto","background-attachment":"scroll","background-type":"","background-media":"","overlay-type":"","overlay-color":"","overlay-opacity":"","overlay-gradient":""},"tablet":{"background-color":"var(--ast-global-color-5)","background-image":"","background-repeat":"repeat","background-position":"center center","background-size":"auto","background-attachment":"scroll","background-type":"","background-media":"","overlay-type":"","overlay-color":"","overlay-opacity":"","overlay-gradient":""},"mobile":{"background-color":"var(--ast-global-color-5)","background-image":"","background-repeat":"repeat","background-position":"center center","background-size":"auto","background-attachment":"scroll","background-type":"","background-media":"","overlay-type":"","overlay-color":"","overlay-opacity":"","overlay-gradient":""}},"footnotes":""},"categories":[11],"tags":[],"class_list":["post-14366","post","type-post","status-publish","format-standard","has-post-thumbnail","hentry","category-noticias"],"aioseo_notices":[],"_links":{"self":[{"href":"https:\/\/contarotacoes.com\/index.php?rest_route=\/wp\/v2\/posts\/14366","targetHints":{"allow":["GET"]}}],"collection":[{"href":"https:\/\/contarotacoes.com\/index.php?rest_route=\/wp\/v2\/posts"}],"about":[{"href":"https:\/\/contarotacoes.com\/index.php?rest_route=\/wp\/v2\/types\/post"}],"author":[{"embeddable":true,"href":"https:\/\/contarotacoes.com\/index.php?rest_route=\/wp\/v2\/users\/2"}],"replies":[{"embeddable":true,"href":"https:\/\/contarotacoes.com\/index.php?rest_route=%2Fwp%2Fv2%2Fcomments&post=14366"}],"version-history":[{"count":4,"href":"https:\/\/contarotacoes.com\/index.php?rest_route=\/wp\/v2\/posts\/14366\/revisions"}],"predecessor-version":[{"id":14374,"href":"https:\/\/contarotacoes.com\/index.php?rest_route=\/wp\/v2\/posts\/14366\/revisions\/14374"}],"wp:featuredmedia":[{"embeddable":true,"href":"https:\/\/contarotacoes.com\/index.php?rest_route=\/wp\/v2\/media\/14367"}],"wp:attachment":[{"href":"https:\/\/contarotacoes.com\/index.php?rest_route=%2Fwp%2Fv2%2Fmedia&parent=14366"}],"wp:term":[{"taxonomy":"category","embeddable":true,"href":"https:\/\/contarotacoes.com\/index.php?rest_route=%2Fwp%2Fv2%2Fcategories&post=14366"},{"taxonomy":"post_tag","embeddable":true,"href":"https:\/\/contarotacoes.com\/index.php?rest_route=%2Fwp%2Fv2%2Ftags&post=14366"}],"curies":[{"name":"wp","href":"https:\/\/api.w.org\/{rel}","templated":true}]}}