{"id":14223,"date":"2025-02-22T23:44:43","date_gmt":"2025-02-22T23:44:43","guid":{"rendered":"https:\/\/contarotacoes.com\/?p=14223"},"modified":"2025-02-22T23:44:43","modified_gmt":"2025-02-22T23:44:43","slug":"rali-da-bairrada-2025-foi-hoje-apresentado","status":"publish","type":"post","link":"https:\/\/contarotacoes.com\/?p=14223","title":{"rendered":"Rali da Bairrada 2025 foi hoje apresentado"},"content":{"rendered":"<ul>\n<li style=\"text-align: justify;\"><strong>Campeonato Centro de Ralis arranca em Vagos\u00a0<\/strong><\/li>\n<li style=\"text-align: justify;\"><strong>Rali da Bairrada 2025: regresso cheio de emo\u00e7\u00e3o!<\/strong><\/li>\n<\/ul>\n<p style=\"text-align: justify;\">O Rali da Bairrada est\u00e1 de regresso j\u00e1 nos pr\u00f3ximos dia 1 e 2 de mar\u00e7o, servindo de palco de abertura ao Campeonato Centro de Ralis (CCR) e Campeonato Centro de Ralis 2RM (CCR 2RM). Vagos \u00e9 o centro nevr\u00e1lgico da competi\u00e7\u00e3o, onde adrenalina e anima\u00e7\u00e3o n\u00e3o v\u00e3o faltar.<span style=\"font-size: 16px;\">\u00a0<\/span><\/p>\n<p style=\"text-align: justify;\">Ap\u00f3s um interregno de dois anos, o Rali da Bairrada volta \u00e0 estrada, nos dias 1 e 2 de mar\u00e7o, proporcionando aos adeptos do desporto autom\u00f3vel, em geral, e dos ralis, em particular, um cocktail de emo\u00e7\u00f5es fortes para ser vivido intensamente!<\/p>\n<p style=\"text-align: justify;\">Assinalando o arranque do Campeonato de Ralis Centro (CRC) e do Campeonato de Ralis Centro 2 Rodas Motrizes (CRC 2RM), a quarta edi\u00e7\u00e3o da prova tem agora a organiza\u00e7\u00e3o do Targa Clube, contando ainda com a promo\u00e7\u00e3o da XRacing e o imprescind\u00edvel apoio da C\u00e2mara Municipal de Vagos.<\/p>\n<p style=\"text-align: justify;\">De resto, Vagos assume-se mesmo como o centro nevr\u00e1gico da Rali da Bairrada, num evento onde espet\u00e1culo e adrenalina andar\u00e3o de \u201cm\u00e3os dadas\u201d, conferindo \u00e0 prova o estatuto de um dos principais ralis regionais disputados em Portugal.<\/p>\n<p style=\"text-align: justify;\">No plano t\u00e9cnico, o Rali da Bairrada, disputado em pisos de asfalto, percorre algumas das mais seletivas estradas do concelho da Regi\u00e3o Centro, pondo \u00e0 prova as capacidades dos participantes, ao longo de sete exigentes provas especiais e 64,85 km cronometrados, que integram um percurso total de 141,99 km.<\/p>\n<p style=\"text-align: justify;\">O dia de s\u00e1bado, 1 de mar\u00e7o, marca o arranque da prova. A cerim\u00f3nia de partida, junto ao Tribunal Judicial de Vagos (20h00) concentrar\u00e1 as primeiras emo\u00e7\u00f5es, antecedendo a Super Especial da Vagueira, percorrida por duas vezes, e que promete, nos seus 3,1 km de extens\u00e3o, proporcionar um espet\u00e1culo \u00fanico aos milhares de espectadores esperados na zona, junto \u00e0 praia, num dos mais emblem\u00e1ticos destinos balneares da regi\u00e3o.<\/p>\n<p style=\"text-align: justify;\">Contudo, o principal foco competitivo do rali acontecer\u00e1 j\u00e1 no domingo, 2 de mar\u00e7o, com as equipas a enfrentarem um intenso desafio, ao longo de mais seis provas especiais. A tripla passagem, alternada, pelos tro\u00e7os de Vagos\/PES (8,40 km) e ZIV (Zona Industrial de Vagos) (11,15 km) ser\u00e1 certamente decisiva para encontrar os vencedores.<\/p>\n<p style=\"text-align: justify;\">Entre as classificativas, os concorrentes ter\u00e3o oportunidade de passar pelo Parque de Assist\u00eancia (Pavilh\u00e3o Municipal de Vagos), onde o p\u00fablico poder\u00e1 ver de perto as m\u00e1quinas e interagir com os pilotos. O grande desfecho da prova est\u00e1 agendado para as 16h00, novamente junto ao Tribunal Judicial de Vagos, num ambiente de festa para os amantes do automobilismo.<\/p>\n<p style=\"text-align: justify;\">No cap\u00edtulo desportivo e numa altura em que as inscri\u00e7\u00f5es ainda decorrem at\u00e9 ao pr\u00f3ximo dia 24 de fevereiro, h\u00e1 j\u00e1 a registar a confirma\u00e7\u00e3o de alguns nomes de peso. Em destaque, a presen\u00e7a do madeirense Miguel Caires, que estrear\u00e1 o Skoda Fabia RS Rally 2, mas tamb\u00e9m de Jorge P\u00e9rez Alonso, vencedor da \u00faltima edi\u00e7\u00e3o da prova, ao volante do espetacular Porsche 991 GT3 Cup, e que ter\u00e1 a companhia de Paulo Carvalheira, em carro id\u00eantico. Entre os favoritos ao triunfo, tamb\u00e9m se encontra Andr\u00e9 Cabe\u00e7as, num competitivo Ford Fiesta R5. Esquecido n\u00e3o pode ficar igualmente o atual Campe\u00e3o Nacional de Cl\u00e1ssicos Ralis, Lu\u00eds Mota, ao volante do Mitsubishi Carisma GT Evo VI, bem como Ant\u00f3nio Cruz Monteiro, aos comandos de um Peugeot 208 T16.<\/p>\n<p style=\"text-align: justify;\">Mas as emo\u00e7\u00f5es do Rali da Bairrada n\u00e3o se esgotam nas provas especiais e parque de partida, chegada e assist\u00eancia de Vagos. O evento contemplar\u00e1 tamb\u00e9m um encontro de carros desportivos e superdesportivos, que reunir\u00e1 modelos ic\u00f3nico de algumas das mais prestigiadas marcas como Ferrari, Porsche, Lamborghini, Jaguar, BMW ou Mercedes-Benz, a que se juntar\u00e3o alguns cl\u00e1ssicos desportivos de refer\u00eancia, com hist\u00f3ria marcante nos ralis, de que o Lancia Delta, o Mitsubishi Lancer ou o Subaru Impreza s\u00e3o excelentes exemplos. A concentra\u00e7\u00e3o acontecer\u00e1 no domingo (2 de mar\u00e7o), a partir das 14h00, junto ao Parque Fechado (Parque da Quinta do Ega) e promete fazer tamb\u00e9m disparar a adrenalina dos entusiastas.<\/p>\n<p style=\"text-align: justify;\">Segundo Fernando Batista, presidente do Targa Clube, \u201co Rali da Bairrada constituir\u00e1 uma prova de vitalidade para o clube, mas, sobretudo, proporcionar\u00e1 aos participantes e p\u00fablico muitas emo\u00e7\u00f5es, pela seletividade dos tro\u00e7os que o comp\u00f5e, num percurso bastante concentrado e que privilegia a beleza da Regi\u00e3o Centro, nomeadamente, de Vagos e das suas zonas lim\u00edtrofes\u201d.<\/p>\n<p style=\"text-align: justify;\">J\u00e1 para Jo\u00e3o Paulo Sousa, presidente da C\u00e2mara Municipal de Vagos, o impacto positivo do evento \u00e9 ineg\u00e1vel, salientando o respons\u00e1vel da edilidade que \u201cpara o Munic\u00edpio de Vagos, o Rali da Bairrada \u00e9 uma aposta de presente e que, espero, se possa manter no futuro. Somos uma regi\u00e3o que vibra com o Motorsport e que tem pilotos de refer\u00eancia\u201d. O autarca acredita que \u201ccom o empenho de todos os envolvidos temos a convic\u00e7\u00e3o que os dias 1 e 2 de mar\u00e7o ser\u00e3o uma grande festa do desporto autom\u00f3vel tanto para o concelho como para a regi\u00e3o.\u201d<\/p>\n<p style=\"text-align: justify;\">A prova organizada pelo Targa Clube promete assim muita emo\u00e7\u00e3o e competi\u00e7\u00e3o, proporcionando um grande espet\u00e1culo a todos os f\u00e3s da modalidade.<\/p>\n","protected":false},"excerpt":{"rendered":"<p>Campeonato Centro de Ralis arranca em Vagos\u00a0 Rali da Bairrada 2025: regresso cheio de emo\u00e7\u00e3o! O Rali da Bairrada est\u00e1 de regresso j\u00e1 nos pr\u00f3ximos dia 1 e 2 de mar\u00e7o, servindo de palco de abertura ao Campeonato Centro de Ralis (CCR) e Campeonato Centro de Ralis 2RM (CCR 2RM). Vagos \u00e9 o centro nevr\u00e1lgico [&hellip;]<\/p>\n","protected":false},"author":2,"featured_media":14224,"comment_status":"closed","ping_status":"open","sticky":false,"template":"","format":"standard","meta":{"_editorskit_title_hidden":false,"_editorskit_reading_time":0,"_editorskit_is_block_options_detached":false,"_editorskit_block_options_position":"{}","om_disable_all_campaigns":false,"_monsterinsights_skip_tracking":false,"_monsterinsights_sitenote_active":false,"_monsterinsights_sitenote_note":"","_monsterinsights_sitenote_category":0,"_uf_show_specific_survey":0,"_uf_disable_surveys":false,"site-sidebar-layout":"default","site-content-layout":"","ast-site-content-layout":"default","site-content-style":"default","site-sidebar-style":"default","ast-global-header-display":"","ast-banner-title-visibility":"","ast-main-header-display":"","ast-hfb-above-header-display":"","ast-hfb-below-header-display":"","ast-hfb-mobile-header-display":"","site-post-title":"","ast-breadcrumbs-content":"","ast-featured-img":"","footer-sml-layout":"","theme-transparent-header-meta":"default","adv-header-id-meta":"","stick-header-meta":"default","header-above-stick-meta":"","header-main-stick-meta":"","header-below-stick-meta":"","astra-migrate-meta-layouts":"set","ast-page-background-enabled":"default","ast-page-background-meta":{"desktop":{"background-color":"","background-image":"","background-repeat":"repeat","background-position":"center center","background-size":"auto","background-attachment":"scroll","background-type":"","background-media":"","overlay-type":"","overlay-color":"","overlay-opacity":"","overlay-gradient":""},"tablet":{"background-color":"","background-image":"","background-repeat":"repeat","background-position":"center center","background-size":"auto","background-attachment":"scroll","background-type":"","background-media":"","overlay-type":"","overlay-color":"","overlay-opacity":"","overlay-gradient":""},"mobile":{"background-color":"","background-image":"","background-repeat":"repeat","background-position":"center center","background-size":"auto","background-attachment":"scroll","background-type":"","background-media":"","overlay-type":"","overlay-color":"","overlay-opacity":"","overlay-gradient":""}},"ast-content-background-meta":{"desktop":{"background-color":"var(--ast-global-color-5)","background-image":"","background-repeat":"repeat","background-position":"center center","background-size":"auto","background-attachment":"scroll","background-type":"","background-media":"","overlay-type":"","overlay-color":"","overlay-opacity":"","overlay-gradient":""},"tablet":{"background-color":"var(--ast-global-color-5)","background-image":"","background-repeat":"repeat","background-position":"center center","background-size":"auto","background-attachment":"scroll","background-type":"","background-media":"","overlay-type":"","overlay-color":"","overlay-opacity":"","overlay-gradient":""},"mobile":{"background-color":"var(--ast-global-color-5)","background-image":"","background-repeat":"repeat","background-position":"center center","background-size":"auto","background-attachment":"scroll","background-type":"","background-media":"","overlay-type":"","overlay-color":"","overlay-opacity":"","overlay-gradient":""}},"footnotes":""},"categories":[11],"tags":[],"class_list":["post-14223","post","type-post","status-publish","format-standard","has-post-thumbnail","hentry","category-noticias"],"aioseo_notices":[],"_links":{"self":[{"href":"https:\/\/contarotacoes.com\/index.php?rest_route=\/wp\/v2\/posts\/14223","targetHints":{"allow":["GET"]}}],"collection":[{"href":"https:\/\/contarotacoes.com\/index.php?rest_route=\/wp\/v2\/posts"}],"about":[{"href":"https:\/\/contarotacoes.com\/index.php?rest_route=\/wp\/v2\/types\/post"}],"author":[{"embeddable":true,"href":"https:\/\/contarotacoes.com\/index.php?rest_route=\/wp\/v2\/users\/2"}],"replies":[{"embeddable":true,"href":"https:\/\/contarotacoes.com\/index.php?rest_route=%2Fwp%2Fv2%2Fcomments&post=14223"}],"version-history":[{"count":1,"href":"https:\/\/contarotacoes.com\/index.php?rest_route=\/wp\/v2\/posts\/14223\/revisions"}],"predecessor-version":[{"id":14225,"href":"https:\/\/contarotacoes.com\/index.php?rest_route=\/wp\/v2\/posts\/14223\/revisions\/14225"}],"wp:featuredmedia":[{"embeddable":true,"href":"https:\/\/contarotacoes.com\/index.php?rest_route=\/wp\/v2\/media\/14224"}],"wp:attachment":[{"href":"https:\/\/contarotacoes.com\/index.php?rest_route=%2Fwp%2Fv2%2Fmedia&parent=14223"}],"wp:term":[{"taxonomy":"category","embeddable":true,"href":"https:\/\/contarotacoes.com\/index.php?rest_route=%2Fwp%2Fv2%2Fcategories&post=14223"},{"taxonomy":"post_tag","embeddable":true,"href":"https:\/\/contarotacoes.com\/index.php?rest_route=%2Fwp%2Fv2%2Ftags&post=14223"}],"curies":[{"name":"wp","href":"https:\/\/api.w.org\/{rel}","templated":true}]}}