{"id":14124,"date":"2025-02-19T20:29:56","date_gmt":"2025-02-19T20:29:56","guid":{"rendered":"https:\/\/contarotacoes.com\/?p=14124"},"modified":"2025-02-20T20:37:48","modified_gmt":"2025-02-20T20:37:48","slug":"ivan-domingues-com-primeiro-dia-muito-positivo-nos-testes-oficiais-de-barcelona","status":"publish","type":"post","link":"https:\/\/contarotacoes.com\/?p=14124","title":{"rendered":"Ivan Domingues com primeiro dia \u201cmuito positivo\u201d nos testes oficiais de Barcelona"},"content":{"rendered":"<div style=\"text-align: justify;\">O jovem de Leiria, primeiro piloto portugu\u00eas no mundial FIA de F\u00f3rmula 3, em 12 anos, iniciou os testes de Barcelona com uma \u201cexcelente adapta\u00e7\u00e3o ao novo carro\u201d e cotou-se mesmo como um dos melhores rookies em pista, com o 7\u00ba tempo na sess\u00e3o matinal. Seguem-se mais dois dias de trabalho. \u201cVamos tentar retirar a m\u00e1xima aprendizagem e evolu\u00e7\u00e3o deste ambiente supercompetitivo na F\u00f3rmula 3\u201d<\/div>\n<div style=\"text-align: justify;\"><\/div>\n<div style=\"text-align: justify;\">Ivan Domingues, piloto portugu\u00eas de 18 anos que assinou contrato com a prestigiada equipa dos Pa\u00edses Baixos, Van Amersfoort Racing (VAR), para cumprir na \u00edntegra a temporada 2025 do Campeonato FIA de F\u00f3rmula 3, cumpriu hoje o primeiro dia de testes oficiais em Barcelona com um balan\u00e7o \u201cmuito positivo, de excelente adapta\u00e7\u00e3o ao novo carro\u201d, dando at\u00e9 boas indica\u00e7\u00f5es no cron\u00f3metro (7\u00ba mais r\u00e1pido e um dos melhores rookies em pista na sess\u00e3o da manh\u00e3).<\/div>\n<div style=\"text-align: justify;\">\u201cFoi um \u00f3timo dia de trabalho e de adapta\u00e7\u00e3o. As primeiras sensa\u00e7\u00f5es no novo carro foram muito positivas e ensai\u00e1mos v\u00e1rias solu\u00e7\u00f5es de aerodin\u00e2mica e de pneus. Tivemos apenas um percal\u00e7o t\u00e9cnico na sess\u00e3o da tarde, em que rod\u00e1mos sempre sem DRS. O primeiro objetivo n\u00e3o passa pelos tempos, queremos sobretudo evoluir, conhecer o carro e testar diversas solu\u00e7\u00f5es, mas obviamente, se poss\u00edvel, gostamos sempre de ir um bocadinho mais r\u00e1pido&#8230;\u201d, brincou o piloto, que registou o 21\u00ba melhor tempo da sess\u00e3o vespertina. \u201cSabemos da competitividade extrema que temos pela frente na F\u00f3rmula 3. Cabem 20 pilotos em praticamente um segundo e um detalhe pode fazer a diferen\u00e7a entre estar a lutar pelo p\u00f3dio ou estar nos \u00faltimos 10. Vamos tentar retirar a m\u00e1xima aprendizagem e evolu\u00e7\u00e3o deste ambiente supercompetitivo, para continuar a crescer\u201d, afirmou o jovem natural de Leiria.<\/div>\n<div style=\"text-align: justify;\">Ivan Domingues enfrenta mais dois dias de testes esta quinta e sexta-feira.\u00a0A temporada oficial arranca no Grande Pr\u00e9mio da Austr\u00e1lia (14 a 16 de mar\u00e7o). O piloto da VAR ser\u00e1 o primeiro portugu\u00eas a cumprir na \u00edntegra o Mundial de F\u00f3rmula 3, 12 anos depois de Ant\u00f3nio F\u00e9lix da Costa, naquela que \u00e9 uma das principais etapas de acesso \u00e0 F\u00f3rmula 1. O Campeonato do Mundo FIA de F\u00f3rmula 3, que acompanha o \u2018circo\u2019 da F\u00f3rmula 1 num total de dez Grandes Pr\u00e9mios, prossegue depois no Bahrain \u2013 Sakhir, It\u00e1lia \u2013 \u00cdmola, M\u00f3naco \u2013 Monte Carlo, Espanha \u2013 Barcelona, \u00c1ustria \u2013 Splielberg, Gr\u00e3-Bretanha \u2013 Silverstone, B\u00e9lgica \u2013 Spa Francorchamps, Hungria \u2013 Budapeste, e It\u00e1lia \u2013 Monza). Cada fim-de-semana oferece duas corridas, com a particularidade de a primeira (Sprint Race) arrancar com os 12 primeiros classificados da grelha de partida em posi\u00e7\u00f5es invertidas.<\/div>\n<div style=\"text-align: justify;\"><\/div>\n<div style=\"text-align: justify;\"><strong>Sobre Ivan Domingues<\/strong><\/div>\n<div style=\"text-align: justify;\">Ivan Domingues (Leiria, 5\/5\/2006) come\u00e7ou no karting, inspirado pelo pai e pelo irm\u00e3o, quando tinha apenas 8 anos de idade. Aos 9 anos participou no primeiro campeonato de Portugal. Conquistou a Ta\u00e7a de Portugal de Karting e foi Vice-Campe\u00e3o Nacional em 2017, 2018 e 2019. Aos 14 anos mudou-se para It\u00e1lia, para profissionalizar a sua forma\u00e7\u00e3o e dar o salto para a F\u00f3rmula 4. Na \u00e9poca passada, em 2024, j\u00e1 na FRECA (F\u00f3rmula Regional Europeia by Alpine), destacou-se como um dos melhores estreantes (dois p\u00f3dios e melhor rookie em 3 corridas). Em 2025 deu o salto para o Campeonato FIA de F\u00f3rmula 3, uma das principais antec\u00e2meras da F\u00f3rmula 1, cumprindo a \u00e9poca completa ao servi\u00e7o da prestigiada Van Amersfoort Racing (VAR). Tem como refer\u00eancias Ayrton Senna e Max Verstappen. Al\u00e9m dos autom\u00f3veis, \u00e9 um apaixonado por desporto e animais.<\/div>\n","protected":false},"excerpt":{"rendered":"<p>O jovem de Leiria, primeiro piloto portugu\u00eas no mundial FIA de F\u00f3rmula 3, em 12 anos, iniciou os testes de Barcelona com uma \u201cexcelente adapta\u00e7\u00e3o ao novo carro\u201d e cotou-se mesmo como um dos melhores rookies em pista, com o 7\u00ba tempo na sess\u00e3o matinal. Seguem-se mais dois dias de trabalho. \u201cVamos tentar retirar a [&hellip;]<\/p>\n","protected":false},"author":2,"featured_media":14125,"comment_status":"closed","ping_status":"open","sticky":false,"template":"","format":"standard","meta":{"_editorskit_title_hidden":false,"_editorskit_reading_time":0,"_editorskit_is_block_options_detached":false,"_editorskit_block_options_position":"{}","om_disable_all_campaigns":false,"_monsterinsights_skip_tracking":false,"_monsterinsights_sitenote_active":false,"_monsterinsights_sitenote_note":"","_monsterinsights_sitenote_category":0,"_uf_show_specific_survey":0,"_uf_disable_surveys":false,"site-sidebar-layout":"default","site-content-layout":"","ast-site-content-layout":"default","site-content-style":"default","site-sidebar-style":"default","ast-global-header-display":"","ast-banner-title-visibility":"","ast-main-header-display":"","ast-hfb-above-header-display":"","ast-hfb-below-header-display":"","ast-hfb-mobile-header-display":"","site-post-title":"","ast-breadcrumbs-content":"","ast-featured-img":"","footer-sml-layout":"","theme-transparent-header-meta":"default","adv-header-id-meta":"","stick-header-meta":"default","header-above-stick-meta":"","header-main-stick-meta":"","header-below-stick-meta":"","astra-migrate-meta-layouts":"set","ast-page-background-enabled":"default","ast-page-background-meta":{"desktop":{"background-color":"","background-image":"","background-repeat":"repeat","background-position":"center center","background-size":"auto","background-attachment":"scroll","background-type":"","background-media":"","overlay-type":"","overlay-color":"","overlay-opacity":"","overlay-gradient":""},"tablet":{"background-color":"","background-image":"","background-repeat":"repeat","background-position":"center center","background-size":"auto","background-attachment":"scroll","background-type":"","background-media":"","overlay-type":"","overlay-color":"","overlay-opacity":"","overlay-gradient":""},"mobile":{"background-color":"","background-image":"","background-repeat":"repeat","background-position":"center center","background-size":"auto","background-attachment":"scroll","background-type":"","background-media":"","overlay-type":"","overlay-color":"","overlay-opacity":"","overlay-gradient":""}},"ast-content-background-meta":{"desktop":{"background-color":"var(--ast-global-color-5)","background-image":"","background-repeat":"repeat","background-position":"center center","background-size":"auto","background-attachment":"scroll","background-type":"","background-media":"","overlay-type":"","overlay-color":"","overlay-opacity":"","overlay-gradient":""},"tablet":{"background-color":"var(--ast-global-color-5)","background-image":"","background-repeat":"repeat","background-position":"center center","background-size":"auto","background-attachment":"scroll","background-type":"","background-media":"","overlay-type":"","overlay-color":"","overlay-opacity":"","overlay-gradient":""},"mobile":{"background-color":"var(--ast-global-color-5)","background-image":"","background-repeat":"repeat","background-position":"center center","background-size":"auto","background-attachment":"scroll","background-type":"","background-media":"","overlay-type":"","overlay-color":"","overlay-opacity":"","overlay-gradient":""}},"footnotes":""},"categories":[11],"tags":[],"class_list":["post-14124","post","type-post","status-publish","format-standard","has-post-thumbnail","hentry","category-noticias"],"aioseo_notices":[],"_links":{"self":[{"href":"https:\/\/contarotacoes.com\/index.php?rest_route=\/wp\/v2\/posts\/14124","targetHints":{"allow":["GET"]}}],"collection":[{"href":"https:\/\/contarotacoes.com\/index.php?rest_route=\/wp\/v2\/posts"}],"about":[{"href":"https:\/\/contarotacoes.com\/index.php?rest_route=\/wp\/v2\/types\/post"}],"author":[{"embeddable":true,"href":"https:\/\/contarotacoes.com\/index.php?rest_route=\/wp\/v2\/users\/2"}],"replies":[{"embeddable":true,"href":"https:\/\/contarotacoes.com\/index.php?rest_route=%2Fwp%2Fv2%2Fcomments&post=14124"}],"version-history":[{"count":1,"href":"https:\/\/contarotacoes.com\/index.php?rest_route=\/wp\/v2\/posts\/14124\/revisions"}],"predecessor-version":[{"id":14127,"href":"https:\/\/contarotacoes.com\/index.php?rest_route=\/wp\/v2\/posts\/14124\/revisions\/14127"}],"wp:featuredmedia":[{"embeddable":true,"href":"https:\/\/contarotacoes.com\/index.php?rest_route=\/wp\/v2\/media\/14125"}],"wp:attachment":[{"href":"https:\/\/contarotacoes.com\/index.php?rest_route=%2Fwp%2Fv2%2Fmedia&parent=14124"}],"wp:term":[{"taxonomy":"category","embeddable":true,"href":"https:\/\/contarotacoes.com\/index.php?rest_route=%2Fwp%2Fv2%2Fcategories&post=14124"},{"taxonomy":"post_tag","embeddable":true,"href":"https:\/\/contarotacoes.com\/index.php?rest_route=%2Fwp%2Fv2%2Ftags&post=14124"}],"curies":[{"name":"wp","href":"https:\/\/api.w.org\/{rel}","templated":true}]}}