{"id":14052,"date":"2025-02-15T15:49:45","date_gmt":"2025-02-15T15:49:45","guid":{"rendered":"https:\/\/contarotacoes.com\/?p=14052"},"modified":"2025-02-16T21:52:07","modified_gmt":"2025-02-16T21:52:07","slug":"micael-simao-nas-motos-luis-fernandes-nos-quad-e-helder-rodrigues-na-competicao-ssv-lideram-esc-online-baja-montes-alentejanos-2025","status":"publish","type":"post","link":"https:\/\/contarotacoes.com\/?p=14052","title":{"rendered":"Micael Sim\u00e3o nas Motos, Luis Fernandes nos Quad e H\u00e9lder Rodrigues na competi\u00e7\u00e3o SSV lideram ESC Online | Baja Montes Alentejanos 2025"},"content":{"rendered":"<p style=\"font-weight: 400; text-align: justify;\">Num dia marcado por um intenso nevoeiro que obrigou a retardar a partida dos concorrentes para um setor seletivo com 167,44 quil\u00f3metros disputados ao cronometro, Micael Sim\u00e3o em GasGas nas Motos e Luis Fernandes em Yamaha nos Quad lideram ESC Online | Baja Montes Alentejanos 2025, jornada que marca o arranque do Campeonato Nacional de Todo-o-Terreno disputado sob a \u00e9gide da FMP.<\/p>\n<p style=\"font-weight: 400; text-align: justify;\">Na competi\u00e7\u00e3o moto cedo o campe\u00e3o nacional Martim Ventura em Husqvarna assumiu a lideran\u00e7a da prova alargando progressivamente a sua vantagem para os seus mais diretos advers\u00e1rios e ao km 150 dispunha de uma vantagem de 1m21s para Micael Sim\u00e3o. Uma forte queda a 10 quil\u00f3metros do final relegou, todavia Martim Ventura para o 3\u00ba lugar, 1m06s atr\u00e1s do piloto da GasGas que, depois de ter sido o mais r\u00e1pido no pr\u00f3logo, venceu agora a PEC 1.<\/p>\n<p style=\"font-weight: 400; text-align: justify;\">\u201cQuando se vence \u00e9 porque correu bem, mas n\u00e3o me livrei de tr\u00eas quedas felizmente sem consequ\u00eancia para al\u00e9m de perder alguns segundos. A pista est\u00e1 dif\u00edcil, mas tive a sorte de a queda maior ter acontecido numa zona de piso mais macio. Fui projetado e pensei que n\u00e3o ia correr bem\u201d, refere Micael Sim\u00e3o que disp\u00f5e de uma vantagem de um minuto para Tom\u00e1s Dias em Honda que por sua vez est\u00e1 6s \u00e0 frente de Martim Ventura. Micael Sim\u00e3o e Tom\u00e1s Dias lideram respetivamente a Classe TT3 e TT2.<\/p>\n<p style=\"font-weight: 400; text-align: justify;\">Posi\u00e7\u00f5es seguintes para Gustavo Gaud\u00eancio em Honda, que ocupa o 1\u00ba lugar da Classe TT1 e que na Classifica\u00e7\u00e3o geral est\u00e1 \u00e0 frente de Miguel Castro em KTM que fecha o Top 5. 6\u00ba lugar para Bernardo Megre em Kawasaki a 16s da 5\u00aa posi\u00e7\u00e3o. No Top 10 est\u00e3o ainda Jo\u00e3o Duarte e Gon\u00e7alo Amaral ambos em Honda e separados por 5s na luta pelo 7\u00ba lugar. Afonso Figueiredo em Kawasaki come\u00e7ou muito r\u00e1pido ocupando inicialmente o 4\u00ba lugar, mas ap\u00f3s PEC1 ocupa a 9\u00aa posi\u00e7\u00e3o \u00e0 frente do franc\u00eas Christophe Jajouanie que, em Honda, lidera entre os Veteranos.<\/p>\n<p style=\"font-weight: 400; text-align: justify;\">Entre os Quad destaca-se um trio de pilotos com Lu\u00eds Fernandes a superiorizar-se em PEC1 aos jovens Rodrigo Alves e Tom\u00e1s Paulo todos em Yamaha. O campe\u00e3o nacional disp\u00f5e de uma vantagem de 2m12s para Rodrigo Alves que por sua vez est\u00e1 46s \u00e0 frente de Tom\u00e1s Paulo. No Top 5 est\u00e3o Helder S\u00e1 e Martim Pedroso ambos em Yamaha, mas que j\u00e1 est\u00e3o a mais de 15 minutos do l\u00edder da competi\u00e7\u00e3o Quad.<\/p>\n<p style=\"font-weight: 400; text-align: justify;\">\u201cCorreu tudo impecavelmente bem. N\u00e3o tivemos qualquer problema e conseguimos uma vantagem positiva para enfrentar o dia de amanh\u00e3\u201d referiu \u00e0 chegada a Beja o atual campe\u00e3o nacional quad de todo-o-terreno.<\/p>\n<p style=\"font-weight: 400; text-align: justify;\">Na competi\u00e7\u00e3o SSV est\u00e3o a impor-se os novos pilotos Polaris com H\u00e9lder Rodrigues a terminar o setor seletivo com uma vantagem de 2m15s para ou Polaris Pro R pilotado por Pedro Antunes que \u00e9 acompanhado por Nuno Batalha.<\/p>\n<p style=\"font-weight: 400; text-align: justify;\">\u201cA pista estava muito ao meu estilo, como eu gosto. T\u00e9cnica, exigente com \u00e1gua em v\u00e1rios s\u00edtios, noutros mesmo com lama e correu tudo muito bem. Ainda me estou a adaptar a este novo carro, mas sinto que o trabalho de casa foi bem feito e tenho de agradecer a todos os que me acompanham por vencermos neste primeiro dia de corrida \u201d, referiu \u00e0 chegada a Beja o ex-campe\u00e3o do mundo moto.<\/p>\n<p style=\"font-weight: 400; text-align: justify;\">At\u00e9 ao km 120 a 2\u00aa posi\u00e7\u00e3o chegou a ser ocupada por outros dois Polaris primeiro por Luis Portela Morais e depois por Tiago Guerreiro. A luta pela 3\u00aa posi\u00e7\u00e3o est\u00e1 ao rubro. \u00c9 agora ocupada pela dupla Pedro Pinha\/Joaquim Dias que est\u00e1 a 3m34s de H\u00e9lder Rodrigues e que disp\u00f5es de uma vantagem de 2,1s para o par Andr\u00e9 Carita\/Nuno Abrantes e 7,6s para o duo Roberto Borrego\/Daniel Jord\u00e3o todos em Can-Am. Ainda muito pr\u00f3ximo deste trio est\u00e1 a equipa vencedora do pr\u00f3logo Jo\u00e3o Monteiro\/Nuno Morais que est\u00e1 a 39s do 5\u00ba lugar. Posi\u00e7\u00f5es seguintes para a dupla Nelson Caxias\/Andr\u00e9 Lopes com Miguel Cunha a apenas 23s. Tr\u00eas equipas Can-Am na 6\u00aa, 7\u00aa e 8\u00aa posi\u00e7\u00f5es. Atr\u00e1s de Miguel Cunha est\u00e3o mais quatro equipas separadas por escassos 15s: Vasco Martins\/Luis Fal\u00e9 em Can-Am e S\u00e9rgio Vaz com F\u00e1bio Pires em Polaris que fecham o Top 10. Completam este quarteto outro Polaris o de Nelson Saramago\/Jo\u00e3o Charrua l\u00edder da competi\u00e7\u00e3o Stock e o Can-Am de Nuno e Diogo Melancia.<\/p>\n<p style=\"font-weight: 400; text-align: justify;\">A ESC Online Baja TT Montes Alentejanos prossegue amanh\u00e3 com concorrentes a enfrentarem uma segunda passagem pelo tro\u00e7o de 167,44 km hoje disputado.<\/p>\n<p style=\"font-weight: 400; text-align: justify;\">Mais informa\u00e7\u00f5es sobre a Baja TT Montes Alentejanos em:\u00a0<a href=\"https:\/\/www.facebook.com\/bajattmontesalentejanos\/\" data-saferedirecturl=\"https:\/\/www.google.com\/url?q=https:\/\/www.facebook.com\/bajattmontesalentejanos\/&amp;source=gmail&amp;ust=1739828270028000&amp;usg=AOvVaw0elACW_EM2cYQ5MPE-MT3Q\">https:\/\/www.facebook.com\/bajattmontesalentejanos\/<\/a><\/p>\n<p style=\"font-weight: 400; text-align: justify;\">\n","protected":false},"excerpt":{"rendered":"<p>Num dia marcado por um intenso nevoeiro que obrigou a retardar a partida dos concorrentes para um setor seletivo com 167,44 quil\u00f3metros disputados ao cronometro, Micael Sim\u00e3o em GasGas nas Motos e Luis Fernandes em Yamaha nos Quad lideram ESC Online | Baja Montes Alentejanos 2025, jornada que marca o arranque do Campeonato Nacional de [&hellip;]<\/p>\n","protected":false},"author":2,"featured_media":14053,"comment_status":"closed","ping_status":"open","sticky":false,"template":"","format":"standard","meta":{"_editorskit_title_hidden":false,"_editorskit_reading_time":0,"_editorskit_is_block_options_detached":false,"_editorskit_block_options_position":"{}","om_disable_all_campaigns":false,"_monsterinsights_skip_tracking":false,"_monsterinsights_sitenote_active":false,"_monsterinsights_sitenote_note":"","_monsterinsights_sitenote_category":0,"_uf_show_specific_survey":0,"_uf_disable_surveys":false,"site-sidebar-layout":"default","site-content-layout":"","ast-site-content-layout":"default","site-content-style":"default","site-sidebar-style":"default","ast-global-header-display":"","ast-banner-title-visibility":"","ast-main-header-display":"","ast-hfb-above-header-display":"","ast-hfb-below-header-display":"","ast-hfb-mobile-header-display":"","site-post-title":"","ast-breadcrumbs-content":"","ast-featured-img":"","footer-sml-layout":"","theme-transparent-header-meta":"default","adv-header-id-meta":"","stick-header-meta":"default","header-above-stick-meta":"","header-main-stick-meta":"","header-below-stick-meta":"","astra-migrate-meta-layouts":"set","ast-page-background-enabled":"default","ast-page-background-meta":{"desktop":{"background-color":"","background-image":"","background-repeat":"repeat","background-position":"center center","background-size":"auto","background-attachment":"scroll","background-type":"","background-media":"","overlay-type":"","overlay-color":"","overlay-opacity":"","overlay-gradient":""},"tablet":{"background-color":"","background-image":"","background-repeat":"repeat","background-position":"center center","background-size":"auto","background-attachment":"scroll","background-type":"","background-media":"","overlay-type":"","overlay-color":"","overlay-opacity":"","overlay-gradient":""},"mobile":{"background-color":"","background-image":"","background-repeat":"repeat","background-position":"center center","background-size":"auto","background-attachment":"scroll","background-type":"","background-media":"","overlay-type":"","overlay-color":"","overlay-opacity":"","overlay-gradient":""}},"ast-content-background-meta":{"desktop":{"background-color":"var(--ast-global-color-5)","background-image":"","background-repeat":"repeat","background-position":"center center","background-size":"auto","background-attachment":"scroll","background-type":"","background-media":"","overlay-type":"","overlay-color":"","overlay-opacity":"","overlay-gradient":""},"tablet":{"background-color":"var(--ast-global-color-5)","background-image":"","background-repeat":"repeat","background-position":"center center","background-size":"auto","background-attachment":"scroll","background-type":"","background-media":"","overlay-type":"","overlay-color":"","overlay-opacity":"","overlay-gradient":""},"mobile":{"background-color":"var(--ast-global-color-5)","background-image":"","background-repeat":"repeat","background-position":"center center","background-size":"auto","background-attachment":"scroll","background-type":"","background-media":"","overlay-type":"","overlay-color":"","overlay-opacity":"","overlay-gradient":""}},"footnotes":""},"categories":[11],"tags":[],"class_list":["post-14052","post","type-post","status-publish","format-standard","has-post-thumbnail","hentry","category-noticias"],"aioseo_notices":[],"_links":{"self":[{"href":"https:\/\/contarotacoes.com\/index.php?rest_route=\/wp\/v2\/posts\/14052","targetHints":{"allow":["GET"]}}],"collection":[{"href":"https:\/\/contarotacoes.com\/index.php?rest_route=\/wp\/v2\/posts"}],"about":[{"href":"https:\/\/contarotacoes.com\/index.php?rest_route=\/wp\/v2\/types\/post"}],"author":[{"embeddable":true,"href":"https:\/\/contarotacoes.com\/index.php?rest_route=\/wp\/v2\/users\/2"}],"replies":[{"embeddable":true,"href":"https:\/\/contarotacoes.com\/index.php?rest_route=%2Fwp%2Fv2%2Fcomments&post=14052"}],"version-history":[{"count":1,"href":"https:\/\/contarotacoes.com\/index.php?rest_route=\/wp\/v2\/posts\/14052\/revisions"}],"predecessor-version":[{"id":14054,"href":"https:\/\/contarotacoes.com\/index.php?rest_route=\/wp\/v2\/posts\/14052\/revisions\/14054"}],"wp:featuredmedia":[{"embeddable":true,"href":"https:\/\/contarotacoes.com\/index.php?rest_route=\/wp\/v2\/media\/14053"}],"wp:attachment":[{"href":"https:\/\/contarotacoes.com\/index.php?rest_route=%2Fwp%2Fv2%2Fmedia&parent=14052"}],"wp:term":[{"taxonomy":"category","embeddable":true,"href":"https:\/\/contarotacoes.com\/index.php?rest_route=%2Fwp%2Fv2%2Fcategories&post=14052"},{"taxonomy":"post_tag","embeddable":true,"href":"https:\/\/contarotacoes.com\/index.php?rest_route=%2Fwp%2Fv2%2Ftags&post=14052"}],"curies":[{"name":"wp","href":"https:\/\/api.w.org\/{rel}","templated":true}]}}