{"id":14018,"date":"2025-02-13T21:19:18","date_gmt":"2025-02-13T21:19:18","guid":{"rendered":"https:\/\/contarotacoes.com\/?p=14018"},"modified":"2025-02-13T21:19:18","modified_gmt":"2025-02-13T21:19:18","slug":"bp-ultimate-adventure-team-de-regresso-as-competicoes-na-baja-tt-montes-alentejanos","status":"publish","type":"post","link":"https:\/\/contarotacoes.com\/?p=14018","title":{"rendered":"bp Ultimate Adventure Team de regresso \u00e0s competi\u00e7\u00f5es na Baja TT Montes Alentejanos"},"content":{"rendered":"<p style=\"text-align: justify;\"><strong>Equipa preparada para dar in\u00edcio \u00e0 temporada de 2025 e repetir bons resultados<\/strong><\/p>\n<p style=\"text-align: justify;\">O bp Ultimate Adventure Team est\u00e1 de regresso \u00e0s competi\u00e7\u00f5es do Todo-o-Terreno Nacional e vai marcar presen\u00e7a na primeira prova do ano, que ter\u00e1 lugar em Beja entre os dias 13 e 16 de fevereiro, com os pilotos Martim Ventura, o Campe\u00e3o Nacional de Todo-o-Terreno na categoria moto, David Megre tamb\u00e9m em moto, Louren\u00e7o Rosa e Lu\u00eds Portela Morais ambos em SSV e Miguel Barbosa que, aos comandos de um Taurus, estar\u00e1 a discutir as primeiras posi\u00e7\u00f5es da categoria Challenger.<\/p>\n<p style=\"text-align: justify;\">A equipa est\u00e1 determinada em conquistar bons resultados e os pilotos est\u00e3o preparados para enfrentar os desafios desta prova alentejana que promete ser competitiva e apresenta um tra\u00e7ado exigente, caracter\u00edstico da regi\u00e3o, onde a per\u00edcia dos pilotos e a resist\u00eancia das viaturas ser\u00e3o postas \u00e0 prova. A participa\u00e7\u00e3o do bp Ultimate Adventure Team nesta prova refor\u00e7a, desta forma, o compromisso da equipa com as boas classifica\u00e7\u00f5es alcan\u00e7adas em 2024 mantendo o objetivo de atingir resultados de topo.<\/p>\n<p style=\"text-align: justify;\">Martim Ventura, que venceu esta mesma competi\u00e7\u00e3o no ano passado, pretende fazer jus ao n\u00famero um que este ano ostenta: \u201c\u00e9 a primeira prova onde vou usar o n\u00famero um e por isso \u00e9 uma estreia muito importante para mim. Estou muito contente por isso, acima de tudo porque posso finalmente retribuir a todos os que me ajudaram durante muitos anos. Espero que seja uma corrida divertida, como \u00e9 comum em Beja, pois os terrenos s\u00e3o muito bons. Espero que n\u00e3o chova para o terreno estar no ponto. Ser\u00e1 mais uma festa do Todo-o-Terreno Nacional e estou muito feliz por estar presente\u201d, contou o jovem piloto do bp Ultimate Adventure Team.<\/p>\n<p style=\"text-align: justify;\">Lu\u00eds Portela Morais, que regressou recentemente da Ar\u00e1bia Saudita onde cumpriu a sua terceira participa\u00e7\u00e3o no Rali Dakar, vai estrear-se no Trof\u00e9u Polaris: \u201cvai arrancar o Campeonato Nacional de Todo-o-Terreno e esta vai ser a minha primeira participa\u00e7\u00e3o no Nacional de Todo-o-Terreno com a Polaris, depois de ter estreado o carro nas 4H TT Vila de Fronteira. A antecipa\u00e7\u00e3o da corrida n\u00e3o \u00e9 boa para os pilotos que chegaram recentemente do Dakar, no entanto, estamos entusiasmados. Vai ser uma corrida para ganhar experi\u00eancia, mas ainda assim vamos tentar fazer um bom resultado. Acima de tudo n\u00e3o queremos cometer erros. O objetivo \u00e9 terminar a prova e conseguir uma boa pontua\u00e7\u00e3o para o Campeonato e para o Trof\u00e9u\u201d, revelou o piloto.<\/p>\n<p style=\"text-align: justify;\">J\u00e1 David Megre, que tamb\u00e9m esteve no Rali Dakar 2025 onde foi navegador de Lu\u00eds Portela Morais, pretende fazer uma boa prova e iniciar com o p\u00e9 direito a temporada: \u201cesta \u00e9 a primeira corrida da \u00e9poca, uma prova de que gosto muito, por isso vou dar o meu melhor para no final estar entre os primeiros classificados\u201d, acrescentou.<\/p>\n<p style=\"text-align: justify;\">Para Miguel Barbosa este in\u00edcio de Campeonato \u00e9 entusiasmante, particularmente devido \u00e0 competitividade que esta prova alentejana apresenta, e acredita que pode lutar pelos primeiros lugares da sua categoria: \u201cestamos bastante motivados para dar in\u00edcio \u00e0s competi\u00e7\u00f5es nacionais. Esta \u00e9 uma Baja que fizemos pela primeira vez o ano passado e estamos muito satisfeitos por estar mais uma vez \u00e0 partida. Vou estar acompanhado pelo Hugo Magalh\u00e3es com o nosso Taurus. \u00c9 uma Baja muito reconhecida, acima de tudo, pelas suas pistas fant\u00e1sticas. \u00c9 a primeira prova do ano e como sempre conta com uma lista de inscritos de grande qualidade e quantidade. Vai ser uma competi\u00e7\u00e3o muito concorrida e prev\u00ea-se que seja uma corrida muito boa. Vai ser uma prova fant\u00e1stica ainda para mais no Alentejo que \u00e9 um terreno que eu gosto bastante. Por isso estamos motivados para lutar pelas posi\u00e7\u00f5es cimeiras e pela vit\u00f3ria na categoria Challenger\u201d, afirmou o piloto do bp Ultimate Adventure Team.<\/p>\n<p style=\"text-align: justify;\">Tamb\u00e9m Louren\u00e7o Rosa est\u00e1 de volta ao CNTT ap\u00f3s algum tempo de interregno: \u201cestamos de volta \u00e0s competi\u00e7\u00f5es do Campeonato Nacional e estamos animados para voltar a competir. Este ano vou estar acompanhado pelo Pedro Velosa que, por motivos de sa\u00fade, ainda n\u00e3o estar\u00e1 integrado na equipa nesta prova. Vou incluir na minha estrutura o navegador que correu o ano passado com o Francisco Guedes e estou pronto para mais uma corrida. Vou tentar rolar no Top10 e se chegar ao Top 5 ficaria muito feliz\u201d, contou.<\/p>\n<p style=\"text-align: justify;\">A ESC Online Baja TT Montes Alentejanos arranca desportivamente no dia 14 de fevereiro com um pr\u00f3logo totalmente novo com cerca de 10 km, que \u00e9 secreto para todos os pilotos, localizado junto do Campo de Tiro na Herdade \u201cCabe\u00e7a de Ferro\u201d, que vai ter transmiss\u00e3o Streaming em direto na internet. Transmiss\u00e3o id\u00eantica vai acontecer ainda na sexta-feira \u00e0 noite quando for realizada a fotografia de grupo de todos os concorrentes a partir das 21 horas no p\u00f3dio do evento, que fica localizado no Parque de Feiras e Exposi\u00e7\u00f5es de Beja, onde decorrer\u00e1 tamb\u00e9m a cerim\u00f3nia de partida pelas 21h30. A competi\u00e7\u00e3o ter\u00e1 um total de 420,78 km, 349,84 dos quais cronometrados, divididos por duas etapas cada uma das quais com um tro\u00e7o de 169,85 km, a disputar no s\u00e1bado e no domingo.<\/p>\n","protected":false},"excerpt":{"rendered":"<p>Equipa preparada para dar in\u00edcio \u00e0 temporada de 2025 e repetir bons resultados O bp Ultimate Adventure Team est\u00e1 de regresso \u00e0s competi\u00e7\u00f5es do Todo-o-Terreno Nacional e vai marcar presen\u00e7a na primeira prova do ano, que ter\u00e1 lugar em Beja entre os dias 13 e 16 de fevereiro, com os pilotos Martim Ventura, o Campe\u00e3o [&hellip;]<\/p>\n","protected":false},"author":2,"featured_media":14019,"comment_status":"closed","ping_status":"open","sticky":false,"template":"","format":"standard","meta":{"_editorskit_title_hidden":false,"_editorskit_reading_time":0,"_editorskit_is_block_options_detached":false,"_editorskit_block_options_position":"{}","om_disable_all_campaigns":false,"_monsterinsights_skip_tracking":false,"_monsterinsights_sitenote_active":false,"_monsterinsights_sitenote_note":"","_monsterinsights_sitenote_category":0,"_uf_show_specific_survey":0,"_uf_disable_surveys":false,"site-sidebar-layout":"default","site-content-layout":"","ast-site-content-layout":"default","site-content-style":"default","site-sidebar-style":"default","ast-global-header-display":"","ast-banner-title-visibility":"","ast-main-header-display":"","ast-hfb-above-header-display":"","ast-hfb-below-header-display":"","ast-hfb-mobile-header-display":"","site-post-title":"","ast-breadcrumbs-content":"","ast-featured-img":"","footer-sml-layout":"","theme-transparent-header-meta":"default","adv-header-id-meta":"","stick-header-meta":"default","header-above-stick-meta":"","header-main-stick-meta":"","header-below-stick-meta":"","astra-migrate-meta-layouts":"set","ast-page-background-enabled":"default","ast-page-background-meta":{"desktop":{"background-color":"","background-image":"","background-repeat":"repeat","background-position":"center center","background-size":"auto","background-attachment":"scroll","background-type":"","background-media":"","overlay-type":"","overlay-color":"","overlay-opacity":"","overlay-gradient":""},"tablet":{"background-color":"","background-image":"","background-repeat":"repeat","background-position":"center center","background-size":"auto","background-attachment":"scroll","background-type":"","background-media":"","overlay-type":"","overlay-color":"","overlay-opacity":"","overlay-gradient":""},"mobile":{"background-color":"","background-image":"","background-repeat":"repeat","background-position":"center center","background-size":"auto","background-attachment":"scroll","background-type":"","background-media":"","overlay-type":"","overlay-color":"","overlay-opacity":"","overlay-gradient":""}},"ast-content-background-meta":{"desktop":{"background-color":"var(--ast-global-color-5)","background-image":"","background-repeat":"repeat","background-position":"center center","background-size":"auto","background-attachment":"scroll","background-type":"","background-media":"","overlay-type":"","overlay-color":"","overlay-opacity":"","overlay-gradient":""},"tablet":{"background-color":"var(--ast-global-color-5)","background-image":"","background-repeat":"repeat","background-position":"center center","background-size":"auto","background-attachment":"scroll","background-type":"","background-media":"","overlay-type":"","overlay-color":"","overlay-opacity":"","overlay-gradient":""},"mobile":{"background-color":"var(--ast-global-color-5)","background-image":"","background-repeat":"repeat","background-position":"center center","background-size":"auto","background-attachment":"scroll","background-type":"","background-media":"","overlay-type":"","overlay-color":"","overlay-opacity":"","overlay-gradient":""}},"footnotes":""},"categories":[11],"tags":[],"class_list":["post-14018","post","type-post","status-publish","format-standard","has-post-thumbnail","hentry","category-noticias"],"aioseo_notices":[],"_links":{"self":[{"href":"https:\/\/contarotacoes.com\/index.php?rest_route=\/wp\/v2\/posts\/14018","targetHints":{"allow":["GET"]}}],"collection":[{"href":"https:\/\/contarotacoes.com\/index.php?rest_route=\/wp\/v2\/posts"}],"about":[{"href":"https:\/\/contarotacoes.com\/index.php?rest_route=\/wp\/v2\/types\/post"}],"author":[{"embeddable":true,"href":"https:\/\/contarotacoes.com\/index.php?rest_route=\/wp\/v2\/users\/2"}],"replies":[{"embeddable":true,"href":"https:\/\/contarotacoes.com\/index.php?rest_route=%2Fwp%2Fv2%2Fcomments&post=14018"}],"version-history":[{"count":1,"href":"https:\/\/contarotacoes.com\/index.php?rest_route=\/wp\/v2\/posts\/14018\/revisions"}],"predecessor-version":[{"id":14020,"href":"https:\/\/contarotacoes.com\/index.php?rest_route=\/wp\/v2\/posts\/14018\/revisions\/14020"}],"wp:featuredmedia":[{"embeddable":true,"href":"https:\/\/contarotacoes.com\/index.php?rest_route=\/wp\/v2\/media\/14019"}],"wp:attachment":[{"href":"https:\/\/contarotacoes.com\/index.php?rest_route=%2Fwp%2Fv2%2Fmedia&parent=14018"}],"wp:term":[{"taxonomy":"category","embeddable":true,"href":"https:\/\/contarotacoes.com\/index.php?rest_route=%2Fwp%2Fv2%2Fcategories&post=14018"},{"taxonomy":"post_tag","embeddable":true,"href":"https:\/\/contarotacoes.com\/index.php?rest_route=%2Fwp%2Fv2%2Ftags&post=14018"}],"curies":[{"name":"wp","href":"https:\/\/api.w.org\/{rel}","templated":true}]}}