{"id":13639,"date":"2025-01-27T21:36:24","date_gmt":"2025-01-27T21:36:24","guid":{"rendered":"https:\/\/contarotacoes.com\/?p=13639"},"modified":"2025-01-27T21:36:24","modified_gmt":"2025-01-27T21:36:24","slug":"calendario-nacional-de-flat-track-para-2025","status":"publish","type":"post","link":"https:\/\/contarotacoes.com\/?p=13639","title":{"rendered":"Calend\u00e1rio Nacional de Flat Track para 2025"},"content":{"rendered":"<p style=\"text-align: justify;\">J\u00e1 est\u00e1 definido o calend\u00e1rio para o Campeonato Nacional de Flat Track 2025, com seis provas que ir\u00e3o percorrer Portugal de norte a sul.<\/p>\n<p style=\"text-align: justify;\">Arranca a 3 de maio na Agu\u00e7adoura, P\u00f3voa de Varzim, a edi\u00e7\u00e3o 2025 do Campeonato Nacional de Flat Track, primeira ronda de um calend\u00e1rio composto por seis provas e que ser\u00e1 disputado ao longo de pouco mais que dois meses.<\/p>\n<p style=\"text-align: justify;\">Com cinco das seis jornadas j\u00e1 conhecidas da temporada passada, estreia-se a 1 de junho uma ronda em Marco de Canaveses, com a novidade adicional de contarmos com duas provas no sul do pa\u00eds, separada por apenas dois dias, de modo a facilitar as desloca\u00e7\u00f5es aos pilotos que v\u00eam de mais longe. Assim, a prova de Santiago do Cac\u00e9m ir\u00e1 disputar-se ao uma quinta-feira (19 de junho, feriado do Corpo de Deus), com a jornada algarvia de Lavajo a decorrer no s\u00e1bado seguinte, 21 de junho, e o final do campeonato previsto para 13 de julho em Barcelos.<\/p>\n<p style=\"text-align: justify;\">A temporada conta ainda com duas provas extracampeonato: a 19 de abril em Travass\u00f4, \u00c1gueda, e a 31 de agosto em Fronteira.<\/p>\n<p style=\"text-align: justify;\"><strong>Campeonato Nacional de Flat Track<\/strong><br \/>\n3 de maio \u2013 Agu\u00e7adoura, P. de Varzim<br \/>\n18 de maio \u2013 Chaves<br \/>\n1 de junho \u2013 Marco de Canaveses<br \/>\n19 de junho \u2013 Santiago do Cac\u00e9m<br \/>\n21 de junho \u2013 Lavajo, Messines<br \/>\n13 de julho \u2013 Barcelos<\/p>\n<p style=\"text-align: justify;\"><strong>Provas Extracampeonato<\/strong><br \/>\n19 de abril \u2013 Travass\u00f4, \u00c1gueda<br \/>\n31 de agosto \u2013 Fronteira<\/p>\n<p style=\"text-align: justify;\">\n<p style=\"text-align: justify;\">\n","protected":false},"excerpt":{"rendered":"<p>J\u00e1 est\u00e1 definido o calend\u00e1rio para o Campeonato Nacional de Flat Track 2025, com seis provas que ir\u00e3o percorrer Portugal de norte a sul. Arranca a 3 de maio na Agu\u00e7adoura, P\u00f3voa de Varzim, a edi\u00e7\u00e3o 2025 do Campeonato Nacional de Flat Track, primeira ronda de um calend\u00e1rio composto por seis provas e que ser\u00e1 [&hellip;]<\/p>\n","protected":false},"author":2,"featured_media":13640,"comment_status":"closed","ping_status":"open","sticky":false,"template":"","format":"standard","meta":{"_editorskit_title_hidden":false,"_editorskit_reading_time":0,"_editorskit_is_block_options_detached":false,"_editorskit_block_options_position":"{}","om_disable_all_campaigns":false,"_monsterinsights_skip_tracking":false,"_monsterinsights_sitenote_active":false,"_monsterinsights_sitenote_note":"","_monsterinsights_sitenote_category":0,"_uf_show_specific_survey":0,"_uf_disable_surveys":false,"site-sidebar-layout":"default","site-content-layout":"","ast-site-content-layout":"default","site-content-style":"default","site-sidebar-style":"default","ast-global-header-display":"","ast-banner-title-visibility":"","ast-main-header-display":"","ast-hfb-above-header-display":"","ast-hfb-below-header-display":"","ast-hfb-mobile-header-display":"","site-post-title":"","ast-breadcrumbs-content":"","ast-featured-img":"","footer-sml-layout":"","theme-transparent-header-meta":"default","adv-header-id-meta":"","stick-header-meta":"default","header-above-stick-meta":"","header-main-stick-meta":"","header-below-stick-meta":"","astra-migrate-meta-layouts":"set","ast-page-background-enabled":"default","ast-page-background-meta":{"desktop":{"background-color":"","background-image":"","background-repeat":"repeat","background-position":"center center","background-size":"auto","background-attachment":"scroll","background-type":"","background-media":"","overlay-type":"","overlay-color":"","overlay-opacity":"","overlay-gradient":""},"tablet":{"background-color":"","background-image":"","background-repeat":"repeat","background-position":"center center","background-size":"auto","background-attachment":"scroll","background-type":"","background-media":"","overlay-type":"","overlay-color":"","overlay-opacity":"","overlay-gradient":""},"mobile":{"background-color":"","background-image":"","background-repeat":"repeat","background-position":"center center","background-size":"auto","background-attachment":"scroll","background-type":"","background-media":"","overlay-type":"","overlay-color":"","overlay-opacity":"","overlay-gradient":""}},"ast-content-background-meta":{"desktop":{"background-color":"var(--ast-global-color-5)","background-image":"","background-repeat":"repeat","background-position":"center center","background-size":"auto","background-attachment":"scroll","background-type":"","background-media":"","overlay-type":"","overlay-color":"","overlay-opacity":"","overlay-gradient":""},"tablet":{"background-color":"var(--ast-global-color-5)","background-image":"","background-repeat":"repeat","background-position":"center center","background-size":"auto","background-attachment":"scroll","background-type":"","background-media":"","overlay-type":"","overlay-color":"","overlay-opacity":"","overlay-gradient":""},"mobile":{"background-color":"var(--ast-global-color-5)","background-image":"","background-repeat":"repeat","background-position":"center center","background-size":"auto","background-attachment":"scroll","background-type":"","background-media":"","overlay-type":"","overlay-color":"","overlay-opacity":"","overlay-gradient":""}},"footnotes":""},"categories":[11],"tags":[],"class_list":["post-13639","post","type-post","status-publish","format-standard","has-post-thumbnail","hentry","category-noticias"],"aioseo_notices":[],"_links":{"self":[{"href":"https:\/\/contarotacoes.com\/index.php?rest_route=\/wp\/v2\/posts\/13639","targetHints":{"allow":["GET"]}}],"collection":[{"href":"https:\/\/contarotacoes.com\/index.php?rest_route=\/wp\/v2\/posts"}],"about":[{"href":"https:\/\/contarotacoes.com\/index.php?rest_route=\/wp\/v2\/types\/post"}],"author":[{"embeddable":true,"href":"https:\/\/contarotacoes.com\/index.php?rest_route=\/wp\/v2\/users\/2"}],"replies":[{"embeddable":true,"href":"https:\/\/contarotacoes.com\/index.php?rest_route=%2Fwp%2Fv2%2Fcomments&post=13639"}],"version-history":[{"count":1,"href":"https:\/\/contarotacoes.com\/index.php?rest_route=\/wp\/v2\/posts\/13639\/revisions"}],"predecessor-version":[{"id":13641,"href":"https:\/\/contarotacoes.com\/index.php?rest_route=\/wp\/v2\/posts\/13639\/revisions\/13641"}],"wp:featuredmedia":[{"embeddable":true,"href":"https:\/\/contarotacoes.com\/index.php?rest_route=\/wp\/v2\/media\/13640"}],"wp:attachment":[{"href":"https:\/\/contarotacoes.com\/index.php?rest_route=%2Fwp%2Fv2%2Fmedia&parent=13639"}],"wp:term":[{"taxonomy":"category","embeddable":true,"href":"https:\/\/contarotacoes.com\/index.php?rest_route=%2Fwp%2Fv2%2Fcategories&post=13639"},{"taxonomy":"post_tag","embeddable":true,"href":"https:\/\/contarotacoes.com\/index.php?rest_route=%2Fwp%2Fv2%2Ftags&post=13639"}],"curies":[{"name":"wp","href":"https:\/\/api.w.org\/{rel}","templated":true}]}}