{"id":12928,"date":"2024-12-20T22:18:14","date_gmt":"2024-12-20T22:18:14","guid":{"rendered":"https:\/\/contarotacoes.com\/?p=12928"},"modified":"2024-12-20T22:18:14","modified_gmt":"2024-12-20T22:18:14","slug":"ds-automobiles-faz-a-estreia-mundial-do-ds-no8-no-salao-automovel-de-bruxelas-2025","status":"publish","type":"post","link":"https:\/\/contarotacoes.com\/?p=12928","title":{"rendered":"DS AUTOMOBILES FAZ A ESTREIA MUNDIAL DO DS N\u00ba8 NO SAL\u00c3O AUTOM\u00d3VEL DE BRUXELAS 2025"},"content":{"rendered":"<ul type=\"disc\">\n<li style=\"text-align: justify;\"><strong>Novo porta-estandarte 100% el\u00e9trico da DS Automobiles, o DS N\u00b08 far\u00e1 a sua Estreia Mundial no Sal\u00e3o de Bruxelas, a partir de 10 de janeiro de 2025.<\/strong><\/li>\n<li style=\"text-align: justify;\"><strong>Juntamente com o DS N\u00b08, a DS Automobiles ir\u00e1 expor toda a sua gama eletrificada, incluindo um DS 7 com uma pintura exclusiva, colocado ao centro de um espa\u00e7o reservado \u00e0s marcas\u00a0premium do Grupo Stellantis.<\/strong><\/li>\n<\/ul>\n<p style=\"text-align: justify;\"><strong>DS N\u00b08 EM ESTREIA MUNDIAL<\/strong><\/p>\n<p style=\"text-align: justify;\">Algumas semanas ap\u00f3s a sua revela\u00e7\u00e3o oficial, o DS N\u00b08 far\u00e1 a sua Estreia Mundial no Sal\u00e3o Autom\u00f3vel de Bruxelas, que decorrer\u00e1 entre os dias 10 (dia de Imprensa) e 19 de janeiro de 2025, no centro de exposi\u00e7\u00f5es Brussels Expo.<\/p>\n<p style=\"text-align: justify;\">Inspirado no\u00a0concept\u00a0DS AERO SPORT LOUNGE, o DS N\u00b08 espelha uma qualidade irrepreens\u00edvel, uma autonomia alargada e um conforto absoluto, tornando-o no mais sereno dos autom\u00f3veis el\u00e9tricos. Mais do que nunca, o DS N\u00b08 encarna a serenidade din\u00e2mica num novo formato de SUV Coup\u00e9. Primeira cria\u00e7\u00e3o exclusivamente 100% el\u00e9trica da Marca, o DS N\u00b08 oferece uma autonomia combinada de 750 km (ciclo WLTP) e mais de 500 km em autoestrada, gra\u00e7as a um not\u00e1vel Cx de 0,24. Com uma pot\u00eancia at\u00e9 350 cv e dispon\u00edvel em 2 ou 4 rodas motrizes, o DS N\u00b08 redefine os padr\u00f5es de conforto e representa uma nova Arte Francesa de Viajar em autom\u00f3vel el\u00e9trico.<\/p>\n<p style=\"text-align: justify;\">O DS N\u00b08 estar\u00e1 exposto no stand da DS Automobiles, no cora\u00e7\u00e3o do espa\u00e7o\u00a0premium\u00a0do Grupo Stellantis, no Hall 5 do centro de exposi\u00e7\u00f5es Brussels Expo. Os visitantes poder\u00e3o tamb\u00e9m ver este autom\u00f3vel em pormenor din\u00e2mico atrav\u00e9s de um ecr\u00e3 gigante, admirar as suas diferentes cores e combina\u00e7\u00f5es interiores e at\u00e9 configur\u00e1-lo com a ferramenta digital imersiva DS DESIGN STUDIO.<\/p>\n<p style=\"text-align: justify;\">O modelo em exposi\u00e7\u00e3o, em acabamento \u00c9TOILE, ostentar\u00e1 uma cor Cristal Pearl com um tom preto alargado bi-ton no tejadilho e no capot, bem como um interior em couro Nappa Brun Alezan.<\/p>\n<p style=\"text-align: justify;\">Adicionalmente, a DS Automobiles ira expor tr\u00eas outros modelos eletrificados no seu stand, ilustrando a riqueza das solu\u00e7\u00f5es propostas pela Marca para responder \u00e0s necessidades individuais:<\/p>\n<p style=\"text-align: justify;\"><strong>DS 3 E-TENSE<\/strong><\/p>\n<p style=\"text-align: justify;\">Em Vermelho Diva com interior em Alcantara\u00ae\u00a0Preto Profundo, este SUV urbano chique destaca-se pelo seu design elegante, acabamentos topo de gama e materiais de qualidade, bem como pelo seu desempenho din\u00e2mico de primeira classe. O DS 3 E-TENSE 100% el\u00e9trico disp\u00f5e de uma bateria de 54 kWh, conferindo-lhe uma autonomia de 404 km (ciclo combinado WLTP) e 156 cv de pot\u00eancia para um desempenho de topo, tudo isto num sil\u00eancio apaziguador que oferece um conforto de condu\u00e7\u00e3o inigual\u00e1vel.<\/p>\n<p style=\"text-align: justify;\"><strong>DS 4 HYBRID<\/strong><\/p>\n<p style=\"text-align: justify;\">Na cor Cinzento Platina e o interior em Alcantara\u00ae\u00a0Preto Profundo, o DS 4 HYBRID apresenta um design carism\u00e1tico e din\u00e2mico e uma tecnologia avan\u00e7ada. O seu motor HYBRID de 136 cv permite o acesso \u00e0 eletrifica\u00e7\u00e3o com carregamento autom\u00e1tico, oferecendo uma redu\u00e7\u00e3o de mais de 15% das emiss\u00f5es de CO2\u00a0e dos consumos de combust\u00edvel, com a possibilidade de passar mais de 50% do tempo de viagem em cidade sem emiss\u00f5es de escape.<\/p>\n<p style=\"text-align: justify;\"><strong>DS 7 PLUG-IN HYBRID 225<\/strong><\/p>\n<p style=\"text-align: justify;\">Elegante, din\u00e2mico e robusto, com linhas fluidas e atl\u00e9ticas e uma estatura imponente, o DS 7 PLUG-IN HYBRID 225 ser\u00e1 exposto numa pintura exclusiva em Preto Perla Nera, com um interior em Preto Alcantara\u00ae.<\/p>\n<p style=\"text-align: justify;\">O DS 7 PLUG-IN HYBRID 225, uma proposta h\u00edbrida recarreg\u00e1vel, pode percorrer at\u00e9 65 km, ou at\u00e9 mesmo 80 km em cidade, com energia 100% el\u00e9trica (valores WLTP). Combinando flexibilidade e dinamismo, a combina\u00e7\u00e3o de energia el\u00e9trica e gasolina proporciona sensa\u00e7\u00f5es e conforto para uma experi\u00eancia de condu\u00e7\u00e3o not\u00e1vel.<\/p>\n<p style=\"text-align: justify;\">Os modelos expostos no stand da DS Automobiles ser\u00e3o configur\u00e1veis atrav\u00e9s da plataforma DS DESIGN STUDIO, uma ferramenta digital imersiva que permitir\u00e1 aos visitantes personalizarem o seu modelo DS de uma forma \u00fanica, de acordo com as suas prefer\u00eancias.<\/p>\n<p style=\"text-align: justify;\">Por ocasi\u00e3o da Estreia Mundial do DS N\u00b08, estar\u00e3o presentes v\u00e1rios representantes da Marca:<\/p>\n<ul type=\"disc\">\n<li style=\"text-align: justify;\">Agn\u00e8s Tesson-Faget, Diretora de Produto, DS Automobiles<\/li>\n<li style=\"text-align: justify;\">Thierry Metroz, Diretor de Design, DS Automobiles<\/li>\n<li style=\"text-align: justify;\">Bastien Schupp, Diretor de Marketing e Comunica\u00e7\u00e3o, DS Automobiles<\/li>\n<li style=\"text-align: justify;\">Philippe Narbeburu, Diretor de Vendas, DS Automobiles<\/li>\n<\/ul>\n","protected":false},"excerpt":{"rendered":"<p>Novo porta-estandarte 100% el\u00e9trico da DS Automobiles, o DS N\u00b08 far\u00e1 a sua Estreia Mundial no Sal\u00e3o de Bruxelas, a partir de 10 de janeiro de 2025. Juntamente com o DS N\u00b08, a DS Automobiles ir\u00e1 expor toda a sua gama eletrificada, incluindo um DS 7 com uma pintura exclusiva, colocado ao centro de um [&hellip;]<\/p>\n","protected":false},"author":2,"featured_media":12929,"comment_status":"closed","ping_status":"open","sticky":false,"template":"","format":"standard","meta":{"_editorskit_title_hidden":false,"_editorskit_reading_time":0,"_editorskit_is_block_options_detached":false,"_editorskit_block_options_position":"{}","om_disable_all_campaigns":false,"_monsterinsights_skip_tracking":false,"_monsterinsights_sitenote_active":false,"_monsterinsights_sitenote_note":"","_monsterinsights_sitenote_category":0,"_uf_show_specific_survey":0,"_uf_disable_surveys":false,"site-sidebar-layout":"default","site-content-layout":"","ast-site-content-layout":"default","site-content-style":"default","site-sidebar-style":"default","ast-global-header-display":"","ast-banner-title-visibility":"","ast-main-header-display":"","ast-hfb-above-header-display":"","ast-hfb-below-header-display":"","ast-hfb-mobile-header-display":"","site-post-title":"","ast-breadcrumbs-content":"","ast-featured-img":"","footer-sml-layout":"","theme-transparent-header-meta":"default","adv-header-id-meta":"","stick-header-meta":"default","header-above-stick-meta":"","header-main-stick-meta":"","header-below-stick-meta":"","astra-migrate-meta-layouts":"set","ast-page-background-enabled":"default","ast-page-background-meta":{"desktop":{"background-color":"","background-image":"","background-repeat":"repeat","background-position":"center center","background-size":"auto","background-attachment":"scroll","background-type":"","background-media":"","overlay-type":"","overlay-color":"","overlay-opacity":"","overlay-gradient":""},"tablet":{"background-color":"","background-image":"","background-repeat":"repeat","background-position":"center center","background-size":"auto","background-attachment":"scroll","background-type":"","background-media":"","overlay-type":"","overlay-color":"","overlay-opacity":"","overlay-gradient":""},"mobile":{"background-color":"","background-image":"","background-repeat":"repeat","background-position":"center center","background-size":"auto","background-attachment":"scroll","background-type":"","background-media":"","overlay-type":"","overlay-color":"","overlay-opacity":"","overlay-gradient":""}},"ast-content-background-meta":{"desktop":{"background-color":"var(--ast-global-color-5)","background-image":"","background-repeat":"repeat","background-position":"center center","background-size":"auto","background-attachment":"scroll","background-type":"","background-media":"","overlay-type":"","overlay-color":"","overlay-opacity":"","overlay-gradient":""},"tablet":{"background-color":"var(--ast-global-color-5)","background-image":"","background-repeat":"repeat","background-position":"center center","background-size":"auto","background-attachment":"scroll","background-type":"","background-media":"","overlay-type":"","overlay-color":"","overlay-opacity":"","overlay-gradient":""},"mobile":{"background-color":"var(--ast-global-color-5)","background-image":"","background-repeat":"repeat","background-position":"center center","background-size":"auto","background-attachment":"scroll","background-type":"","background-media":"","overlay-type":"","overlay-color":"","overlay-opacity":"","overlay-gradient":""}},"footnotes":""},"categories":[13],"tags":[],"class_list":["post-12928","post","type-post","status-publish","format-standard","has-post-thumbnail","hentry","category-comercio"],"aioseo_notices":[],"_links":{"self":[{"href":"https:\/\/contarotacoes.com\/index.php?rest_route=\/wp\/v2\/posts\/12928","targetHints":{"allow":["GET"]}}],"collection":[{"href":"https:\/\/contarotacoes.com\/index.php?rest_route=\/wp\/v2\/posts"}],"about":[{"href":"https:\/\/contarotacoes.com\/index.php?rest_route=\/wp\/v2\/types\/post"}],"author":[{"embeddable":true,"href":"https:\/\/contarotacoes.com\/index.php?rest_route=\/wp\/v2\/users\/2"}],"replies":[{"embeddable":true,"href":"https:\/\/contarotacoes.com\/index.php?rest_route=%2Fwp%2Fv2%2Fcomments&post=12928"}],"version-history":[{"count":1,"href":"https:\/\/contarotacoes.com\/index.php?rest_route=\/wp\/v2\/posts\/12928\/revisions"}],"predecessor-version":[{"id":12930,"href":"https:\/\/contarotacoes.com\/index.php?rest_route=\/wp\/v2\/posts\/12928\/revisions\/12930"}],"wp:featuredmedia":[{"embeddable":true,"href":"https:\/\/contarotacoes.com\/index.php?rest_route=\/wp\/v2\/media\/12929"}],"wp:attachment":[{"href":"https:\/\/contarotacoes.com\/index.php?rest_route=%2Fwp%2Fv2%2Fmedia&parent=12928"}],"wp:term":[{"taxonomy":"category","embeddable":true,"href":"https:\/\/contarotacoes.com\/index.php?rest_route=%2Fwp%2Fv2%2Fcategories&post=12928"},{"taxonomy":"post_tag","embeddable":true,"href":"https:\/\/contarotacoes.com\/index.php?rest_route=%2Fwp%2Fv2%2Ftags&post=12928"}],"curies":[{"name":"wp","href":"https:\/\/api.w.org\/{rel}","templated":true}]}}