{"id":12297,"date":"2024-11-15T22:29:12","date_gmt":"2024-11-15T22:29:12","guid":{"rendered":"https:\/\/contarotacoes.com\/?p=12297"},"modified":"2024-11-15T22:29:12","modified_gmt":"2024-11-15T22:29:12","slug":"renault-5-e-tech-100-eletrico-e-o-alpine-a290-sao-finalistas-do-carro-do-ano-2025","status":"publish","type":"post","link":"https:\/\/contarotacoes.com\/?p=12297","title":{"rendered":"Renault 5 E-Tech 100% el\u00e9trico e o Alpine A290 s\u00e3o finalistas do carro do ano 2025"},"content":{"rendered":"<ul>\n<li style=\"text-align: justify;\"><strong>O Renault 5 E-Tech 100% el\u00e9trico e o Alpine A290 est\u00e3o entre os sete finalistas selecionados pelo j\u00fari do Carro Europeu do Ano para o pr\u00e9mio Carro do Ano 2025.<\/strong><\/li>\n<li style=\"text-align: justify;\"><strong>Ambos baseados na plataforma AmpR Small, o Renault 5 E-Tech 100% el\u00e9trico e o Alpine A290 correm juntos como co-finalistas ao prestigiado pr\u00e9mio.<\/strong><\/li>\n<li style=\"text-align: justify;\"><strong>Pelo quarto ano consecutivo, a Renault tem um autom\u00f3vel pr\u00e9-selecionado entre os sete finalistas do prestigiado pr\u00e9mio COTY.<\/strong><\/li>\n<li style=\"text-align: justify;\"><strong>O Renault 5 E-Tech 100% el\u00e9trico vai tentar repetir o sucesso do Scenic E-Tech 100% el\u00e9trico, vencedor em 2024.<\/strong><\/li>\n<\/ul>\n<p style=\"text-align: justify;\">O Renault 5 E-Tech 100% el\u00e9trico \u00e9 um dos sete finalistas selecionados pelo j\u00fari do Carro Europeu do Ano para o prestigiado pr\u00e9mio Carro do Ano 2025. Um j\u00fari de 60 jornalistas, de 23 pa\u00edses, testou e avaliou um total de 42 autom\u00f3veis antes de selecionar os sete finalistas. Sucedendo ao vencedor do ano passado &#8211; o Scenic E-Tech 100% el\u00e9trico &#8211; o vencedor ser\u00e1 anunciado, a 10 de janeiro de 2025, no Sal\u00e3o Autom\u00f3vel de Bruxelas.<\/p>\n<p style=\"text-align: justify;\">Pelo quarto ano consecutivo, a Renault tem um modelo entre os sete finalistas:<\/p>\n<ul style=\"text-align: justify;\">\n<li>2022: Megane E-Tech 100% el\u00e9trico<\/li>\n<li>2023: Austral<\/li>\n<li>2024: Scenic E-Tech 100% el\u00e9trico (vencedor)<\/li>\n<li>2025: Renault 5 E-Tech el\u00e9trico<\/li>\n<\/ul>\n<p style=\"text-align: justify;\">A Alpine, que tamb\u00e9m competiu na final de 2019 com o seu ic\u00f3nico A110, est\u00e1 de novo na \u00faltima corrida da elei\u00e7\u00e3o com o A290, o seu nov\u00edssimo\u00a0hot hatch\u00a0100% el\u00e9trico, ao lado do Renault 5 E-Tech 100% el\u00e9trico.<\/p>\n<p style=\"text-align: justify;\"><strong>Um\u00a0Renaulutionary\u00a0\u00edcone pop el\u00e9trico<\/strong><\/p>\n<p style=\"text-align: justify;\">Lan\u00e7ado em 1972, o Renault 5 original imp\u00f4s-se com um design moderno e inconformista. Para milh\u00f5es de fam\u00edlias, era um autom\u00f3vel que respondia aos desafios da \u00e9poca.<\/p>\n<p style=\"text-align: justify;\">Em 2024, o original \u00e9 reinventado com o Renault 5 E-Tech 100% el\u00e9trico. Um autom\u00f3vel totalmente el\u00e9trico, com 3,94 metros de comprimento, com um design que conquista os cora\u00e7\u00f5es. Constru\u00eddo sobre a nova plataforma AmpR Small, com uma suspens\u00e3o traseira multi-link emprestada do segmento acima, este verdadeiro \u00edcone pop el\u00e9trico proporciona uma experi\u00eancia de condu\u00e7\u00e3o din\u00e2mica e agrad\u00e1vel. Ao mesmo tempo, as suas carater\u00edsticas el\u00e9tricas e digitais s\u00e3o funcionais e divertidas. Fabricado no \u00e2mbito de uma produ\u00e7\u00e3o sustent\u00e1vel, o Renault 5 E-Tech 100% el\u00e9trico re\u00fane as qualidades para se afirmar como o citadino de refer\u00eancia da transi\u00e7\u00e3o energ\u00e9tica.<\/p>\n<p style=\"text-align: justify;\">H\u00e1 mais de doze anos que a Renault procura colocar a mobilidade el\u00e9trica ao alcance de todos. Ap\u00f3s o lan\u00e7amento de dois autom\u00f3veis totalmente el\u00e9tricos no segmento C &#8211; o Megane E-Tech \u00a0100% el\u00e9trico e o Scenic E-Tech 100% el\u00e9trico &#8211; a Renault volta a sua aten\u00e7\u00e3o para o segmento B, com o Renault 5 E-Tech 100% el\u00e9trico, a que se seguir\u00e1 o rec\u00e9m apresentado Renault 4 E-Tech 100% el\u00e9trico. Estes dois modelos desempenham um papel fundamental na acelera\u00e7\u00e3o da ado\u00e7\u00e3o de autom\u00f3veis el\u00e9tricos e no refor\u00e7o da posi\u00e7\u00e3o da Renault como l\u00edder nesta nova era da mobilidade sustent\u00e1vel.<\/p>\n<p style=\"text-align: justify;\"><strong>Alpine A290, o hot hatch para a era el\u00e9trica<\/strong><\/p>\n<p style=\"text-align: justify;\">Com o lan\u00e7amento do A290, a Alpine entra numa nova era de desportivismo el\u00e9trico reinventado. Ressuscita a categoria dita \u201chot hatch\u201d e inicia a primeira etapa da Alpine Dream Garage, apresentada em 2021 no \u00e2mbito do plano Renaulution. Em breve, o A390 sport fastback e o novo A110 el\u00e9trico ir\u00e3o juntar-se ao A290.<\/p>\n<p style=\"text-align: justify;\">Refor\u00e7ado com o ADN Alpine, o A290 re\u00fane num citadino desportivo as sensa\u00e7\u00f5es t\u00e3o apreciadas ao volante do A110. Desenvolvido sobre a plataforma AmpR Small, partilhada com o Renault 5 E-Tech 100% el\u00e9trico, o A290 \u00e9 compacto, \u00e1gil e oferece um desempenho elevado, f\u00e1cil de explorar, garantindo ao mesmo tempo uma utiliza\u00e7\u00e3o quotidiana confort\u00e1vel.<\/p>\n<p style=\"text-align: justify;\">Com um design elegante, carater\u00edsticas t\u00e9cnicas de primeira ordem, conetividade ultra-completa e numerosas possibilidades de personaliza\u00e7\u00e3o da condu\u00e7\u00e3o, o Alpine A290 \u00e9 um Alpine de nova gera\u00e7\u00e3o, concebido para abra\u00e7ar a era el\u00e9trica.<\/p>\n<p style=\"text-align: justify;\">O A290 tamb\u00e9m \u00e9 fabricado em Fran\u00e7a, na F\u00e1brica de Douai, parte da ElectriCity, e os seus motores el\u00e9tricos de 180 cv e 220 cv prov\u00eam das instala\u00e7\u00f5es de Cl\u00e9on.<\/p>\n","protected":false},"excerpt":{"rendered":"<p>O Renault 5 E-Tech 100% el\u00e9trico e o Alpine A290 est\u00e3o entre os sete finalistas selecionados pelo j\u00fari do Carro Europeu do Ano para o pr\u00e9mio Carro do Ano 2025. Ambos baseados na plataforma AmpR Small, o Renault 5 E-Tech 100% el\u00e9trico e o Alpine A290 correm juntos como co-finalistas ao prestigiado pr\u00e9mio. Pelo quarto [&hellip;]<\/p>\n","protected":false},"author":2,"featured_media":12298,"comment_status":"closed","ping_status":"open","sticky":false,"template":"","format":"standard","meta":{"_editorskit_title_hidden":false,"_editorskit_reading_time":0,"_editorskit_is_block_options_detached":false,"_editorskit_block_options_position":"{}","om_disable_all_campaigns":false,"_monsterinsights_skip_tracking":false,"_monsterinsights_sitenote_active":false,"_monsterinsights_sitenote_note":"","_monsterinsights_sitenote_category":0,"_uf_show_specific_survey":0,"_uf_disable_surveys":false,"site-sidebar-layout":"default","site-content-layout":"","ast-site-content-layout":"default","site-content-style":"default","site-sidebar-style":"default","ast-global-header-display":"","ast-banner-title-visibility":"","ast-main-header-display":"","ast-hfb-above-header-display":"","ast-hfb-below-header-display":"","ast-hfb-mobile-header-display":"","site-post-title":"","ast-breadcrumbs-content":"","ast-featured-img":"","footer-sml-layout":"","theme-transparent-header-meta":"default","adv-header-id-meta":"","stick-header-meta":"default","header-above-stick-meta":"","header-main-stick-meta":"","header-below-stick-meta":"","astra-migrate-meta-layouts":"set","ast-page-background-enabled":"default","ast-page-background-meta":{"desktop":{"background-color":"","background-image":"","background-repeat":"repeat","background-position":"center center","background-size":"auto","background-attachment":"scroll","background-type":"","background-media":"","overlay-type":"","overlay-color":"","overlay-opacity":"","overlay-gradient":""},"tablet":{"background-color":"","background-image":"","background-repeat":"repeat","background-position":"center center","background-size":"auto","background-attachment":"scroll","background-type":"","background-media":"","overlay-type":"","overlay-color":"","overlay-opacity":"","overlay-gradient":""},"mobile":{"background-color":"","background-image":"","background-repeat":"repeat","background-position":"center center","background-size":"auto","background-attachment":"scroll","background-type":"","background-media":"","overlay-type":"","overlay-color":"","overlay-opacity":"","overlay-gradient":""}},"ast-content-background-meta":{"desktop":{"background-color":"var(--ast-global-color-5)","background-image":"","background-repeat":"repeat","background-position":"center center","background-size":"auto","background-attachment":"scroll","background-type":"","background-media":"","overlay-type":"","overlay-color":"","overlay-opacity":"","overlay-gradient":""},"tablet":{"background-color":"var(--ast-global-color-5)","background-image":"","background-repeat":"repeat","background-position":"center center","background-size":"auto","background-attachment":"scroll","background-type":"","background-media":"","overlay-type":"","overlay-color":"","overlay-opacity":"","overlay-gradient":""},"mobile":{"background-color":"var(--ast-global-color-5)","background-image":"","background-repeat":"repeat","background-position":"center center","background-size":"auto","background-attachment":"scroll","background-type":"","background-media":"","overlay-type":"","overlay-color":"","overlay-opacity":"","overlay-gradient":""}},"footnotes":""},"categories":[13],"tags":[],"class_list":["post-12297","post","type-post","status-publish","format-standard","has-post-thumbnail","hentry","category-comercio"],"aioseo_notices":[],"_links":{"self":[{"href":"https:\/\/contarotacoes.com\/index.php?rest_route=\/wp\/v2\/posts\/12297","targetHints":{"allow":["GET"]}}],"collection":[{"href":"https:\/\/contarotacoes.com\/index.php?rest_route=\/wp\/v2\/posts"}],"about":[{"href":"https:\/\/contarotacoes.com\/index.php?rest_route=\/wp\/v2\/types\/post"}],"author":[{"embeddable":true,"href":"https:\/\/contarotacoes.com\/index.php?rest_route=\/wp\/v2\/users\/2"}],"replies":[{"embeddable":true,"href":"https:\/\/contarotacoes.com\/index.php?rest_route=%2Fwp%2Fv2%2Fcomments&post=12297"}],"version-history":[{"count":1,"href":"https:\/\/contarotacoes.com\/index.php?rest_route=\/wp\/v2\/posts\/12297\/revisions"}],"predecessor-version":[{"id":12299,"href":"https:\/\/contarotacoes.com\/index.php?rest_route=\/wp\/v2\/posts\/12297\/revisions\/12299"}],"wp:featuredmedia":[{"embeddable":true,"href":"https:\/\/contarotacoes.com\/index.php?rest_route=\/wp\/v2\/media\/12298"}],"wp:attachment":[{"href":"https:\/\/contarotacoes.com\/index.php?rest_route=%2Fwp%2Fv2%2Fmedia&parent=12297"}],"wp:term":[{"taxonomy":"category","embeddable":true,"href":"https:\/\/contarotacoes.com\/index.php?rest_route=%2Fwp%2Fv2%2Fcategories&post=12297"},{"taxonomy":"post_tag","embeddable":true,"href":"https:\/\/contarotacoes.com\/index.php?rest_route=%2Fwp%2Fv2%2Ftags&post=12297"}],"curies":[{"name":"wp","href":"https:\/\/api.w.org\/{rel}","templated":true}]}}