{"id":12115,"date":"2024-11-11T22:11:35","date_gmt":"2024-11-11T22:11:35","guid":{"rendered":"https:\/\/contarotacoes.com\/?p=12115"},"modified":"2024-11-11T22:11:35","modified_gmt":"2024-11-11T22:11:35","slug":"porsche-sprint-challenge-iberica-muita-emocao-em-barcelona-no-fecho-da-temporada","status":"publish","type":"post","link":"https:\/\/contarotacoes.com\/?p=12115","title":{"rendered":"Porsche Sprint Challenge Ib\u00e9rica: muita emo\u00e7\u00e3o em Barcelona no fecho da temporada!"},"content":{"rendered":"<p style=\"text-align: justify;\">As duas corridas finais da edi\u00e7\u00e3o 2024 da Porsche Sprint Challenge Ib\u00e9rica entusiasmaram os muitos milhares de espetadores que encheram as bancadas do Circuito de Barcelona \u2013 Catalunha. Dylan Pereira levou o Porsche 991.2 GT3 Cup da Veloso Motorsport a uma dupla vit\u00f3ria na ronda, mas n\u00e3o sem que o consagrado piloto luso-luxemburgu\u00eas enfrentasse forte oposi\u00e7\u00e3o, sobretudo na Corrida 2. Jorge Ramirez conquistou o \u00fanico t\u00edtulo ainda em aberto, sagrando-se campe\u00e3o do Grupo 992.<\/p>\n<p style=\"text-align: justify;\">As duas vit\u00f3rias alcan\u00e7adas pelo campe\u00e3o de 2022 da Porsche Supercup deram corpo ao seu natural favoritismo, mas n\u00e3o foram nenhum \u201cpasseio no parque\u201d, pois, o alto n\u00edvel competitivo dos pilotos que integram a Porsche Sprint Challenge Ib\u00e9rica for\u00e7ou Dylan Pereira a colocar em pista todo o seu talento.<\/p>\n<p style=\"text-align: justify;\">No Qualifying Dylan foi o mais r\u00e1pido, mas vendo o portugu\u00eas Gon\u00e7alo Fernandes (Porsche 991.2 GT3 Cup) a ficar apenas a 7 d\u00e9cimos de segundo, numa sess\u00e3o em que Manuel Alves foi o terceiro melhor, Jorge Ramirez o quarto e l\u00edder dos 992 GT3 Cup. Rui Miritta colocou o melhor dos modelos 991.1 GT3 Cup no 11\u00ba lugar da sess\u00e3o.<\/p>\n<p style=\"text-align: justify;\"><strong>Corrida 1: Dylan Pereira triunfa com autoridade<\/strong><\/p>\n<p style=\"text-align: justify;\">V\u00e1rios duelos muito intensos foram protagonizados pela \u201carmada\u201d Porsche ao longo de toda a corrida, que levaram mesmo \u00e0 introdu\u00e7\u00e3o de tr\u00eas per\u00edodos distintos de \u201cFull Course Yellow\u201d e \u00e0 atribui\u00e7\u00e3o de v\u00e1rias penaliza\u00e7\u00f5es e uma desclassifica\u00e7\u00e3o, j\u00e1 ap\u00f3s o fecho da corrida.<\/p>\n<p style=\"text-align: justify;\">Quem foi completamente imune a todos os incidentes foi Dylan Pereira que n\u00e3o se deixou surpreender na partida, assumindo logo o comando, que n\u00e3o mais largaria at\u00e9 \u00e0 bandeira de xadrez, cortando a meta com quase 16 segundos de vantagem sobre Manuel Alves. Vasco Barros, colega de equipa de Alves na LOB Motorsport, fechou o p\u00f3dio absoluto, garantindo o 3\u00ba posto, a 20 segundos do vencedor. Os tr\u00eas pilotos repetiram as posi\u00e7\u00f5es no Grupo 991.2 e na Classe PROAM.<\/p>\n<p style=\"text-align: justify;\">Na luta pelo t\u00edtulo no Grupo 992, que apresentava \u00e0 partida em Barcelona tr\u00eas pretendentes, quem saiu beneficiado nesta Corrida 1 foi o colombiano Juan Vega. O piloto da Hadeca Racing terminou a corrida no 2\u00ba lugar do Grupo, atr\u00e1s do espanhol Alejandro Barambio (Equipo GT Corse), mas este n\u00e3o pontuava para o campeonato. Vega viu ainda o seu colega de equipa e advers\u00e1rio no ataque ao t\u00edtulo Yuri Protasov ser desclassificado e Jorge Ramirez (RGB Racing Team) desistir. Com tudo isto, o trio iria para a \u00faltima prova do ano num intervalo de apenas 6 pontos, com Ramirez em 1\u00ba, Protasov em 2\u00ba e Vega no 3\u00ba posto.<\/p>\n<p style=\"text-align: justify;\">As contas do p\u00f3dio na corrida referentes ao Grupo 992 fecharam com a presen\u00e7a de Oleksandr Dobik no 3\u00ba posto. O ucraniano da Hadeca Racing logrou ainda conquistar o triunfo na Classe GD, terminando a corrida no 8\u00ba posto da geral. J\u00e1 na Classe AM, Barambio venceu, Gon\u00e7alo Fernandes foi 2\u00ba e Vega garantiu o 3\u00ba lugar, com os tr\u00eas pilotos a dobrarem a linha de meta na 4\u00aa, 5\u00ba e 6\u00aa posi\u00e7\u00e3o da geral.<\/p>\n<p style=\"text-align: justify;\">Rui Miritta n\u00e3o deu veleidades e venceu com autoridade no Grupo 991.1, na frente de Filipe Nascimento (Orbital Ignition Racing Team). O piloto da Monteiros Competi\u00e7\u00f5es foi ainda 9\u00ba da geral e segundo nas lides da Classe GD, enquanto Nascimento assegurava o 3\u00ba lugar nesta classe.<\/p>\n<p style=\"text-align: justify;\"><strong>Corrida 2: Dylan Pereira resiste aos ataques de Borja Garcia e faz o pleno<\/strong><\/p>\n<p style=\"text-align: justify;\">Bom tempo, muito p\u00fablico, grelha recheada em quantidade e qualidade, marcaram o arranque da \u00faltima corrida da temporada 2024 da Porsche Sprint Challenge Ib\u00e9rica.<\/p>\n<p style=\"text-align: justify;\">Como sempre, a grelha de partida foi constru\u00edda com base na classifica\u00e7\u00e3o geral da Corrida 1, invertendo os oito primeiros classificados. Assim, Oleksandr Dobik, no 992 GT3 Cup da Hadeca Racing e Jo\u00e3o Macedo e Silva, num 991,1 GT3 Cup guindaram-se \u00e0 primeira fila, enquanto Dylan Pereira ficava remetido \u00e0 quarta linha, sendo grande a curiosidade sobre quanto tempo o piloto da Veloso Motorsport demoraria a chegar aos lugares da frente.<\/p>\n<p style=\"text-align: justify;\">A resposta veio pronto e, merc\u00ea de um arranque fulgurante, o luso-luxemburgu\u00eas saltou para a segunda posi\u00e7\u00e3o logo nas primeiras curvas, enquanto Juan Veja saltava da 3\u00aa fila para o comando. Mas, o colombiano pouco resistiu aos ataques de Dylan Pereira que, ainda na volta inaugural, chegou \u00e0 lideran\u00e7a e pairou no ar a amea\u00e7a de nova superioridade absoluto do piloto da Veloso Motorsport.<\/p>\n<p style=\"text-align: justify;\">Assim n\u00e3o foi, porque, entretanto, Borja Garcia, que largou da 2\u00aa fila aos comandos do Porsche 992 GT3 Cup da Equipo GT Corse, tinha chegado ao 2\u00ba lugar e foi no encal\u00e7o do comandante da corrida. Os dois viriam a protagonizar o mais longo e impressionante duelo do fim-de-semana.<\/p>\n<p style=\"text-align: justify;\">Garcia tudo tentou durante os 28 minutos + 1 volta da corrida, colando-se \u00e0 traseira do Porsche 991.2 de Dylan Pereira e ensaiando todas as manobras poss\u00edveis para consumar a ultrapassagem, mas, sempre sem \u00eaxito, merc\u00ea da maestria com que o luso-luxemburgu\u00eas defendeu a posi\u00e7\u00e3o. Dylan Pereira cruzou a meta com pouco mais de um segundo sobre Borja Garcia, enquanto Manuel Alves, num dos Porsche 991.2 GT3 Cup da LOB Motorsport assegurava o 3\u00ba lugar da geral. Os tr\u00eas preencheram tamb\u00e9m o p\u00f3dio da Classe PROAM. Dylan Pereira fez o pleno, vencendo ainda o Grupo 991.2, sendo aqui secundado por Manuel Alves e Gon\u00e7alo Fernandes, que levou o seu carro ao 4\u00ba lugar da geral e \u00e0 vit\u00f3ria na Classe AM.<\/p>\n<p style=\"text-align: justify;\">Quanto \u00e0 discuss\u00e3o do t\u00edtulo no Grupo 992, Jorge Ramirez conseguiu segurar ao longo da corrida todos os ataques de Juan Vega e sagrar-se campe\u00e3o, tendo ainda visto Yuri Protasov abandonar precocemente a corrida, logo \u00e0 passagem da 6\u00aa volta. Ramirez deu na corrida \u00e0 RGB Racing Team tamb\u00e9m o 2\u00ba lugar no Grupo 992 e na Classe AM, enquanto Vega tamb\u00e9m assegurava para a Hadeca Racing um duplo 3\u00ba posto.<\/p>\n<p style=\"text-align: justify;\">No que concerne ao Grupo 991.1, novo dom\u00ednio de Rui Miritta, voltando Filipe Nascimento a garantir o 2\u00ba lugar. Miritta e Nascimento levaram os seus Porsche 991.1 GT3 Cup a mais um p\u00f3dio na Classe GD, secundando Oleksandr Dobik. O ucraniano da Hadeca Racing fechou em Barcelona as contas da vit\u00f3ria final na geral desta classe.<\/p>\n<p style=\"text-align: justify;\">Uma palavra final para Francisca Queiroz que coroou uma \u00e9poca muito positiva com mais um fim-de-semana sem erros e um Top 10, desta feita na Corrida 1, sendo a melhor piloto feminina em competi\u00e7\u00e3o.<\/p>\n","protected":false},"excerpt":{"rendered":"<p>As duas corridas finais da edi\u00e7\u00e3o 2024 da Porsche Sprint Challenge Ib\u00e9rica entusiasmaram os muitos milhares de espetadores que encheram as bancadas do Circuito de Barcelona \u2013 Catalunha. Dylan Pereira levou o Porsche 991.2 GT3 Cup da Veloso Motorsport a uma dupla vit\u00f3ria na ronda, mas n\u00e3o sem que o consagrado piloto luso-luxemburgu\u00eas enfrentasse forte [&hellip;]<\/p>\n","protected":false},"author":2,"featured_media":12116,"comment_status":"closed","ping_status":"open","sticky":false,"template":"","format":"standard","meta":{"_editorskit_title_hidden":false,"_editorskit_reading_time":0,"_editorskit_is_block_options_detached":false,"_editorskit_block_options_position":"{}","om_disable_all_campaigns":false,"_monsterinsights_skip_tracking":false,"_monsterinsights_sitenote_active":false,"_monsterinsights_sitenote_note":"","_monsterinsights_sitenote_category":0,"_uf_show_specific_survey":0,"_uf_disable_surveys":false,"site-sidebar-layout":"default","site-content-layout":"","ast-site-content-layout":"default","site-content-style":"default","site-sidebar-style":"default","ast-global-header-display":"","ast-banner-title-visibility":"","ast-main-header-display":"","ast-hfb-above-header-display":"","ast-hfb-below-header-display":"","ast-hfb-mobile-header-display":"","site-post-title":"","ast-breadcrumbs-content":"","ast-featured-img":"","footer-sml-layout":"","theme-transparent-header-meta":"default","adv-header-id-meta":"","stick-header-meta":"default","header-above-stick-meta":"","header-main-stick-meta":"","header-below-stick-meta":"","astra-migrate-meta-layouts":"set","ast-page-background-enabled":"default","ast-page-background-meta":{"desktop":{"background-color":"","background-image":"","background-repeat":"repeat","background-position":"center center","background-size":"auto","background-attachment":"scroll","background-type":"","background-media":"","overlay-type":"","overlay-color":"","overlay-opacity":"","overlay-gradient":""},"tablet":{"background-color":"","background-image":"","background-repeat":"repeat","background-position":"center center","background-size":"auto","background-attachment":"scroll","background-type":"","background-media":"","overlay-type":"","overlay-color":"","overlay-opacity":"","overlay-gradient":""},"mobile":{"background-color":"","background-image":"","background-repeat":"repeat","background-position":"center center","background-size":"auto","background-attachment":"scroll","background-type":"","background-media":"","overlay-type":"","overlay-color":"","overlay-opacity":"","overlay-gradient":""}},"ast-content-background-meta":{"desktop":{"background-color":"var(--ast-global-color-5)","background-image":"","background-repeat":"repeat","background-position":"center center","background-size":"auto","background-attachment":"scroll","background-type":"","background-media":"","overlay-type":"","overlay-color":"","overlay-opacity":"","overlay-gradient":""},"tablet":{"background-color":"var(--ast-global-color-5)","background-image":"","background-repeat":"repeat","background-position":"center center","background-size":"auto","background-attachment":"scroll","background-type":"","background-media":"","overlay-type":"","overlay-color":"","overlay-opacity":"","overlay-gradient":""},"mobile":{"background-color":"var(--ast-global-color-5)","background-image":"","background-repeat":"repeat","background-position":"center center","background-size":"auto","background-attachment":"scroll","background-type":"","background-media":"","overlay-type":"","overlay-color":"","overlay-opacity":"","overlay-gradient":""}},"footnotes":""},"categories":[11],"tags":[],"class_list":["post-12115","post","type-post","status-publish","format-standard","has-post-thumbnail","hentry","category-noticias"],"aioseo_notices":[],"_links":{"self":[{"href":"https:\/\/contarotacoes.com\/index.php?rest_route=\/wp\/v2\/posts\/12115","targetHints":{"allow":["GET"]}}],"collection":[{"href":"https:\/\/contarotacoes.com\/index.php?rest_route=\/wp\/v2\/posts"}],"about":[{"href":"https:\/\/contarotacoes.com\/index.php?rest_route=\/wp\/v2\/types\/post"}],"author":[{"embeddable":true,"href":"https:\/\/contarotacoes.com\/index.php?rest_route=\/wp\/v2\/users\/2"}],"replies":[{"embeddable":true,"href":"https:\/\/contarotacoes.com\/index.php?rest_route=%2Fwp%2Fv2%2Fcomments&post=12115"}],"version-history":[{"count":1,"href":"https:\/\/contarotacoes.com\/index.php?rest_route=\/wp\/v2\/posts\/12115\/revisions"}],"predecessor-version":[{"id":12117,"href":"https:\/\/contarotacoes.com\/index.php?rest_route=\/wp\/v2\/posts\/12115\/revisions\/12117"}],"wp:featuredmedia":[{"embeddable":true,"href":"https:\/\/contarotacoes.com\/index.php?rest_route=\/wp\/v2\/media\/12116"}],"wp:attachment":[{"href":"https:\/\/contarotacoes.com\/index.php?rest_route=%2Fwp%2Fv2%2Fmedia&parent=12115"}],"wp:term":[{"taxonomy":"category","embeddable":true,"href":"https:\/\/contarotacoes.com\/index.php?rest_route=%2Fwp%2Fv2%2Fcategories&post=12115"},{"taxonomy":"post_tag","embeddable":true,"href":"https:\/\/contarotacoes.com\/index.php?rest_route=%2Fwp%2Fv2%2Ftags&post=12115"}],"curies":[{"name":"wp","href":"https:\/\/api.w.org\/{rel}","templated":true}]}}