{"id":12061,"date":"2024-11-08T19:45:15","date_gmt":"2024-11-08T19:45:15","guid":{"rendered":"https:\/\/contarotacoes.com\/?p=12061"},"modified":"2024-11-08T19:45:15","modified_gmt":"2024-11-08T19:45:15","slug":"psci-barcelona-recebe-a-ronda-final","status":"publish","type":"post","link":"https:\/\/contarotacoes.com\/?p=12061","title":{"rendered":"PSCI: Barcelona recebe a ronda final"},"content":{"rendered":"<p style=\"text-align: justify;\">O Circuito de Barcelona \u2013 Catalunha ser\u00e1 este fim-de-semana o palco privilegiado da \u00faltima ronda do ano da Porsche Sprint Challenge Ib\u00e9rica (PSCI). A \u2018armada\u2019 Porsche chega \u00e0 pista constru\u00edda em Montmel\u00f3 com o triunfo no Grupo 992 ainda em aberto, sendo v\u00e1rios os pilotos ainda com a ambi\u00e7\u00e3o de coroarem a sua \u00e9poca com a conquista do t\u00edtulo, bem como da vit\u00f3ria nas Classes AM e GD.<\/p>\n<p style=\"text-align: justify;\">Como tem sido apan\u00e1gio das rondas anteriores, ser\u00e3o muitos os motivos de interesse para seguir a PSCI no circuito catal\u00e3o. A Porsche Sprint Challenge Ib\u00e9rica tem sido palco de batalhas intensas pelas vit\u00f3rias nas corridas e pelo dom\u00ednio nos diferentes grupos e classes.<\/p>\n<p style=\"text-align: justify;\">A lista de inscritos, com algumas novidades de peso, faz antever um fim-de-semana emocionante e, quanto ao programa competitivo, amanh\u00e3, s\u00e1bado, a \u201carmada\u201d PSCI come\u00e7ar\u00e1 por ter um treino livre de 40 minutos, a partir das 11:15, decorrendo a Qualifica\u00e7\u00e3o a partir das 13:25, com uma dura\u00e7\u00e3o de 20 minutos. A Corrida 1 (28 minutos + 1 volta) acontecer\u00e1 a partir das 16:45. No Domingo, pelas 10:00, haver\u00e1 um \u201cwarm-up\u201d de 20 minutos, come\u00e7ando a Corrida 2 (28 minutos + 1 volta) \u00e0s 13:45. O hor\u00e1rio apresentado respeita o fuso hor\u00e1rio espanhol.<\/p>\n<p style=\"text-align: justify;\"><strong>Dylan Pereira e Borja Garcia juntam-se aos favoritos<\/strong><\/p>\n<p style=\"text-align: justify;\">S\u00e3o 15 os inscritos para a ronda final da PSCI e entre eles, o maior destaque vai para o regresso a este campeonato do luso-luxemburgu\u00eas Dylan Pereira, que vai alinhar aos comandos de um Porsche 991.2 GT3 Cup da Veloso Motorsport. Campe\u00e3o da Porsche Supercup em 2022 e senhor de um palmar\u00e9s internacional de fino recorte, onde tamb\u00e9m se incluem duas vit\u00f3rias na Porsche Sprint Challenge Ib\u00e9rica, na ronda de 2023 disputada no Aut\u00f3dromo do Estoril, Dylan Pereira estar\u00e1 certamente na linha da frente entre os favoritos \u00e0 vit\u00f3ria nas duas corridas do fim-de-semana, sendo esse o seu \u00fanico objetivo j\u00e1 que n\u00e3o ir\u00e1 pontuar para o campeonato, tendo o estatuto de piloto convidado.<\/p>\n<p style=\"text-align: justify;\">De volta est\u00e1 tamb\u00e9m a Equipo GT Corse, que repete a dupla de pilotos de Val\u00eancia, os espanh\u00f3is Alejandro Perea e Borja Garcia, com este \u00faltimo a ostentar o estatuto de \u00fanico piloto a ter conseguido levar de vencida Manuel Alves numa das corridas da temporada, a saber, a segunda disputada no Circuito Ricardo Tormo. Garcia \u00e9 capaz de extrair todo o potencial do Porsche 992 GT3 Cup da equipa e, na corrida em que vai participar, ser\u00e1 claramente um dos candidatos ao triunfo.<\/p>\n<p style=\"text-align: justify;\">O mesmo se aplica a Manuel Alves que, com o t\u00edtulo no Grupo 991.2 j\u00e1 garantido, querer\u00e1 juntar mais duas vit\u00f3rias ao seu impressionante pec\u00falio da temporada. O piloto da LOB Motorsport tem j\u00e1 9 vit\u00f3rias, embora se anteveja que esta ronda de Barcelona seja, possivelmente, aquela em que o piloto portugu\u00eas vai enfrentar mais oposi\u00e7\u00e3o e esta n\u00e3o vir\u00e1 apenas das novidades no alinhamento de pilotos, pois mais pilotos estar\u00e3o no tra\u00e7ado cata\u00e7\u00e3o com justificadas ambi\u00e7\u00f5es de lutarem pelos lugares cimeiros.<\/p>\n<p style=\"text-align: justify;\">No Grupo 991.2, Vasco Barros (LOB Motorsport) e Gon\u00e7alo Fernandes, t\u00eam argumentos para estarem entre os melhores da geral. Os dois v\u00e3o ainda discutir em Barcelona o 2\u00ba lugar final no campeonato do seu grupo, chegando a este \u00faltimo duplo duelo separados por apenas 2 pontos, com vantagem para Fernandes. Ainda entre os 991.2, \u00e9 grande a curiosidade sobre o que conseguir\u00e1 fazer Jo\u00e3o Macedo e Silva, nesta sua estreia na PSCI.<\/p>\n<p style=\"text-align: justify;\"><strong>Duelo a 3 pelo t\u00edtulo no Grupo 992<\/strong><\/p>\n<p style=\"text-align: justify;\">Depois de uma \u00e9poca inteira em que foram protagonistas de um duelo sem tr\u00e9guas pela supremacia no Grupo 992, tr\u00eas pilotos chegam a Barcelona com possibilidades matem\u00e1ticas de se sagrarem campe\u00f5es.<\/p>\n<p style=\"text-align: justify;\">Na frente da tabela pontual est\u00e1 o espanhol Jorge Ramirez (RGB Racing Team), que possuiu escassos 10 pontos de avan\u00e7o sobre o ucraniano Yuri Protasov, que defende as cores da Hadeca Racing, equipa que tem ainda o colombiano Juan Veja no 3\u00ba lugar do campeonato, embora j\u00e1 a 30 pontos do l\u00edder.<\/p>\n<p style=\"text-align: justify;\">Vai ser uma batalha incr\u00edvel de seguir, at\u00e9 porque o trio de pretendentes ao t\u00edtulo n\u00e3o vai estar sozinho na luta pela superioridade no Grupo 992. V\u00e3o de contar com a oposi\u00e7\u00e3o de Andr\u00e9 Fernandes (Veloso Motorsport) e &#8211; mesmo sem contarem para a luta por pontos \u2013 por parte dos dois pilotos da Equipo GT Corse, bem como de Oleksandr Dobik (Hadeca Racing) e da jovem Francisca Queir\u00f3z (Orbital Ignition Racing Team), que n\u00e3o enjeitar\u00e1 qualquer oportunidade que surja para brilhar.<\/p>\n<p style=\"text-align: justify;\">J\u00e1 no Grupo 991.1, Rui Miritta apresenta-se como grande favorito. O piloto da Monteiros Competi\u00e7\u00f5es j\u00e1 \u00e9 campe\u00e3o e querer\u00e1 comemorar o t\u00edtulo com mais dois triunfos, tendo para isso de levar de vencida Filipe Nascimento (Orbital Ignition Racing Team) e David Carvalho.<\/p>\n<p style=\"text-align: justify;\">As corridas da Porsche Sprint Challenge Ib\u00e9rica podem ser seguidas em direto no YouTube, no <a href=\"https:\/\/www.youtube.com\/@porschesprintchallengeiberica\">canal oficial<\/a> do campeonato que tem a P21 Motorsport como parceiro oficial.<\/p>\n","protected":false},"excerpt":{"rendered":"<p>O Circuito de Barcelona \u2013 Catalunha ser\u00e1 este fim-de-semana o palco privilegiado da \u00faltima ronda do ano da Porsche Sprint Challenge Ib\u00e9rica (PSCI). A \u2018armada\u2019 Porsche chega \u00e0 pista constru\u00edda em Montmel\u00f3 com o triunfo no Grupo 992 ainda em aberto, sendo v\u00e1rios os pilotos ainda com a ambi\u00e7\u00e3o de coroarem a sua \u00e9poca com [&hellip;]<\/p>\n","protected":false},"author":2,"featured_media":12062,"comment_status":"closed","ping_status":"open","sticky":false,"template":"","format":"standard","meta":{"_editorskit_title_hidden":false,"_editorskit_reading_time":0,"_editorskit_is_block_options_detached":false,"_editorskit_block_options_position":"{}","om_disable_all_campaigns":false,"_monsterinsights_skip_tracking":false,"_monsterinsights_sitenote_active":false,"_monsterinsights_sitenote_note":"","_monsterinsights_sitenote_category":0,"_uf_show_specific_survey":0,"_uf_disable_surveys":false,"site-sidebar-layout":"default","site-content-layout":"","ast-site-content-layout":"default","site-content-style":"default","site-sidebar-style":"default","ast-global-header-display":"","ast-banner-title-visibility":"","ast-main-header-display":"","ast-hfb-above-header-display":"","ast-hfb-below-header-display":"","ast-hfb-mobile-header-display":"","site-post-title":"","ast-breadcrumbs-content":"","ast-featured-img":"","footer-sml-layout":"","theme-transparent-header-meta":"default","adv-header-id-meta":"","stick-header-meta":"default","header-above-stick-meta":"","header-main-stick-meta":"","header-below-stick-meta":"","astra-migrate-meta-layouts":"set","ast-page-background-enabled":"default","ast-page-background-meta":{"desktop":{"background-color":"","background-image":"","background-repeat":"repeat","background-position":"center center","background-size":"auto","background-attachment":"scroll","background-type":"","background-media":"","overlay-type":"","overlay-color":"","overlay-opacity":"","overlay-gradient":""},"tablet":{"background-color":"","background-image":"","background-repeat":"repeat","background-position":"center center","background-size":"auto","background-attachment":"scroll","background-type":"","background-media":"","overlay-type":"","overlay-color":"","overlay-opacity":"","overlay-gradient":""},"mobile":{"background-color":"","background-image":"","background-repeat":"repeat","background-position":"center center","background-size":"auto","background-attachment":"scroll","background-type":"","background-media":"","overlay-type":"","overlay-color":"","overlay-opacity":"","overlay-gradient":""}},"ast-content-background-meta":{"desktop":{"background-color":"var(--ast-global-color-5)","background-image":"","background-repeat":"repeat","background-position":"center center","background-size":"auto","background-attachment":"scroll","background-type":"","background-media":"","overlay-type":"","overlay-color":"","overlay-opacity":"","overlay-gradient":""},"tablet":{"background-color":"var(--ast-global-color-5)","background-image":"","background-repeat":"repeat","background-position":"center center","background-size":"auto","background-attachment":"scroll","background-type":"","background-media":"","overlay-type":"","overlay-color":"","overlay-opacity":"","overlay-gradient":""},"mobile":{"background-color":"var(--ast-global-color-5)","background-image":"","background-repeat":"repeat","background-position":"center center","background-size":"auto","background-attachment":"scroll","background-type":"","background-media":"","overlay-type":"","overlay-color":"","overlay-opacity":"","overlay-gradient":""}},"footnotes":""},"categories":[11],"tags":[],"class_list":["post-12061","post","type-post","status-publish","format-standard","has-post-thumbnail","hentry","category-noticias"],"aioseo_notices":[],"_links":{"self":[{"href":"https:\/\/contarotacoes.com\/index.php?rest_route=\/wp\/v2\/posts\/12061","targetHints":{"allow":["GET"]}}],"collection":[{"href":"https:\/\/contarotacoes.com\/index.php?rest_route=\/wp\/v2\/posts"}],"about":[{"href":"https:\/\/contarotacoes.com\/index.php?rest_route=\/wp\/v2\/types\/post"}],"author":[{"embeddable":true,"href":"https:\/\/contarotacoes.com\/index.php?rest_route=\/wp\/v2\/users\/2"}],"replies":[{"embeddable":true,"href":"https:\/\/contarotacoes.com\/index.php?rest_route=%2Fwp%2Fv2%2Fcomments&post=12061"}],"version-history":[{"count":1,"href":"https:\/\/contarotacoes.com\/index.php?rest_route=\/wp\/v2\/posts\/12061\/revisions"}],"predecessor-version":[{"id":12063,"href":"https:\/\/contarotacoes.com\/index.php?rest_route=\/wp\/v2\/posts\/12061\/revisions\/12063"}],"wp:featuredmedia":[{"embeddable":true,"href":"https:\/\/contarotacoes.com\/index.php?rest_route=\/wp\/v2\/media\/12062"}],"wp:attachment":[{"href":"https:\/\/contarotacoes.com\/index.php?rest_route=%2Fwp%2Fv2%2Fmedia&parent=12061"}],"wp:term":[{"taxonomy":"category","embeddable":true,"href":"https:\/\/contarotacoes.com\/index.php?rest_route=%2Fwp%2Fv2%2Fcategories&post=12061"},{"taxonomy":"post_tag","embeddable":true,"href":"https:\/\/contarotacoes.com\/index.php?rest_route=%2Fwp%2Fv2%2Ftags&post=12061"}],"curies":[{"name":"wp","href":"https:\/\/api.w.org\/{rel}","templated":true}]}}