{"id":12011,"date":"2024-11-07T18:07:39","date_gmt":"2024-11-07T18:07:39","guid":{"rendered":"https:\/\/contarotacoes.com\/?p=12011"},"modified":"2024-11-07T18:07:39","modified_gmt":"2024-11-07T18:07:39","slug":"cntt-com-135-inscritos-na-baja-oeste-de-portugal","status":"publish","type":"post","link":"https:\/\/contarotacoes.com\/?p=12011","title":{"rendered":"CNTT com 135 inscritos na Baja Oeste de Portugal"},"content":{"rendered":"<div>\n<ul>\n<li style=\"text-align: justify;\"><strong>T\u00edtulos de campe\u00e3o em disputa nos Quad, SSV e Mini Baja<\/strong><\/li>\n<\/ul>\n<\/div>\n<div style=\"text-align: justify;\">\n<p>A regi\u00e3o Oeste de Portugal vai receber a s\u00e9tima e derradeira etapa do Campeonato Nacional de Todo-o-Terreno, a Baja Oeste de Portugal que vai percorrer pistas dos concelhos de Torres Vedras, Bombarral, Cadaval, Cadaval, Alenquer, \u00d3bidos e Sobral de Monte Agra\u00e7o. Pela frente os 135 concorrentes inscritos ter\u00e3o um percurso com 445,12 km de extens\u00e3o dos quais mais de 291,75 ser\u00e3o cronometrados. Em disputa est\u00e3o os t\u00edtulos de campe\u00e3o nacional Quad e SSV disciplinas que s\u00e3o lideradas respetivamente por Jo\u00e3o Vale e Pedro Santinho Mendes ambos em Can-Am. Nas motos Martim Ventura em Husqvarna j\u00e1 se sagrou antecipadamente campe\u00e3o nacional.<\/p>\n<p>Nas duas rodas Bruno Santos, em Husqvarna, vencedor em 2023 ser\u00e1 o grande favorito face \u00e0 aus\u00eancia dos dois principais protagonistas da temporada, o novo campe\u00e3o Martim Ventura e o campe\u00e3o 2023 Ant\u00f3nio Maio. A prova organizada pela Escuderia Castelo Branco conta ainda com um leque muito interessantes de inscritos onde se destacam os pilotos da Honda &#8211; Tom\u00e1s Dias, Gustavo Gaud\u00eancio e Jo\u00e3o Duarte &#8211; Micael Sim\u00e3o em GasGas e os irm\u00e3os Bernardo e\u00a0 David Megre em Kawasaki. De referir que para os veteranos estar\u00e1 em disputa o Trof\u00e9u Armindo Neves.<\/p>\n<p>Nos Quad a luta pelo t\u00edtulo op\u00f5e Jo\u00e3o Vale, em Can-Am, atual l\u00edder do campeonato, aos dois pilotos Yamaha que o perseguem na classifica\u00e7\u00e3o: o campe\u00e3o nacional Lu\u00eds Fernandes e o jovem Rodrigo Alves.<\/p>\n<p>Entre os SSV o Campeonato Nacional est\u00e1 extremamente renhido e matematicamente s\u00e3o seis os pilotos que ainda podem aspirar ao t\u00edtulo. Os tr\u00eas primeiros \u2013 Pedro Santinho Mendes, Nelson Caxias e Pedro Pinha &#8211; est\u00e3o separados por 4 pontos. S\u00e9rgio Batista, Luis Cidade e Pedro Antunes tamb\u00e9m podem ainda ser campe\u00f5es. Outros nomes a ter em conta e todos em Can-Am, tal como os j\u00e1 referidos, s\u00e3o o ex-campe\u00e3o Roberto Borrego, Herlander Ara\u00fajo, Pedro Grancha e os regressados Pedro Carvalho, Francisco Guedes e Nuno Madeira. De referir ainda a estreia em SSV de Ricardo Leal dos Santos.<\/p>\n<p>Entre os SSV destaque ainda para os dois trof\u00e9us monomarca propostos pela Polaris e Segway. No regressado Trof\u00e9u Polaris \u00e9 j\u00e1 campe\u00e3o Arnaldo Monteiro, t\u00edtulo que acumula com o Campeonato Stock. O 2\u00ba lugar absoluto de Tiago Guerreiro em Portalegre permite-lhe aspirar a nova vit\u00f3ria no Trof\u00e9u Polaris e tamb\u00e9m a lutar pelas primeiras posi\u00e7\u00f5es \u00e0 geral. No estreante Trof\u00e9u Segway Andr\u00e9 Rodrigues ocupa o 1\u00ba lugar com seis pontos de vantagem para H\u00e9lder Batista.<\/p>\n<p>De referir que no muito animado Campeonato de Equipas lidera o Old Friends Rally Team, seguido da Bitracing e com a Can-Am Offroad Portugal no 3\u00ba lugar.<\/p>\n<p>A Baja Oeste de Portugal arranca desportivamente na sexta-feira, dia 8 novembro, dia em que se disputa o pr\u00f3logo de 4,75 Km, em Sobral de Monte Agra\u00e7o. No S\u00e1bado, pilotos e m\u00e1quinas ter\u00e3o pela frente um primeiro setor seletivo de 173 km que ligar\u00e1 Cadaval a Vila Facaia. O segundo e derradeiro setor seletivo compreende um total de 114km, a disputar no Domingo entre Sobrena e Camarnal.<\/p>\n<p><strong>Mini Baja com 11 participantes a disputarem Trof\u00e9u Rui Ventura<\/strong><\/p>\n<p>A jornada da Baja Oeste de Portugal incluiu ainda a 5\u00aa e derradeira etapa do Campeonato Nacional Mini Baja. Domingos Cunha, em Yamaha, ocupa a lideran\u00e7a entre os Juvenis. Nos Iniciados o 1\u00ba lugar \u00e9 ocupado por Rodrigo Neves, em KTM, que disp\u00f5e de dois pontos de vantagem para Francisco Porto Nunes, em Yamaha. Santiago Pereira, tamb\u00e9m em Yamaha, \u00e9 j\u00e1 campe\u00e3o entre os Infantis. Os jovens da Mini Baja disputar\u00e3o o pr\u00f3logo no s\u00e1bado de manh\u00e3, seguido de um setor seletivo que ligar\u00e1 Sobrena a Espinheira ao longo de 55,3 km cronometrados.<\/p>\n<p>Mais informa\u00e7\u00f5es sobre a Baja Oeste de Portugal em:\u00a0<a href=\"https:\/\/escuderiacastelobranco.pt\/bop24\/\" target=\"_blank\" rel=\"noopener noreferrer\">https:\/\/escuderiacastelobranco.pt\/bop24\/<\/a><\/p>\n<p>Ou em Sportity com a pass: BOP24-BIKE<\/p>\n<\/div>\n<div style=\"text-align: justify;\">\n<p>Classifica\u00e7\u00f5es do CNTT 2024\u00a0<a href=\"https:\/\/www.fmp.pt\/wp-content\/uploads\/bsk-pdf-manager\/2024\/11\/2024-Classificacoes-Campeonato-e-Trofeus-Nacionais-de-Todo-Terreno-1.pdf\" target=\"_blank\" rel=\"noopener noreferrer\">aqui<\/a>\u00a0e Mini Baja\u00a0<a href=\"https:\/\/www.fmp.pt\/wp-content\/uploads\/bsk-pdf-manager\/2024\/10\/2024-Classificacoes-CNTT-Mini-Bajas.pdf\" target=\"_blank\" rel=\"noopener noreferrer\">aqui<\/a><\/p>\n<p>Mais informa\u00e7\u00f5es sobre o CNTT em\u00a0<a href=\"https:\/\/cntt.motosport.com.pt\/\" target=\"_blank\" rel=\"noopener noreferrer\">https:\/\/cntt.motosport.com.pt<\/a>\u00a0e\u00a0\u00a0<a href=\"http:\/\/www.facebook.com\/CampeonatoNacionaldeTT\" target=\"_blank\" rel=\"noopener noreferrer\">www.facebook.com\/CampeonatoNacionaldeTT<\/a><br \/>\nV\u00eddeos do CNTT em\u00a0<a href=\"http:\/\/www.youtube.com\/user\/A2COMUNICACAO\/videos\" target=\"_blank\" rel=\"noopener noreferrer\">www.youtube.com\/user\/A2COMUNICACAO\/videos<\/a><\/p>\n<\/div>\n","protected":false},"excerpt":{"rendered":"<p>T\u00edtulos de campe\u00e3o em disputa nos Quad, SSV e Mini Baja A regi\u00e3o Oeste de Portugal vai receber a s\u00e9tima e derradeira etapa do Campeonato Nacional de Todo-o-Terreno, a Baja Oeste de Portugal que vai percorrer pistas dos concelhos de Torres Vedras, Bombarral, Cadaval, Cadaval, Alenquer, \u00d3bidos e Sobral de Monte Agra\u00e7o. Pela frente os [&hellip;]<\/p>\n","protected":false},"author":2,"featured_media":12012,"comment_status":"closed","ping_status":"open","sticky":false,"template":"","format":"standard","meta":{"_editorskit_title_hidden":false,"_editorskit_reading_time":0,"_editorskit_is_block_options_detached":false,"_editorskit_block_options_position":"{}","om_disable_all_campaigns":false,"_monsterinsights_skip_tracking":false,"_monsterinsights_sitenote_active":false,"_monsterinsights_sitenote_note":"","_monsterinsights_sitenote_category":0,"_uf_show_specific_survey":0,"_uf_disable_surveys":false,"site-sidebar-layout":"default","site-content-layout":"","ast-site-content-layout":"default","site-content-style":"default","site-sidebar-style":"default","ast-global-header-display":"","ast-banner-title-visibility":"","ast-main-header-display":"","ast-hfb-above-header-display":"","ast-hfb-below-header-display":"","ast-hfb-mobile-header-display":"","site-post-title":"","ast-breadcrumbs-content":"","ast-featured-img":"","footer-sml-layout":"","theme-transparent-header-meta":"default","adv-header-id-meta":"","stick-header-meta":"default","header-above-stick-meta":"","header-main-stick-meta":"","header-below-stick-meta":"","astra-migrate-meta-layouts":"set","ast-page-background-enabled":"default","ast-page-background-meta":{"desktop":{"background-color":"","background-image":"","background-repeat":"repeat","background-position":"center center","background-size":"auto","background-attachment":"scroll","background-type":"","background-media":"","overlay-type":"","overlay-color":"","overlay-opacity":"","overlay-gradient":""},"tablet":{"background-color":"","background-image":"","background-repeat":"repeat","background-position":"center center","background-size":"auto","background-attachment":"scroll","background-type":"","background-media":"","overlay-type":"","overlay-color":"","overlay-opacity":"","overlay-gradient":""},"mobile":{"background-color":"","background-image":"","background-repeat":"repeat","background-position":"center center","background-size":"auto","background-attachment":"scroll","background-type":"","background-media":"","overlay-type":"","overlay-color":"","overlay-opacity":"","overlay-gradient":""}},"ast-content-background-meta":{"desktop":{"background-color":"var(--ast-global-color-5)","background-image":"","background-repeat":"repeat","background-position":"center center","background-size":"auto","background-attachment":"scroll","background-type":"","background-media":"","overlay-type":"","overlay-color":"","overlay-opacity":"","overlay-gradient":""},"tablet":{"background-color":"var(--ast-global-color-5)","background-image":"","background-repeat":"repeat","background-position":"center center","background-size":"auto","background-attachment":"scroll","background-type":"","background-media":"","overlay-type":"","overlay-color":"","overlay-opacity":"","overlay-gradient":""},"mobile":{"background-color":"var(--ast-global-color-5)","background-image":"","background-repeat":"repeat","background-position":"center center","background-size":"auto","background-attachment":"scroll","background-type":"","background-media":"","overlay-type":"","overlay-color":"","overlay-opacity":"","overlay-gradient":""}},"footnotes":""},"categories":[11],"tags":[],"class_list":["post-12011","post","type-post","status-publish","format-standard","has-post-thumbnail","hentry","category-noticias"],"aioseo_notices":[],"_links":{"self":[{"href":"https:\/\/contarotacoes.com\/index.php?rest_route=\/wp\/v2\/posts\/12011","targetHints":{"allow":["GET"]}}],"collection":[{"href":"https:\/\/contarotacoes.com\/index.php?rest_route=\/wp\/v2\/posts"}],"about":[{"href":"https:\/\/contarotacoes.com\/index.php?rest_route=\/wp\/v2\/types\/post"}],"author":[{"embeddable":true,"href":"https:\/\/contarotacoes.com\/index.php?rest_route=\/wp\/v2\/users\/2"}],"replies":[{"embeddable":true,"href":"https:\/\/contarotacoes.com\/index.php?rest_route=%2Fwp%2Fv2%2Fcomments&post=12011"}],"version-history":[{"count":1,"href":"https:\/\/contarotacoes.com\/index.php?rest_route=\/wp\/v2\/posts\/12011\/revisions"}],"predecessor-version":[{"id":12013,"href":"https:\/\/contarotacoes.com\/index.php?rest_route=\/wp\/v2\/posts\/12011\/revisions\/12013"}],"wp:featuredmedia":[{"embeddable":true,"href":"https:\/\/contarotacoes.com\/index.php?rest_route=\/wp\/v2\/media\/12012"}],"wp:attachment":[{"href":"https:\/\/contarotacoes.com\/index.php?rest_route=%2Fwp%2Fv2%2Fmedia&parent=12011"}],"wp:term":[{"taxonomy":"category","embeddable":true,"href":"https:\/\/contarotacoes.com\/index.php?rest_route=%2Fwp%2Fv2%2Fcategories&post=12011"},{"taxonomy":"post_tag","embeddable":true,"href":"https:\/\/contarotacoes.com\/index.php?rest_route=%2Fwp%2Fv2%2Ftags&post=12011"}],"curies":[{"name":"wp","href":"https:\/\/api.w.org\/{rel}","templated":true}]}}