{"id":12007,"date":"2024-11-07T18:04:20","date_gmt":"2024-11-07T18:04:20","guid":{"rendered":"https:\/\/contarotacoes.com\/?p=12007"},"modified":"2024-11-07T18:04:53","modified_gmt":"2024-11-07T18:04:53","slug":"transparencia-nas-acoes-eis-o-nosso-relatorio-sobre-a-pegada-de-carbono-do-ex90","status":"publish","type":"post","link":"https:\/\/contarotacoes.com\/?p=12007","title":{"rendered":"Transpar\u00eancia nas a\u00e7\u00f5es: eis o nosso relat\u00f3rio sobre a pegada de carbono do EX90"},"content":{"rendered":"<p style=\"text-align: justify;\">Fi\u00e9is \u00e0 nossa promessa de documentar de forma transparente o impacto ambiental dos nossos novos autom\u00f3veis 100% el\u00e9tricos, public\u00e1mos o nosso relat\u00f3rio de avalia\u00e7\u00e3o do ciclo de vida dos nossos EX90 100% el\u00e9tricos.<\/p>\n<div class=\"container-md text-secondary mb-16\" style=\"text-align: justify;\" data-autoid=\"body1\">\n<p>A nossa ambi\u00e7\u00e3o \u00e9 atingir emiss\u00f5es l\u00edquidas nulas de gases com efeito de estufa at\u00e9 2040, para nos tornarmos num neg\u00f3cio circular e reduzirmos progressivamente a nossa pegada de carbono.<\/p>\n<p>Para tal, a eletrifica\u00e7\u00e3o total continua a ser um pilar fundamental para a nossa empresa: j\u00e1 temos cinco autom\u00f3veis 100% el\u00e9tricos no mercado, sendo o Volvo EX90 o mais recente, e outros cinco modelos em desenvolvimento. Durante o primeiro semestre, as emiss\u00f5es de CO\u2082 por autom\u00f3vel foram 25% inferiores em compara\u00e7\u00e3o com o valor de refer\u00eancia de 2018, um n\u00famero que \u00e9 ajudado pela eletrifica\u00e7\u00e3o cont\u00ednua da nossa frota.<\/p>\n<p>Outras iniciativas incluem trabalhar para reduzir as emiss\u00f5es em toda a nossa cadeia de abastecimento, opera\u00e7\u00f5es log\u00edsticas e fabrico; reciclar, remanufaturar e reutilizar mais materiais e pe\u00e7as; e melhorar a transpar\u00eancia e a rastreabilidade dos dados ao longo das nossas cadeias de abastecimento.<\/p>\n<\/div>\n<p style=\"text-align: justify;\"><i>Os relat\u00f3rios identificam os principais materiais e processos que contribuem para as emiss\u00f5es do autom\u00f3vel ao longo do seu ciclo de vida, desde a extra\u00e7\u00e3o e refina\u00e7\u00e3o das mat\u00e9rias-primas at\u00e9 ao tratamento em fim de vida. Com os relat\u00f3rios LCA (Life Cycle Assessment), pretendemos melhorar a transpar\u00eancia para clientes, colaboradores, investidores e outras partes interessadas no nosso desempenho ambiental.<\/i><\/p>\n<div class=\"container-md text-secondary mb-16\" data-autoid=\"body1\">\n<p style=\"text-align: justify;\">Por falar em transpar\u00eancia, esse \u00e9 um dos principais objetivos dos nossos relat\u00f3rios de avalia\u00e7\u00e3o do ciclo de vida (LCA). Comprometemo-nos a documentar o impacto clim\u00e1tico dos nossos novos\u00a0<a href=\"https:\/\/www.volvocars.com\/pt\/cars\/electric-cars\/\" target=\"_blank\" rel=\"noopener noreferrer\" data-di-id=\"di-id-e588bc2f-e127f0cc\">autom\u00f3veis 100% el\u00e9tricos<\/a>\u00a0e, at\u00e9 agora, public\u00e1mos relat\u00f3rios para o Volvo\u00a0<a href=\"https:\/\/www.volvocars.com\/images\/v\/-\/media\/Project\/ContentPlatform\/data\/media\/sustainability\/Volvo_carbonfootprintreport.pdf\" target=\"_blank\" rel=\"noopener noreferrer\" data-di-id=\"di-id-22f2ac5a-2bc25f32\">EX40<\/a>,\u00a0<a href=\"https:\/\/www.volvocars.com\/images\/v\/-\/media\/applications\/pdpspecificationpage\/c40-electric\/specifications\/volvo-carbon-footprint-report.pdf\" target=\"_blank\" rel=\"noopener noreferrer\" data-di-id=\"di-id-cbf7ca30-9c6281d5\">EC40<\/a>,\u00a0<a href=\"https:\/\/www.volvocars.com\/images\/v\/-\/media\/Project\/ContentPlatform\/data\/media\/sustainability\/volvo_ex30_carbonfootprintreport1.pdf\" target=\"_blank\" rel=\"noopener noreferrer\" data-di-id=\"di-id-98cf9609-7d89a253\">EX30<\/a>\u00a0e, agora, o EX90.<\/p>\n<p style=\"text-align: justify;\">Os relat\u00f3rios identificam os principais materiais e processos que contribuem para as emiss\u00f5es do autom\u00f3vel ao longo do seu ciclo de vida, desde a extra\u00e7\u00e3o e refina\u00e7\u00e3o das mat\u00e9rias-primas at\u00e9 ao tratamento em fim de vida. Com os relat\u00f3rios LCA, pretendemos melhorar a transpar\u00eancia para clientes, colaboradores, investidores e outras partes interessadas no nosso desempenho ambiental.<\/p>\n<p style=\"text-align: justify;\"><b>Eletrifica\u00e7\u00e3o na vanguarda<\/b><br \/>\nO relat\u00f3rio do EX90, que pode ser consultado\u00a0<a href=\"https:\/\/www.volvocars.com\/images\/v\/-\/media\/Project\/ContentPlatform\/data\/media\/sustainability\/volvo_ex90_carbonfootprintreport\" target=\"_blank\" rel=\"noopener noreferrer\" data-di-id=\"di-id-6446301c-163dd203\">aqui<\/a>, coloca a pegada de carbono do nosso emblem\u00e1tico SUV em destaque. Comparamos o\u00a0<a href=\"https:\/\/www.volvocars.com\/pt\/cars\/ex90-electric\/\" target=\"_blank\" rel=\"noopener noreferrer\" data-di-id=\"di-id-e588bc2f-79aefb52\">EX90<\/a>\u00a0com o nosso\u00a0<a href=\"https:\/\/www.volvocars.com\/pt\/cars\/xc90-hybrid\/\" target=\"_blank\" rel=\"noopener noreferrer\" data-di-id=\"di-id-5268529c-95b42ec4\">XC90 h\u00edbrido plug-in<\/a>\u00a0e mild hybrid Modelos \u2013 Autom\u00f3veis de dimens\u00f5es semelhantes, mas que utilizam tecnologias de transmiss\u00e3o diferentes.<\/p>\n<p style=\"text-align: justify;\">Uma das nossas principais conclus\u00f5es no relat\u00f3rio mostra que, se estiver a carregar o EX90 utilizando um mix de eletricidade m\u00e9dio europeu*, a pegada de carbono do seu ciclo de vida \u00e9 cerca de 50% inferior \u00e0 do XC90 h\u00edbrido e cerca de 20% inferior \u00e0 do XC90 h\u00edbrido plug-in**. Esta compara\u00e7\u00e3o sublinha o facto da eletrifica\u00e7\u00e3o poder conduzir a uma redu\u00e7\u00e3o substancial do impacto clim\u00e1tico dos autom\u00f3veis.<\/p>\n<p style=\"text-align: justify;\">Est\u00e1 a carregar com energia e\u00f3lica? A utiliza\u00e7\u00e3o de eletricidade de origem e\u00f3lica reduz significativamente a pegada de carbono do EX90: em 35% em compara\u00e7\u00e3o com o carregamento com um mix global de eletricidade e em 17% em compara\u00e7\u00e3o com a utiliza\u00e7\u00e3o do mix de eletricidade europeu*. Isto sublinha a import\u00e2ncia do fornecimento e da disponibilidade de energia renov\u00e1vel em toda a cadeia de valor, em particular durante o carregamento, para ajudar os autom\u00f3veis totalmente el\u00e9tricos a atingir todo o seu potencial clim\u00e1tico.<\/p>\n<p style=\"text-align: justify;\">Globalmente, o EX90 tamb\u00e9m tem uma pegada de carbono total mais baixa do que os modelos h\u00edbridos plug-in e h\u00edbridos XC90 para todas as fontes de eletricidade utilizadas no carregamento inclu\u00eddas no estudo**.<\/p>\n<p style=\"text-align: justify;\">O impacto das baterias ainda \u00e9 significativo. Elas contribuem com uma parcela not\u00e1vel de 17% da pegada de carbono do EX90, mas mesmo com esse n\u00famero inclu\u00eddo, o impacto clim\u00e1tico geral do EX90 ainda \u00e9 significativamente menor do que o de um h\u00edbrido de tamanho semelhante.<\/p>\n<p style=\"text-align: justify;\">Saiba mais sobre as nossas estrat\u00e9gias de a\u00e7\u00e3o clim\u00e1tica na\u00a0<a href=\"https:\/\/www.volvocars.com\/pt\/v\/sustainability\/highlights\/\" target=\"_blank\" rel=\"noopener noreferrer\" data-di-id=\"di-id-35999ed2-c523685b\">p\u00e1gina Sustentabilidade<\/a>.<\/p>\n<p style=\"text-align: justify;\">*<em> O mix de electricidade da UE-27.<\/em><br \/>\n<em>**Os exemplos utilizados baseiam-se numa dist\u00e2ncia total de condu\u00e7\u00e3o de 200.000 quil\u00f3metros e no consumo de energia de acordo com os resultados do Worldwide Harmonised Light Vehicle Test Procedure (WLTP).<\/em><\/p>\n<\/div>\n","protected":false},"excerpt":{"rendered":"<p>Fi\u00e9is \u00e0 nossa promessa de documentar de forma transparente o impacto ambiental dos nossos novos autom\u00f3veis 100% el\u00e9tricos, public\u00e1mos o nosso relat\u00f3rio de avalia\u00e7\u00e3o do ciclo de vida dos nossos EX90 100% el\u00e9tricos. A nossa ambi\u00e7\u00e3o \u00e9 atingir emiss\u00f5es l\u00edquidas nulas de gases com efeito de estufa at\u00e9 2040, para nos tornarmos num neg\u00f3cio circular [&hellip;]<\/p>\n","protected":false},"author":2,"featured_media":12008,"comment_status":"closed","ping_status":"open","sticky":false,"template":"","format":"standard","meta":{"_editorskit_title_hidden":false,"_editorskit_reading_time":0,"_editorskit_is_block_options_detached":false,"_editorskit_block_options_position":"{}","om_disable_all_campaigns":false,"_monsterinsights_skip_tracking":false,"_monsterinsights_sitenote_active":false,"_monsterinsights_sitenote_note":"","_monsterinsights_sitenote_category":0,"_uf_show_specific_survey":0,"_uf_disable_surveys":false,"site-sidebar-layout":"default","site-content-layout":"","ast-site-content-layout":"default","site-content-style":"default","site-sidebar-style":"default","ast-global-header-display":"","ast-banner-title-visibility":"","ast-main-header-display":"","ast-hfb-above-header-display":"","ast-hfb-below-header-display":"","ast-hfb-mobile-header-display":"","site-post-title":"","ast-breadcrumbs-content":"","ast-featured-img":"","footer-sml-layout":"","theme-transparent-header-meta":"default","adv-header-id-meta":"","stick-header-meta":"default","header-above-stick-meta":"","header-main-stick-meta":"","header-below-stick-meta":"","astra-migrate-meta-layouts":"set","ast-page-background-enabled":"default","ast-page-background-meta":{"desktop":{"background-color":"","background-image":"","background-repeat":"repeat","background-position":"center center","background-size":"auto","background-attachment":"scroll","background-type":"","background-media":"","overlay-type":"","overlay-color":"","overlay-opacity":"","overlay-gradient":""},"tablet":{"background-color":"","background-image":"","background-repeat":"repeat","background-position":"center center","background-size":"auto","background-attachment":"scroll","background-type":"","background-media":"","overlay-type":"","overlay-color":"","overlay-opacity":"","overlay-gradient":""},"mobile":{"background-color":"","background-image":"","background-repeat":"repeat","background-position":"center center","background-size":"auto","background-attachment":"scroll","background-type":"","background-media":"","overlay-type":"","overlay-color":"","overlay-opacity":"","overlay-gradient":""}},"ast-content-background-meta":{"desktop":{"background-color":"var(--ast-global-color-5)","background-image":"","background-repeat":"repeat","background-position":"center center","background-size":"auto","background-attachment":"scroll","background-type":"","background-media":"","overlay-type":"","overlay-color":"","overlay-opacity":"","overlay-gradient":""},"tablet":{"background-color":"var(--ast-global-color-5)","background-image":"","background-repeat":"repeat","background-position":"center center","background-size":"auto","background-attachment":"scroll","background-type":"","background-media":"","overlay-type":"","overlay-color":"","overlay-opacity":"","overlay-gradient":""},"mobile":{"background-color":"var(--ast-global-color-5)","background-image":"","background-repeat":"repeat","background-position":"center center","background-size":"auto","background-attachment":"scroll","background-type":"","background-media":"","overlay-type":"","overlay-color":"","overlay-opacity":"","overlay-gradient":""}},"footnotes":""},"categories":[13],"tags":[],"class_list":["post-12007","post","type-post","status-publish","format-standard","has-post-thumbnail","hentry","category-comercio"],"aioseo_notices":[],"_links":{"self":[{"href":"https:\/\/contarotacoes.com\/index.php?rest_route=\/wp\/v2\/posts\/12007","targetHints":{"allow":["GET"]}}],"collection":[{"href":"https:\/\/contarotacoes.com\/index.php?rest_route=\/wp\/v2\/posts"}],"about":[{"href":"https:\/\/contarotacoes.com\/index.php?rest_route=\/wp\/v2\/types\/post"}],"author":[{"embeddable":true,"href":"https:\/\/contarotacoes.com\/index.php?rest_route=\/wp\/v2\/users\/2"}],"replies":[{"embeddable":true,"href":"https:\/\/contarotacoes.com\/index.php?rest_route=%2Fwp%2Fv2%2Fcomments&post=12007"}],"version-history":[{"count":2,"href":"https:\/\/contarotacoes.com\/index.php?rest_route=\/wp\/v2\/posts\/12007\/revisions"}],"predecessor-version":[{"id":12010,"href":"https:\/\/contarotacoes.com\/index.php?rest_route=\/wp\/v2\/posts\/12007\/revisions\/12010"}],"wp:featuredmedia":[{"embeddable":true,"href":"https:\/\/contarotacoes.com\/index.php?rest_route=\/wp\/v2\/media\/12008"}],"wp:attachment":[{"href":"https:\/\/contarotacoes.com\/index.php?rest_route=%2Fwp%2Fv2%2Fmedia&parent=12007"}],"wp:term":[{"taxonomy":"category","embeddable":true,"href":"https:\/\/contarotacoes.com\/index.php?rest_route=%2Fwp%2Fv2%2Fcategories&post=12007"},{"taxonomy":"post_tag","embeddable":true,"href":"https:\/\/contarotacoes.com\/index.php?rest_route=%2Fwp%2Fv2%2Ftags&post=12007"}],"curies":[{"name":"wp","href":"https:\/\/api.w.org\/{rel}","templated":true}]}}