{"id":11962,"date":"2024-11-06T22:05:20","date_gmt":"2024-11-06T22:05:20","guid":{"rendered":"https:\/\/contarotacoes.com\/?p=11962"},"modified":"2024-11-06T22:05:49","modified_gmt":"2024-11-06T22:05:49","slug":"um-olhar-mais-atento-sobre-a-proxima-geracao-do-cla-o-design-desportivo-encontra-eficiencia","status":"publish","type":"post","link":"https:\/\/contarotacoes.com\/?p=11962","title":{"rendered":"Um olhar mais atento sobre a pr\u00f3xima gera\u00e7\u00e3o do CLA: O design desportivo encontra efici\u00eancia"},"content":{"rendered":"<ul>\n<li style=\"text-align: justify;\"><strong>O CEO da Mercedes-Benz, Ola K\u00e4llenius, antecipa o muito aguardado Mercedes-Benz CLA<\/strong><\/li>\n<li style=\"text-align: justify;\"><strong>O CLA pretende redefinir o acesso \u00e0 marca Mercedes-Benz, elevando os padr\u00f5es de produto e tecnologia<\/strong><\/li>\n<li style=\"text-align: justify;\"><strong>Como demonstrado com o Concept CLA, este modelo pretende liderar a sua classe em termos de autonomia, efici\u00eancia e velocidade de carregamento<\/strong><\/li>\n<\/ul>\n<p style=\"text-align: justify;\">Numa primeira condu\u00e7\u00e3o, o CEO da Mercedes-Benz, Ola K\u00e4llenius, d\u00e1 informa\u00e7\u00f5es detalhadas sobre a pr\u00f3xima gera\u00e7\u00e3o do CLA no centro de testes da Mercedes-Benz em Immendingen. No mesmo formato, o CEO da Mercedes-Benz j\u00e1 testou anteriormente o Classe G el\u00e9trico na \u00c1ustria e na Su\u00e9cia para dar uma vis\u00e3o do que os futuros produtos da marca da estrela t\u00eam para oferecer. Ap\u00f3s a viagem ao monte Sch\u00f6ckl no ano passado, Ola re\u00fane-se novamente com a apresentadora Sarah Harman para revelar mais detalhes sobre o pr\u00f3ximo CLA, que ser\u00e1 apresentado em 2025.<\/p>\n<p style=\"text-align: justify;\">Este novo modelo \u00e9 o primeiro de uma fam\u00edlia totalmente nova de autom\u00f3veis, inaugurando um novo cap\u00edtulo para o segmento de entrada na Mercedes-Benz. O CLA foi concebido para estabelecer novos padr\u00f5es em termos de autonomia, efici\u00eancia e velocidade de carregamento, oferecendo aos clientes a escolha entre um avan\u00e7ado sistema de propuls\u00e3o el\u00e9trica e um motor de combust\u00e3o eletrificado de alta tecnologia. Embora o autom\u00f3vel ainda seja um prot\u00f3tipo camuflado, Ola K\u00e4llenius revela o design dos far\u00f3is no v\u00eddeo: <a href=\"https:\/\/www.youtube.com\/watch?v=2ARBtZa2-gI\" target=\"_blank\" rel=\"noopener noreferrer\">https:\/\/www.youtube.com\/watch?v=2ARBtZa2-gI<\/a>.<\/p>\n<p style=\"text-align: justify;\"><strong>Sistema de propuls\u00e3o<\/strong><br \/>\nA vers\u00e3o el\u00e9trica do CLA incorpora tecnologia do conceito EQXX na produ\u00e7\u00e3o em s\u00e9rie. A unidade de propuls\u00e3o el\u00e9trica de pr\u00f3xima gera\u00e7\u00e3o foi desenvolvida pela Mercedes-Benz, garantindo alto desempenho e efici\u00eancia. Gra\u00e7as a uma transmiss\u00e3o de duas velocidades, o desempenho desportivo e a efici\u00eancia est\u00e3o em perfeito equil\u00edbrio.<\/p>\n<p style=\"text-align: justify;\">O CLA tamb\u00e9m estar\u00e1 dispon\u00edvel com um motor de combust\u00e3o h\u00edbrido de alta tecnologia recentemente desenvolvido. Este motor, parte da fam\u00edlia de ve\u00edculos MMA, utiliza tecnologia de 48V combinada com uma nova transmiss\u00e3o eletrificada para proporcionar uma experi\u00eancia de condu\u00e7\u00e3o altamente eficiente e agrad\u00e1vel.<\/p>\n<p style=\"text-align: justify;\"><strong>\u00a0Assistente Virtual MBUX &amp; MB.OS<\/strong><br \/>\nO CLA de 2025 ser\u00e1 o primeiro ve\u00edculo a apresentar o novo Sistema Operacional da Mercedes-Benz (MB.OS), que inclui o Assistente Virtual MBUX alimentado por IA. Este sistema melhora a rela\u00e7\u00e3o carro-condutor com intera\u00e7\u00e3o natural, intuitiva e um suporte proativo.<\/p>\n<p style=\"text-align: justify;\"><strong>Design<\/strong><br \/>\nO CLA incorporar\u00e1 elementos do\u00a0Concept CLA, incluindo far\u00f3is distintivos, mostrados pela primeira vez. O design ir\u00e1 enfatizar o car\u00e1cter desportivo e a est\u00e9tica moderna.<\/p>\n<p style=\"text-align: justify;\"><strong>Ficha t\u00e9cnica<\/strong><\/p>\n<p>\u2022 Ideia, conceito e realiza\u00e7\u00e3o: Banauten GmbH<br \/>\n\u2022 Produ\u00e7\u00e3o: Louis Cieplik, Selin Sapmaz<br \/>\n\u2022 Vide\u00f3grafo\/P\u00f3s-produ\u00e7\u00e3o\/Edi\u00e7\u00e3o: Bastian Hansen<br \/>\n\u2022 Fot\u00f3grafo: Merlin Osenstetter<br \/>\n\u2022 Drone: Nikolaus Frielitz<br \/>\n\u2022 Som: Julian Pfeil<br \/>\n\u2022 Design de som: Dennis Grell<\/p>\n","protected":false},"excerpt":{"rendered":"<p>O CEO da Mercedes-Benz, Ola K\u00e4llenius, antecipa o muito aguardado Mercedes-Benz CLA O CLA pretende redefinir o acesso \u00e0 marca Mercedes-Benz, elevando os padr\u00f5es de produto e tecnologia Como demonstrado com o Concept CLA, este modelo pretende liderar a sua classe em termos de autonomia, efici\u00eancia e velocidade de carregamento Numa primeira condu\u00e7\u00e3o, o CEO [&hellip;]<\/p>\n","protected":false},"author":2,"featured_media":11963,"comment_status":"closed","ping_status":"open","sticky":false,"template":"","format":"standard","meta":{"_editorskit_title_hidden":false,"_editorskit_reading_time":0,"_editorskit_is_block_options_detached":false,"_editorskit_block_options_position":"{}","om_disable_all_campaigns":false,"_monsterinsights_skip_tracking":false,"_monsterinsights_sitenote_active":false,"_monsterinsights_sitenote_note":"","_monsterinsights_sitenote_category":0,"_uf_show_specific_survey":0,"_uf_disable_surveys":false,"site-sidebar-layout":"default","site-content-layout":"","ast-site-content-layout":"default","site-content-style":"default","site-sidebar-style":"default","ast-global-header-display":"","ast-banner-title-visibility":"","ast-main-header-display":"","ast-hfb-above-header-display":"","ast-hfb-below-header-display":"","ast-hfb-mobile-header-display":"","site-post-title":"","ast-breadcrumbs-content":"","ast-featured-img":"","footer-sml-layout":"","theme-transparent-header-meta":"default","adv-header-id-meta":"","stick-header-meta":"default","header-above-stick-meta":"","header-main-stick-meta":"","header-below-stick-meta":"","astra-migrate-meta-layouts":"set","ast-page-background-enabled":"default","ast-page-background-meta":{"desktop":{"background-color":"","background-image":"","background-repeat":"repeat","background-position":"center center","background-size":"auto","background-attachment":"scroll","background-type":"","background-media":"","overlay-type":"","overlay-color":"","overlay-opacity":"","overlay-gradient":""},"tablet":{"background-color":"","background-image":"","background-repeat":"repeat","background-position":"center center","background-size":"auto","background-attachment":"scroll","background-type":"","background-media":"","overlay-type":"","overlay-color":"","overlay-opacity":"","overlay-gradient":""},"mobile":{"background-color":"","background-image":"","background-repeat":"repeat","background-position":"center center","background-size":"auto","background-attachment":"scroll","background-type":"","background-media":"","overlay-type":"","overlay-color":"","overlay-opacity":"","overlay-gradient":""}},"ast-content-background-meta":{"desktop":{"background-color":"var(--ast-global-color-5)","background-image":"","background-repeat":"repeat","background-position":"center center","background-size":"auto","background-attachment":"scroll","background-type":"","background-media":"","overlay-type":"","overlay-color":"","overlay-opacity":"","overlay-gradient":""},"tablet":{"background-color":"var(--ast-global-color-5)","background-image":"","background-repeat":"repeat","background-position":"center center","background-size":"auto","background-attachment":"scroll","background-type":"","background-media":"","overlay-type":"","overlay-color":"","overlay-opacity":"","overlay-gradient":""},"mobile":{"background-color":"var(--ast-global-color-5)","background-image":"","background-repeat":"repeat","background-position":"center center","background-size":"auto","background-attachment":"scroll","background-type":"","background-media":"","overlay-type":"","overlay-color":"","overlay-opacity":"","overlay-gradient":""}},"footnotes":""},"categories":[13],"tags":[],"class_list":["post-11962","post","type-post","status-publish","format-standard","has-post-thumbnail","hentry","category-comercio"],"aioseo_notices":[],"_links":{"self":[{"href":"https:\/\/contarotacoes.com\/index.php?rest_route=\/wp\/v2\/posts\/11962","targetHints":{"allow":["GET"]}}],"collection":[{"href":"https:\/\/contarotacoes.com\/index.php?rest_route=\/wp\/v2\/posts"}],"about":[{"href":"https:\/\/contarotacoes.com\/index.php?rest_route=\/wp\/v2\/types\/post"}],"author":[{"embeddable":true,"href":"https:\/\/contarotacoes.com\/index.php?rest_route=\/wp\/v2\/users\/2"}],"replies":[{"embeddable":true,"href":"https:\/\/contarotacoes.com\/index.php?rest_route=%2Fwp%2Fv2%2Fcomments&post=11962"}],"version-history":[{"count":2,"href":"https:\/\/contarotacoes.com\/index.php?rest_route=\/wp\/v2\/posts\/11962\/revisions"}],"predecessor-version":[{"id":11965,"href":"https:\/\/contarotacoes.com\/index.php?rest_route=\/wp\/v2\/posts\/11962\/revisions\/11965"}],"wp:featuredmedia":[{"embeddable":true,"href":"https:\/\/contarotacoes.com\/index.php?rest_route=\/wp\/v2\/media\/11963"}],"wp:attachment":[{"href":"https:\/\/contarotacoes.com\/index.php?rest_route=%2Fwp%2Fv2%2Fmedia&parent=11962"}],"wp:term":[{"taxonomy":"category","embeddable":true,"href":"https:\/\/contarotacoes.com\/index.php?rest_route=%2Fwp%2Fv2%2Fcategories&post=11962"},{"taxonomy":"post_tag","embeddable":true,"href":"https:\/\/contarotacoes.com\/index.php?rest_route=%2Fwp%2Fv2%2Ftags&post=11962"}],"curies":[{"name":"wp","href":"https:\/\/api.w.org\/{rel}","templated":true}]}}