{"id":11589,"date":"2024-10-23T23:02:39","date_gmt":"2024-10-23T23:02:39","guid":{"rendered":"https:\/\/contarotacoes.com\/?p=11589"},"modified":"2024-10-23T23:02:39","modified_gmt":"2024-10-23T23:02:39","slug":"rui-madeira-queremos-dar-espetaculo-o-publico-e-os-organizadores-merecem","status":"publish","type":"post","link":"https:\/\/contarotacoes.com\/?p=11589","title":{"rendered":"Rui Madeira: \u201cqueremos dar espet\u00e1culo. O p\u00fablico e os organizadores merecem!\u201d"},"content":{"rendered":"<p style=\"text-align: justify;\">Rui Madeira e Paula Madeira v\u00e3o estar j\u00e1 neste fim-de-semana na 8\u00aa edi\u00e7\u00e3o do Rally Legends Luso-Bussaco. Aos comandos do m\u00edtico Mitsubishi Lancer EVO III, a dupla quer contribuir para o espet\u00e1culo \u00fanico que, ano ap\u00f3s ano, \u00e9 dado por esta prova \u201cLegend\u201d, sem enjeitar estar na luta pela vit\u00f3ria.<\/p>\n<p style=\"text-align: justify;\">\u00c9 o regresso de Rui Madeira e Paula Madeira a um rali que, uma vez mais, nos far\u00e1 matar saudades dos grandes momentos das passagens do Rali de Portugal pelas antigas classificativas da Serra do Bu\u00e7aco, tendo um percurso com partes competitivas cumpridas nos concelhos da Mealhada, de Mort\u00e1gua e de Penacova.<\/p>\n<p style=\"text-align: justify;\">Este Rali ser\u00e1 composto por v\u00e1rias sec\u00e7\u00f5es fechadas bem conhecidas no mundo dos ralis e uma sec\u00e7\u00e3o mais \u201ccitadina\u201d a cumprir no dia 26, como corol\u00e1rio de todo o evento.<\/p>\n<p style=\"text-align: justify;\">Rui Madeira j\u00e1 vive o \u201cmodo nostalgia\u201d sempre presente nestas provas, real\u00e7ando que \u201cvamos essencialmente para nos divertir e vivenciar da melhor forma o ambiente desta prova, que alia a hist\u00f3ria dos carros m\u00edticos dos ralis dos anos 70,80 e 90 aos tro\u00e7os do Rali de Portugal, como \u00e9 a classificativa do Bussaco. Acima de tudo, queremos contribuir para que o muito p\u00fablico sempre presente possa viver uma prova fant\u00e1stica e estamos confiantes em dar espet\u00e1culo que o p\u00fablico e os organizadores bem merecem!\u201d.<\/p>\n<p style=\"text-align: justify;\">Mas, o c\u00f3digo gen\u00e9tico do consagrado \u201cmundialista\u201d nunca esquece a competi\u00e7\u00e3o e, como tal, mesmo afirmando que \u201ccompeti\u00e7\u00e3o est\u00e1 em segundo plano\u201d, rui madeira reconhece que \u201cse pudermos lutar pela vit\u00f3ria ser\u00e1 excelente, pois o ano passado terminamos no 2\u00ba lugar.\u00a0Contudo, nos ralis sabemos que que as provas s\u00f3 acabam na chegada e que existem pilotos que v\u00e3o andar muito bem e que podem fazer a diferen\u00e7a. O Mitsubishi Lancer Evo III foi alvo de uma grande revis\u00e3o ap\u00f3s o Rali Spirit e tudo faremos para andar forte. Vai ser intenso e divertido!\u201d.<\/p>\n<p style=\"text-align: justify;\">Madeira tem ainda uma palavra para \u201ca minha navegadora. A Paula est\u00e1 cada vez est\u00e1 mais habituada ao ritmo e vamos juntamente com a equipa fazer tudo para terminar a temporada dos ralis &#8220;Legends&#8221; da melhor forma.&#8221;<\/p>\n<p style=\"text-align: justify;\">Paula Madeira comunga do sentimento do seu marido e piloto. Para a navegadora de servi\u00e7o nesta nova participa\u00e7\u00e3o, a prova \u201c\u00e9 excelente. Um rali que gosto bastante pela simpatia e gentileza da organiza\u00e7\u00e3o e pelo ambiente entre todos os participantes. Em termos de competi\u00e7\u00e3o, esperamos fazer um rali t\u00e3o bom como no ano passado e assim dar espet\u00e1culo para o p\u00fablico que \u00e9 bastante entusiasta e bem merece. &#8220;<\/p>\n<p style=\"text-align: justify;\">Com verifica\u00e7\u00f5es t\u00e9cnicas j\u00e1 durante o dia de amanh\u00e3, quinta-feira, 24 de outubro, a edi\u00e7\u00e3o 2024 do Rally Legends Luso-Bussaco oferece \u00e0s equipas e aos milhares de aficionados esperados tr\u00eas dias de competi\u00e7\u00e3o e anima\u00e7\u00e3o, cumprindo de forma plena o esp\u00edrito e a sedu\u00e7\u00e3o pr\u00f3pria desta tipologia de eventos.<\/p>\n<p style=\"text-align: justify;\">Ali\u00e1s, a prova organizada pelo Clube Lusocl\u00e1ssicos \u00e9, por m\u00e9rito pr\u00f3prio, j\u00e1 hoje um dos grandes rali \u201cLegend\u201d entre os que se organizam no continente europeu.<\/p>\n<p style=\"text-align: justify;\"><strong>Programa da prova<\/strong><\/p>\n<p style=\"text-align: justify;\"><strong>Sexta-feira, 25 de Outubro de 2024<\/strong><\/p>\n<p style=\"text-align: justify;\">08.00 \u00e0s 15.00 horas \u2013 Verifica\u00e7\u00f5es documentais e t\u00e9cnicas. Local \u2013 MD Sport (Luso)<\/p>\n<p style=\"text-align: justify;\">18.30 horas \u2013 Apresenta\u00e7\u00e3o e Partida Simb\u00f3lica das equipas participantes. Local \u2013 Vila de Luso<\/p>\n<p style=\"text-align: justify;\">18.50 horas \u2013 Entrada do 1\u00ba concorrente no Parque Fechado. Local \u2013 C\u00e2mara Municipal de Mort\u00e1gua<\/p>\n<p style=\"text-align: justify;\">20.00 horas \u2013 Partida do Rally Legends, 1\u00ba Tro\u00e7o (uma passagem). Local \u2013 Mort\u00e1gua<\/p>\n<p style=\"text-align: justify;\">22.30 horas \u2013 Entrada do 1\u00ba concorrente no Parque Fechado. Local \u2013 Avenida Em\u00eddio Navarro, Luso<\/p>\n<p style=\"text-align: justify;\">23.30 horas \u2013 Anima\u00e7\u00e3o Tenda Legends. Local \u2013 Fonte S\u00e3o Jo\u00e3o, Luso<\/p>\n<p style=\"text-align: justify;\"><strong>S\u00e1bado, 26 de Outubro de 2024<\/strong><\/p>\n<p style=\"text-align: justify;\">08.30 horas \u2013 Sa\u00edda do 1\u00ba concorrente do Parque Fechado. Local \u2013 Avenida Em\u00eddio Navarro, Luso<\/p>\n<p style=\"text-align: justify;\">08.48 horas \u2013 Partida do 2\u00ba Tro\u00e7o (duas passagens) (Algeriz \u2013 Luso)<\/p>\n<p style=\"text-align: justify;\">09.13 horas \u2013 Reagrupamento do Rally Legends. Local \u2013 a designar<\/p>\n<p style=\"text-align: justify;\">11.43 horas \u2013 Entrada do 1\u00ba concorrente no Parque Fechado. Local \u2013 Penacova<\/p>\n<p style=\"text-align: justify;\">13.13 horas \u2013 Partida simb\u00f3lica do 1\u00ba concorrente. Local \u2013 C\u00e2mara Municipal de Penacova<\/p>\n<p style=\"text-align: justify;\">13.40 horas \u2013 Partida do 3\u00ba Tro\u00e7o \u2013 Tra\u00e7ado original Rali Portugal (duas passagens) (Penacova \u2013 Bussaco)<\/p>\n<p style=\"text-align: justify;\">16.30 horas \u2013 Entrada do 1\u00ba concorrente no Parque Fechado. Local \u2013 Avenida Em\u00eddio Navarro, Luso<\/p>\n<p style=\"text-align: justify;\">17.30 horas \u2013 Drink Break com todos os concorrentes na Tenda Legends. Local \u2013 Fonte S\u00e3o Jo\u00e3o, Luso<\/p>\n<p style=\"text-align: justify;\">21.00 horas \u2013 Partida 4\u00ba Tro\u00e7o (duas passagens sem tempos) Boucle \u201cAlfredo C\u00e9sar Torres\u201d (Luso)<\/p>\n<p style=\"text-align: justify;\">22.30 horas \u2013 Entrada em Parque Fechado. Local \u2013 Avenida Em\u00eddio Navarro, Luso<\/p>\n<p style=\"text-align: justify;\">23.30 horas \u2013 Anima\u00e7\u00e3o Tenda Legends. Local \u2013 Fonte S\u00e3o Jo\u00e3o, Luso<\/p>\n<p style=\"text-align: justify;\"><strong>Domingo, 27 Outubro de 2024<\/strong><\/p>\n<p style=\"text-align: justify;\">09.15 horas \u2013 Sa\u00edda do 1\u00ba concorrente do Parque Fechado. Local \u2013 Avenida Em\u00eddio Navarro, Luso<\/p>\n<p style=\"text-align: justify;\">10.05 horas \u2013 Partida do 5\u00ba Tro\u00e7o (duas passagens)(Trez\u00f3i \u2013 Luso)<\/p>\n<p style=\"text-align: justify;\">10.25 horas \u2013 Reagrupamento do Rally Legends. Local \u2013 a designar<\/p>\n<p style=\"text-align: justify;\">12.55 horas \u2013 Chegada do Rally Legends (entrada em Parque Fechado junto ao Palace Hotel do Bussaco)<\/p>\n<p style=\"text-align: justify;\">13.30 horas \u2013 Almo\u00e7o junto ao Palace Hotel do Bussaco.<\/p>\n<p style=\"text-align: justify;\">16.30 horas \u2013 Entrega de Pr\u00e9mios na Avenida Em\u00eddio Navarro, Luso.<\/p>\n<p style=\"text-align: justify;\">\n","protected":false},"excerpt":{"rendered":"<p>Rui Madeira e Paula Madeira v\u00e3o estar j\u00e1 neste fim-de-semana na 8\u00aa edi\u00e7\u00e3o do Rally Legends Luso-Bussaco. Aos comandos do m\u00edtico Mitsubishi Lancer EVO III, a dupla quer contribuir para o espet\u00e1culo \u00fanico que, ano ap\u00f3s ano, \u00e9 dado por esta prova \u201cLegend\u201d, sem enjeitar estar na luta pela vit\u00f3ria. \u00c9 o regresso de Rui [&hellip;]<\/p>\n","protected":false},"author":2,"featured_media":11590,"comment_status":"closed","ping_status":"open","sticky":false,"template":"","format":"standard","meta":{"_editorskit_title_hidden":false,"_editorskit_reading_time":0,"_editorskit_is_block_options_detached":false,"_editorskit_block_options_position":"{}","om_disable_all_campaigns":false,"_monsterinsights_skip_tracking":false,"_monsterinsights_sitenote_active":false,"_monsterinsights_sitenote_note":"","_monsterinsights_sitenote_category":0,"_uf_show_specific_survey":0,"_uf_disable_surveys":false,"site-sidebar-layout":"default","site-content-layout":"","ast-site-content-layout":"default","site-content-style":"default","site-sidebar-style":"default","ast-global-header-display":"","ast-banner-title-visibility":"","ast-main-header-display":"","ast-hfb-above-header-display":"","ast-hfb-below-header-display":"","ast-hfb-mobile-header-display":"","site-post-title":"","ast-breadcrumbs-content":"","ast-featured-img":"","footer-sml-layout":"","theme-transparent-header-meta":"default","adv-header-id-meta":"","stick-header-meta":"default","header-above-stick-meta":"","header-main-stick-meta":"","header-below-stick-meta":"","astra-migrate-meta-layouts":"set","ast-page-background-enabled":"default","ast-page-background-meta":{"desktop":{"background-color":"","background-image":"","background-repeat":"repeat","background-position":"center center","background-size":"auto","background-attachment":"scroll","background-type":"","background-media":"","overlay-type":"","overlay-color":"","overlay-opacity":"","overlay-gradient":""},"tablet":{"background-color":"","background-image":"","background-repeat":"repeat","background-position":"center center","background-size":"auto","background-attachment":"scroll","background-type":"","background-media":"","overlay-type":"","overlay-color":"","overlay-opacity":"","overlay-gradient":""},"mobile":{"background-color":"","background-image":"","background-repeat":"repeat","background-position":"center center","background-size":"auto","background-attachment":"scroll","background-type":"","background-media":"","overlay-type":"","overlay-color":"","overlay-opacity":"","overlay-gradient":""}},"ast-content-background-meta":{"desktop":{"background-color":"var(--ast-global-color-5)","background-image":"","background-repeat":"repeat","background-position":"center center","background-size":"auto","background-attachment":"scroll","background-type":"","background-media":"","overlay-type":"","overlay-color":"","overlay-opacity":"","overlay-gradient":""},"tablet":{"background-color":"var(--ast-global-color-5)","background-image":"","background-repeat":"repeat","background-position":"center center","background-size":"auto","background-attachment":"scroll","background-type":"","background-media":"","overlay-type":"","overlay-color":"","overlay-opacity":"","overlay-gradient":""},"mobile":{"background-color":"var(--ast-global-color-5)","background-image":"","background-repeat":"repeat","background-position":"center center","background-size":"auto","background-attachment":"scroll","background-type":"","background-media":"","overlay-type":"","overlay-color":"","overlay-opacity":"","overlay-gradient":""}},"footnotes":""},"categories":[11],"tags":[],"class_list":["post-11589","post","type-post","status-publish","format-standard","has-post-thumbnail","hentry","category-noticias"],"aioseo_notices":[],"_links":{"self":[{"href":"https:\/\/contarotacoes.com\/index.php?rest_route=\/wp\/v2\/posts\/11589","targetHints":{"allow":["GET"]}}],"collection":[{"href":"https:\/\/contarotacoes.com\/index.php?rest_route=\/wp\/v2\/posts"}],"about":[{"href":"https:\/\/contarotacoes.com\/index.php?rest_route=\/wp\/v2\/types\/post"}],"author":[{"embeddable":true,"href":"https:\/\/contarotacoes.com\/index.php?rest_route=\/wp\/v2\/users\/2"}],"replies":[{"embeddable":true,"href":"https:\/\/contarotacoes.com\/index.php?rest_route=%2Fwp%2Fv2%2Fcomments&post=11589"}],"version-history":[{"count":2,"href":"https:\/\/contarotacoes.com\/index.php?rest_route=\/wp\/v2\/posts\/11589\/revisions"}],"predecessor-version":[{"id":11592,"href":"https:\/\/contarotacoes.com\/index.php?rest_route=\/wp\/v2\/posts\/11589\/revisions\/11592"}],"wp:featuredmedia":[{"embeddable":true,"href":"https:\/\/contarotacoes.com\/index.php?rest_route=\/wp\/v2\/media\/11590"}],"wp:attachment":[{"href":"https:\/\/contarotacoes.com\/index.php?rest_route=%2Fwp%2Fv2%2Fmedia&parent=11589"}],"wp:term":[{"taxonomy":"category","embeddable":true,"href":"https:\/\/contarotacoes.com\/index.php?rest_route=%2Fwp%2Fv2%2Fcategories&post=11589"},{"taxonomy":"post_tag","embeddable":true,"href":"https:\/\/contarotacoes.com\/index.php?rest_route=%2Fwp%2Fv2%2Ftags&post=11589"}],"curies":[{"name":"wp","href":"https:\/\/api.w.org\/{rel}","templated":true}]}}