{"id":11573,"date":"2024-10-23T22:38:12","date_gmt":"2024-10-23T22:38:12","guid":{"rendered":"https:\/\/contarotacoes.com\/?p=11573"},"modified":"2024-10-23T22:38:12","modified_gmt":"2024-10-23T22:38:12","slug":"azores-motor-show-anima-praia-da-vitoria-entre-12-e-15-de-dezembro","status":"publish","type":"post","link":"https:\/\/contarotacoes.com\/?p=11573","title":{"rendered":"Azores Motor Show anima Praia da Vit\u00f3ria entre 12 e 15 de dezembro"},"content":{"rendered":"<p style=\"text-align: justify;\">A cidade da Praia da Vit\u00f3ria ser\u00e1 o palco, de 12 a 15 de dezembro, do Azores Motor Show, um evento promovido por Olavo Esteves, que deve marcar a sua despedida como organizador, e que vai aglomerar \u201cv\u00e1rias vertentes dos desportos motorizados, assim como ter espa\u00e7o para o com\u00e9rcio autom\u00f3vel e para o conv\u00edvio dos adeptos e p\u00fablico em geral\u201d, avan\u00e7ou aquele respons\u00e1vel.<\/p>\n<p style=\"text-align: justify;\">\u201cNa pr\u00e1tica teremos uma tenda com 100 metros de comprimento montada na habitual \u2018Dream Zone\u2019, junto ao Pa\u00fal, onde v\u00e3o decorrer todas as exibi\u00e7\u00f5es e atua\u00e7\u00f5es, assim como parte da atividade desportiva do evento, que tem como parceiros institucionais o Governo dos A\u00e7ores, a C\u00e2mara Municipal da Praia da Vit\u00f3ria, a Junta de Freguesia de Santa Cruz, o Terceira Autom\u00f3vel Clube, o Vouga Sport Clube e o R\u00e1dio Clube de Angra\u201d, explicou o promotor.<\/p>\n<p style=\"text-align: justify;\">As exibi\u00e7\u00f5es previstas incluem \u201cDrift, carros em duas rodas, Kartcross e Freestyle em moto, juntando a vertente espet\u00e1culo ao desporto autom\u00f3vel, que \u00e9 uma tradi\u00e7\u00e3o marcante da ilha Terceira, para al\u00e9m de exposi\u00e7\u00f5es e encontros, neste que ser\u00e1 358\u00ba evento que organizo, e que servir\u00e1 para me despedir, depois de muitos anos ligado aos motores, n\u00e3o apenas como piloto mas tamb\u00e9m na promo\u00e7\u00e3o de v\u00e1rias iniciativas e de novas formas de abordar o fen\u00f3meno desportivo\u201d, referiu Olavo Esteves.<\/p>\n<p style=\"text-align: justify;\">Na parte competitiva, \u201ctenho o orgulho de retomar a parceria firmada com o Terceira Autom\u00f3vel Clube (TAC), com quem me iniciei nestas lides organizativas, e que ser\u00e1 o clube respons\u00e1vel pelas duas Super-Especiais, tra\u00e7adas nas ruas da Praia da Vit\u00f3ria, a primeira na sexta-feira (dia 13), aberta a todos os concorrentes devidamente licenciados pela FPAK, a outra no domingo (dia 15), reservada a Veteranos (+ de 45 anos), Senhoras e Casais, tamb\u00e9m sob a \u00e9gide federativa. No s\u00e1bado (dia 14) haver\u00e1 uma demonstra\u00e7\u00e3o de per\u00edcia aberta a todos os interessados\u201d, concretizou Olavo Esteves.<\/p>\n<p style=\"text-align: justify;\">\u201cEm andamento est\u00e3o os contatos e negocia\u00e7\u00f5es para a concess\u00e3o dos espa\u00e7os reservados ao com\u00e9rcio autom\u00f3vel, pois \u00e9 indissoci\u00e1vel a realidade desportiva com os principais stands e marcas representadas localmente\u201d, assim como \u201cpara os bares e para a fun zone, que ser\u00e3o firmas locais a explorar e a garantir a respetiva anima\u00e7\u00e3o\u201d, explicou Olavo Esteves.<\/p>\n<p style=\"text-align: justify;\">Refira-se que o Azores Motor Show tamb\u00e9m ter\u00e1 uma vertente solid\u00e1ria, atrav\u00e9s de uma campanha patrocinada pela Bogani, visando a venda de\u00a0merchandising\u00a0variado, e que vai reverter totalmente para uma institui\u00e7\u00e3o a designar em breve.<\/p>\n<p style=\"text-align: justify;\">O certame tem p\u00e1gina na rede social Facebook &#8211;<a href=\"https:\/\/www.facebook.com\/azoresmotorshow\" target=\"_blank\" rel=\"noopener\" data-saferedirecturl=\"https:\/\/www.google.com\/url?q=https:\/\/www.facebook.com\/azoresmotorshow&amp;source=gmail&amp;ust=1729809021866000&amp;usg=AOvVaw1GnkLFnKnb54UZOVDQpskc\">https:\/\/www.facebook.com\/<wbr \/>azoresmotorshow<\/a>\u00a0-, onde v\u00e3o sendo atualizadas todas as informa\u00e7\u00f5es para os participantes e para o p\u00fablico em geral.<\/p>\n","protected":false},"excerpt":{"rendered":"<p>A cidade da Praia da Vit\u00f3ria ser\u00e1 o palco, de 12 a 15 de dezembro, do Azores Motor Show, um evento promovido por Olavo Esteves, que deve marcar a sua despedida como organizador, e que vai aglomerar \u201cv\u00e1rias vertentes dos desportos motorizados, assim como ter espa\u00e7o para o com\u00e9rcio autom\u00f3vel e para o conv\u00edvio dos [&hellip;]<\/p>\n","protected":false},"author":2,"featured_media":11574,"comment_status":"closed","ping_status":"open","sticky":false,"template":"","format":"standard","meta":{"_editorskit_title_hidden":false,"_editorskit_reading_time":0,"_editorskit_is_block_options_detached":false,"_editorskit_block_options_position":"{}","om_disable_all_campaigns":false,"_monsterinsights_skip_tracking":false,"_monsterinsights_sitenote_active":false,"_monsterinsights_sitenote_note":"","_monsterinsights_sitenote_category":0,"_uf_show_specific_survey":0,"_uf_disable_surveys":false,"site-sidebar-layout":"default","site-content-layout":"","ast-site-content-layout":"default","site-content-style":"default","site-sidebar-style":"default","ast-global-header-display":"","ast-banner-title-visibility":"","ast-main-header-display":"","ast-hfb-above-header-display":"","ast-hfb-below-header-display":"","ast-hfb-mobile-header-display":"","site-post-title":"","ast-breadcrumbs-content":"","ast-featured-img":"","footer-sml-layout":"","theme-transparent-header-meta":"default","adv-header-id-meta":"","stick-header-meta":"default","header-above-stick-meta":"","header-main-stick-meta":"","header-below-stick-meta":"","astra-migrate-meta-layouts":"set","ast-page-background-enabled":"default","ast-page-background-meta":{"desktop":{"background-color":"","background-image":"","background-repeat":"repeat","background-position":"center center","background-size":"auto","background-attachment":"scroll","background-type":"","background-media":"","overlay-type":"","overlay-color":"","overlay-opacity":"","overlay-gradient":""},"tablet":{"background-color":"","background-image":"","background-repeat":"repeat","background-position":"center center","background-size":"auto","background-attachment":"scroll","background-type":"","background-media":"","overlay-type":"","overlay-color":"","overlay-opacity":"","overlay-gradient":""},"mobile":{"background-color":"","background-image":"","background-repeat":"repeat","background-position":"center center","background-size":"auto","background-attachment":"scroll","background-type":"","background-media":"","overlay-type":"","overlay-color":"","overlay-opacity":"","overlay-gradient":""}},"ast-content-background-meta":{"desktop":{"background-color":"var(--ast-global-color-5)","background-image":"","background-repeat":"repeat","background-position":"center center","background-size":"auto","background-attachment":"scroll","background-type":"","background-media":"","overlay-type":"","overlay-color":"","overlay-opacity":"","overlay-gradient":""},"tablet":{"background-color":"var(--ast-global-color-5)","background-image":"","background-repeat":"repeat","background-position":"center center","background-size":"auto","background-attachment":"scroll","background-type":"","background-media":"","overlay-type":"","overlay-color":"","overlay-opacity":"","overlay-gradient":""},"mobile":{"background-color":"var(--ast-global-color-5)","background-image":"","background-repeat":"repeat","background-position":"center center","background-size":"auto","background-attachment":"scroll","background-type":"","background-media":"","overlay-type":"","overlay-color":"","overlay-opacity":"","overlay-gradient":""}},"footnotes":""},"categories":[11],"tags":[],"class_list":["post-11573","post","type-post","status-publish","format-standard","has-post-thumbnail","hentry","category-noticias"],"aioseo_notices":[],"_links":{"self":[{"href":"https:\/\/contarotacoes.com\/index.php?rest_route=\/wp\/v2\/posts\/11573","targetHints":{"allow":["GET"]}}],"collection":[{"href":"https:\/\/contarotacoes.com\/index.php?rest_route=\/wp\/v2\/posts"}],"about":[{"href":"https:\/\/contarotacoes.com\/index.php?rest_route=\/wp\/v2\/types\/post"}],"author":[{"embeddable":true,"href":"https:\/\/contarotacoes.com\/index.php?rest_route=\/wp\/v2\/users\/2"}],"replies":[{"embeddable":true,"href":"https:\/\/contarotacoes.com\/index.php?rest_route=%2Fwp%2Fv2%2Fcomments&post=11573"}],"version-history":[{"count":1,"href":"https:\/\/contarotacoes.com\/index.php?rest_route=\/wp\/v2\/posts\/11573\/revisions"}],"predecessor-version":[{"id":11575,"href":"https:\/\/contarotacoes.com\/index.php?rest_route=\/wp\/v2\/posts\/11573\/revisions\/11575"}],"wp:featuredmedia":[{"embeddable":true,"href":"https:\/\/contarotacoes.com\/index.php?rest_route=\/wp\/v2\/media\/11574"}],"wp:attachment":[{"href":"https:\/\/contarotacoes.com\/index.php?rest_route=%2Fwp%2Fv2%2Fmedia&parent=11573"}],"wp:term":[{"taxonomy":"category","embeddable":true,"href":"https:\/\/contarotacoes.com\/index.php?rest_route=%2Fwp%2Fv2%2Fcategories&post=11573"},{"taxonomy":"post_tag","embeddable":true,"href":"https:\/\/contarotacoes.com\/index.php?rest_route=%2Fwp%2Fv2%2Ftags&post=11573"}],"curies":[{"name":"wp","href":"https:\/\/api.w.org\/{rel}","templated":true}]}}