{"id":11563,"date":"2024-10-23T22:27:37","date_gmt":"2024-10-23T22:27:37","guid":{"rendered":"https:\/\/contarotacoes.com\/?p=11563"},"modified":"2024-10-23T22:27:37","modified_gmt":"2024-10-23T22:27:37","slug":"douro-motorshow-edicao-inaugural-promete-espetaculo-intenso-na-regua","status":"publish","type":"post","link":"https:\/\/contarotacoes.com\/?p=11563","title":{"rendered":"Douro Motorshow: edi\u00e7\u00e3o inaugural promete espet\u00e1culo intenso na R\u00e9gua"},"content":{"rendered":"<p style=\"text-align: justify;\">A cidade capital do Douro Vinhateiro vai ser palco este fim-de-semana da edi\u00e7\u00e3o inaugural do Douro Motorshow, organizado pelo Clube Autom\u00f3vel da R\u00e9gua. O s\u00e1bado ver\u00e1 um farto e forte naipe de pilotos provenientes dos Ralis, da Montanha e da Velocidade lutarem pela supremacia na Super Especial Douro, enquanto o domingo ter\u00e1 como prato forte uma demonstra\u00e7\u00e3o competitiva dedicada ao Ralicross.<\/p>\n<p style=\"text-align: justify;\">A 1\u00aa Edi\u00e7\u00e3o do Douro Motorshow assume-se como o necess\u00e1rio \u201cprimeiro passo para dotar a cidade de Peso da R\u00e9gua e esta regi\u00e3o de um festival dedicado aos desportos motorizados que, com o tempo, venha a cimentar-se como um dos melhores do pa\u00eds\u201d, assume Manuel Ant\u00f3nio, Presidente do Clube Autom\u00f3vel da R\u00e9gua que destaca \u201ca import\u00e2ncia que este evento tem para o clube, colocando no nosso calend\u00e1rio de ventos organizados, um festival que ter\u00e1 o seu epicentro no concelho onde estamos sedeados, juntando-se ao Rali de Mes\u00e3o Frio e \u00e0 Rampa de Santa Marta, provas j\u00e1 cimentadas no panorama nacional\u201d, deixando ainda uma palavra \u201cde agradecimento ao Munic\u00edpio de Peso da R\u00e9gua e ao Turismo Porto e Norte pelo apoio que concedem ao evento\u201d.<\/p>\n<p style=\"text-align: justify;\">O programa desta edi\u00e7\u00e3o de arranque do Douro Motorshow contempla dois dias de intensa atividade e, al\u00e9m de uma demonstra\u00e7\u00e3o de Ralicross, que decorrer\u00e1 no domingo (tr\u00eas passagens de cada participantes, marcadas, respetivamente, para as 11:00, 13:00 e 15:00 horas) e que utilizar\u00e1 uma pista em terra constru\u00edda no Cais da Junqueira,, tem como grande destaque competitivo a Super Especial Douro que ser\u00e1 disputada na jornada de S\u00e1bado num tra\u00e7ado desafiante desenhado na Avenida do Douro, art\u00e9ria nevr\u00e1lgica junto ao rio e em pleno cora\u00e7\u00e3o do tecido urbano de Peso da R\u00e9gua.<\/p>\n<p style=\"text-align: justify;\">A Biblioteca Municipal de Peso da R\u00e9gia receber\u00e1, durante os dois dias, a Expocar, exposi\u00e7\u00e3o dedicada ao autom\u00f3vel.<\/p>\n<p style=\"text-align: justify;\"><strong>Lista de inscritos de luxo na Super Especial Douro<\/strong><\/p>\n<p style=\"text-align: justify;\">A Super Especial Douro ser\u00e1 tr\u00eas passagens (15:00, 18:00 e 21:00 horas) para cada um dos pilotos, todas elas com a contar, com o alinhamento classificativo final a ser alinhado tendo em conta o melhor tempo obtido.<\/p>\n<p style=\"text-align: justify;\">S\u00e3o 60 os inscritos que v\u00e3o medir for\u00e7as ao longo dos cerca de dois quil\u00f3metros da pista da Super Especial Douro, n\u00famero impressionante para uma primeira edi\u00e7\u00e3o, n\u00e3o apenas pela quantidade, mas, sobretudo pela qualidade dos protagonistas, onde est\u00e3o campe\u00f5es nacionais, zonais e vencedores de categorias e divis\u00f5es dos mais diversos campeonatos, da Montanha, aos Ralis, passando pelo Kartcross e pela Velocidade. Nomes como os de V\u00edtor Pascoal, Nuno Guimar\u00e3es, Marco Oliveira, Manuel Fernandes, Alberto Pereira, Jo\u00e3o Vinha, S\u00e9rgio Nogueira, M\u00e1rcio Ara\u00fajo, Jesus Otero e Jos\u00e9 Carlos Pouca Sorte, s\u00e3o exemplos claros do n\u00edvel alto de pilotos que responderam ao desafio da organiza\u00e7\u00e3o, sendo ainda garante de que o espet\u00e1culo ser\u00e1 imperd\u00edvel.<\/p>\n<p style=\"text-align: justify;\">Durante dois dias, o Douro Motorshow vai transformar a cidade de Peso da R\u00e9gua numa festa onde a competi\u00e7\u00e3o autom\u00f3vel assumir\u00e1 o protagonismo de um espet\u00e1culo onde a velocidade ser\u00e1 soberana!<\/p>\n<p><img fetchpriority=\"high\" decoding=\"async\" class=\"aligncenter wp-image-11564 size-large\" src=\"https:\/\/contarotacoes.com\/wp-content\/uploads\/2024\/10\/Mapa-Douro-Motorshow-1024x683.jpg\" alt=\"\" width=\"1024\" height=\"683\" srcset=\"https:\/\/contarotacoes.com\/wp-content\/uploads\/2024\/10\/Mapa-Douro-Motorshow-1024x683.jpg 1024w, https:\/\/contarotacoes.com\/wp-content\/uploads\/2024\/10\/Mapa-Douro-Motorshow-300x200.jpg 300w, https:\/\/contarotacoes.com\/wp-content\/uploads\/2024\/10\/Mapa-Douro-Motorshow-768x512.jpg 768w, https:\/\/contarotacoes.com\/wp-content\/uploads\/2024\/10\/Mapa-Douro-Motorshow-1536x1024.jpg 1536w, https:\/\/contarotacoes.com\/wp-content\/uploads\/2024\/10\/Mapa-Douro-Motorshow-18x12.jpg 18w, https:\/\/contarotacoes.com\/wp-content\/uploads\/2024\/10\/Mapa-Douro-Motorshow.jpg 2048w\" sizes=\"(max-width: 1024px) 100vw, 1024px\" \/><\/p>\n","protected":false},"excerpt":{"rendered":"<p>A cidade capital do Douro Vinhateiro vai ser palco este fim-de-semana da edi\u00e7\u00e3o inaugural do Douro Motorshow, organizado pelo Clube Autom\u00f3vel da R\u00e9gua. O s\u00e1bado ver\u00e1 um farto e forte naipe de pilotos provenientes dos Ralis, da Montanha e da Velocidade lutarem pela supremacia na Super Especial Douro, enquanto o domingo ter\u00e1 como prato forte [&hellip;]<\/p>\n","protected":false},"author":2,"featured_media":11565,"comment_status":"closed","ping_status":"open","sticky":false,"template":"","format":"standard","meta":{"_editorskit_title_hidden":false,"_editorskit_reading_time":0,"_editorskit_is_block_options_detached":false,"_editorskit_block_options_position":"{}","om_disable_all_campaigns":false,"_monsterinsights_skip_tracking":false,"_monsterinsights_sitenote_active":false,"_monsterinsights_sitenote_note":"","_monsterinsights_sitenote_category":0,"_uf_show_specific_survey":0,"_uf_disable_surveys":false,"site-sidebar-layout":"default","site-content-layout":"","ast-site-content-layout":"default","site-content-style":"default","site-sidebar-style":"default","ast-global-header-display":"","ast-banner-title-visibility":"","ast-main-header-display":"","ast-hfb-above-header-display":"","ast-hfb-below-header-display":"","ast-hfb-mobile-header-display":"","site-post-title":"","ast-breadcrumbs-content":"","ast-featured-img":"","footer-sml-layout":"","theme-transparent-header-meta":"default","adv-header-id-meta":"","stick-header-meta":"default","header-above-stick-meta":"","header-main-stick-meta":"","header-below-stick-meta":"","astra-migrate-meta-layouts":"set","ast-page-background-enabled":"default","ast-page-background-meta":{"desktop":{"background-color":"","background-image":"","background-repeat":"repeat","background-position":"center center","background-size":"auto","background-attachment":"scroll","background-type":"","background-media":"","overlay-type":"","overlay-color":"","overlay-opacity":"","overlay-gradient":""},"tablet":{"background-color":"","background-image":"","background-repeat":"repeat","background-position":"center center","background-size":"auto","background-attachment":"scroll","background-type":"","background-media":"","overlay-type":"","overlay-color":"","overlay-opacity":"","overlay-gradient":""},"mobile":{"background-color":"","background-image":"","background-repeat":"repeat","background-position":"center center","background-size":"auto","background-attachment":"scroll","background-type":"","background-media":"","overlay-type":"","overlay-color":"","overlay-opacity":"","overlay-gradient":""}},"ast-content-background-meta":{"desktop":{"background-color":"var(--ast-global-color-5)","background-image":"","background-repeat":"repeat","background-position":"center center","background-size":"auto","background-attachment":"scroll","background-type":"","background-media":"","overlay-type":"","overlay-color":"","overlay-opacity":"","overlay-gradient":""},"tablet":{"background-color":"var(--ast-global-color-5)","background-image":"","background-repeat":"repeat","background-position":"center center","background-size":"auto","background-attachment":"scroll","background-type":"","background-media":"","overlay-type":"","overlay-color":"","overlay-opacity":"","overlay-gradient":""},"mobile":{"background-color":"var(--ast-global-color-5)","background-image":"","background-repeat":"repeat","background-position":"center center","background-size":"auto","background-attachment":"scroll","background-type":"","background-media":"","overlay-type":"","overlay-color":"","overlay-opacity":"","overlay-gradient":""}},"footnotes":""},"categories":[11],"tags":[],"class_list":["post-11563","post","type-post","status-publish","format-standard","has-post-thumbnail","hentry","category-noticias"],"aioseo_notices":[],"_links":{"self":[{"href":"https:\/\/contarotacoes.com\/index.php?rest_route=\/wp\/v2\/posts\/11563","targetHints":{"allow":["GET"]}}],"collection":[{"href":"https:\/\/contarotacoes.com\/index.php?rest_route=\/wp\/v2\/posts"}],"about":[{"href":"https:\/\/contarotacoes.com\/index.php?rest_route=\/wp\/v2\/types\/post"}],"author":[{"embeddable":true,"href":"https:\/\/contarotacoes.com\/index.php?rest_route=\/wp\/v2\/users\/2"}],"replies":[{"embeddable":true,"href":"https:\/\/contarotacoes.com\/index.php?rest_route=%2Fwp%2Fv2%2Fcomments&post=11563"}],"version-history":[{"count":1,"href":"https:\/\/contarotacoes.com\/index.php?rest_route=\/wp\/v2\/posts\/11563\/revisions"}],"predecessor-version":[{"id":11566,"href":"https:\/\/contarotacoes.com\/index.php?rest_route=\/wp\/v2\/posts\/11563\/revisions\/11566"}],"wp:featuredmedia":[{"embeddable":true,"href":"https:\/\/contarotacoes.com\/index.php?rest_route=\/wp\/v2\/media\/11565"}],"wp:attachment":[{"href":"https:\/\/contarotacoes.com\/index.php?rest_route=%2Fwp%2Fv2%2Fmedia&parent=11563"}],"wp:term":[{"taxonomy":"category","embeddable":true,"href":"https:\/\/contarotacoes.com\/index.php?rest_route=%2Fwp%2Fv2%2Fcategories&post=11563"},{"taxonomy":"post_tag","embeddable":true,"href":"https:\/\/contarotacoes.com\/index.php?rest_route=%2Fwp%2Fv2%2Ftags&post=11563"}],"curies":[{"name":"wp","href":"https:\/\/api.w.org\/{rel}","templated":true}]}}