{"id":11542,"date":"2024-10-23T22:03:54","date_gmt":"2024-10-23T22:03:54","guid":{"rendered":"https:\/\/contarotacoes.com\/?p=11542"},"modified":"2024-10-23T22:03:54","modified_gmt":"2024-10-23T22:03:54","slug":"ensaios-internacionais-renault-5-e-tech-100-eletrico-prazer-avancado-e-facilidade-de-utilizacao-confirmados","status":"publish","type":"post","link":"https:\/\/contarotacoes.com\/?p=11542","title":{"rendered":"ENSAIOS INTERNACIONAIS RENAULT 5 E-TECH 100% EL\u00c9TRICO: PRAZER AVAN\u00c7ADO E FACILIDADE DE UTILIZA\u00c7\u00c3O CONFIRMADOS"},"content":{"rendered":"<p style=\"text-align: justify;\">O hoje emblem\u00e1tico, Renault 5 original, marcou a sua \u00e9poca, ao ajudar milh\u00f5es de fam\u00edlias a ultrapassar mudan\u00e7as radicais, como os choques petrol\u00edferos, a evolu\u00e7\u00e3o dos estilos de vida e a necessidade de um segundo autom\u00f3vel. O &#8220;R5&#8221; soube responder a estes desafios com a sua versatilidade, a sua frugalidade e um \u201cje-ne-sais-quoi\u201d que o levou ao estrelato pop.<\/p>\n<p style=\"text-align: justify;\">Teria sido in\u00fatil relan\u00e7ar o Renault 5 sem reavivar a sua heran\u00e7a: sem oferecer uma resposta audaciosa, ao alcance da maioria das pessoas, \u00e0s quest\u00f5es sociais e ambientais atuais. E sem fazer tudo o que \u00e9 preciso para l\u00e1 chegar.<\/p>\n<p style=\"text-align: justify;\">Com o seu design arrebatador, a sua experi\u00eancia de condu\u00e7\u00e3o inspiradora, as suas tecnologias el\u00e9tricas e digitais f\u00e1ceis e apaixonantes e o seu sistema de produ\u00e7\u00e3o circular, local e respons\u00e1vel, o Renault 5 E-Tech 100% el\u00e9trico tem tudo o que \u00e9 necess\u00e1rio para ser o novo modelo do autom\u00f3vel urbano da transi\u00e7\u00e3o energ\u00e9tica.<\/p>\n<p style=\"text-align: justify;\">A hist\u00f3ria do renascimento do Renault 5 \u00e9 bem conhecida: come\u00e7ou com uma\u00a0<a href=\"https:\/\/events.renault.com\/app\/uploads\/sites\/5\/2024\/02\/Nouvelle_R5_EN-3.pdf\">paix\u00e3o instant\u00e2nea por uma maquete cor de laranja<\/a>\u00a0e uma engenharia inversa &#8211; o design estava praticamente gravado na \u201cpedra\u201d, pelo que a plataforma el\u00e9trica de elevado rendimento teve de ser constru\u00edda para o adaptar. O desenvolvimento do modelo de produ\u00e7\u00e3o, mantendo intacta a magia do autom\u00f3vel de exposi\u00e7\u00e3o, em tr\u00eas anos em vez dos habituais quatro, constituiu um desafio industrial consider\u00e1vel. E tudo isto aconteceu quando o Grupo Renault estava a passar pela maior transforma\u00e7\u00e3o da sua hist\u00f3ria: o seu plano estrat\u00e9gico Renaulution &#8211; que implicava, por exemplo, a cria\u00e7\u00e3o da Mobilize e da Ampere e o lan\u00e7amento da marca Renault na sua viragem el\u00e9trica. Foi isto que se passou nos bastidores. Eis o que se vai passar agora no palco!<\/p>\n<p style=\"text-align: justify;\">O palco \u00e9 o lugar do Renault 5 E-Tech 100% el\u00e9trico. \u00c9 um autom\u00f3vel de classe, repleto de tecnologias el\u00e9tricas e digitais, pronto para se tornar o autom\u00f3vel citadino, que mostra o caminho \u00e0 medida que a ind\u00fastria autom\u00f3vel europeia gravita em torno dos grupos propulsores el\u00e9tricos e desempenha um papel no ecossistema energ\u00e9tico, a um competitivo pre\u00e7o de entrada de 25.000 euros.<\/p>\n<p style=\"text-align: justify;\">O primeiro trunfo que contribui para o car\u00e1cter excecional do Renault 5 E-Tech 100% el\u00e9trico \u00e9, sem d\u00favida, o seu design apaixonante. Este capta a aten\u00e7\u00e3o daqueles que reconhecem os tra\u00e7os ic\u00f3nicos do modelo original que conheceram, bem como dos mais jovens, que s\u00e3o atra\u00eddos pela sua modernidade e elementos de personaliza\u00e7\u00e3o. Para al\u00e9m do design, teria sido in\u00fatil \u201creiniciar\u201d o Renault 5 sem trazer de volta a sua originalidade, o seu estatuto de \u00edcone pop e a sua aura popular, que se repercutiam nas preocupa\u00e7\u00f5es do seu tempo. O Renault 5 E-Tech 100% el\u00e9trico foi concebido para poupar dinheiro, sobretudo em estrada, ser divertido de conduzir e facilitar a vida quotidiana. Oferece experi\u00eancias de condu\u00e7\u00e3o, experi\u00eancias de vida a bordo e um estilo de vida el\u00e9trico sem precedentes, integrando tecnologias inovadoras no seu segmento, como o sistema integrado OpenR Link com Google integrado, o avatar Reno, V2G, fun\u00e7\u00e3o Plug &amp; Charge, entre outras. Para al\u00e9m disso, coloca grande \u00eanfase no conforto e na seguran\u00e7a do condutor e dos passageiros. Os seus pontos fortes prov\u00eam da nova plataforma AmpR Small, a nova plataforma Ampere dedicada aos autom\u00f3veis el\u00e9tricos do segmento B. O Renault 5 E-Tech 100% el\u00e9trico pode tamb\u00e9m exibir o seu lado &#8220;pop&#8221; no comportamento em estrada, oferecendo uma experi\u00eancia de condu\u00e7\u00e3o emocionante, sem precedentes para um &#8220;pequeno&#8221; autom\u00f3vel el\u00e9trico. E, naturalmente, \u00e9 fabricado em Fran\u00e7a.<\/p>\n<p style=\"text-align: justify;\">Porque tamb\u00e9m teria sido in\u00fatil \u201creiniciar\u201d o Renault 5 sem o fabricar em Fran\u00e7a ou sem o conceber de forma mais sustent\u00e1vel. A Renault tomou uma posi\u00e7\u00e3o ao optar por produzir o Renault 5 E-Tech 100% el\u00e9trico recorrendo a circuitos locais, no seu p\u00f3lo ElectriCity, no Norte de Fran\u00e7a, com um ecossistema de fornecedores num raio de 300 km. A montagem dos autom\u00f3veis e das baterias \u00e9 efetuada na Manufacture de Douai, que foi um dos locais de produ\u00e7\u00e3o do Renault 5 original. O motor (a m\u00e1quina el\u00e9trica, o redutor e a eletr\u00f3nica do sistema de pot\u00eancia) ser\u00e1 fabricado em Cl\u00e9on e os m\u00f3dulos das baterias ser\u00e3o produzidos pela Gigafactory de Douai (parceria AESC) a partir do ver\u00e3o de 2025. Apoiando-se na experi\u00eancia de The Future is NEUTRAL, a filial do Grupo Renault especializada na economia circular, o Renault 5 E-Tech 100% el\u00e9trico atingir\u00e1 um n\u00edvel global de reciclabilidade de, pelo menos, 88,6%(1), integrando 19,4% de materiais reciclados (norma ISO 14021) e 26,4%(2)\u00a0de materiais recuperados da economia circular, percentagens recordistas para a sua categoria.<\/p>\n<p style=\"text-align: justify;\">O Renault 5 E-Tech 100% el\u00e9trico de hoje tem tudo para se afirmar, tal como o seu antecessor o fez. \u00c9 uma resposta empenhada e alegre aos desafios tecnol\u00f3gicos, sociais e ambientais da mobilidade moderna.<\/p>\n<p style=\"text-align: justify;\">O Renault 5 E-Tech 100% el\u00e9trico \u00e9 um autom\u00f3vel diferente de todos os outros. O seu lan\u00e7amento coincide com a importante viragem de milh\u00f5es de europeus para uma nova mobilidade, el\u00e9trica, conectada e sustent\u00e1vel. \u00c9 tamb\u00e9m o in\u00edcio da transforma\u00e7\u00e3o do Grupo Renault numa empresa autom\u00f3vel de nova gera\u00e7\u00e3o. Para desenvolver este autom\u00f3vel em apenas tr\u00eas anos, em Fran\u00e7a, e ao mais alto n\u00edvel tecnol\u00f3gico, todas as nossas decis\u00f5es tiveram de ser disruptivas e a organiza\u00e7\u00e3o t\u00e3o \u00e1gil quanto poss\u00edvel. Fomos os primeiros a apostar numa plataforma 100% el\u00e9trica para um pequeno autom\u00f3vel europeu, a otimizar os custos em toda a cadeia de valor, a deslocalizar o nosso ecossistema industrial&#8230; S\u00f3 um autom\u00f3vel emblem\u00e1tico poderia reunir as nossas equipas desta forma e fazer mexer a agulha internamente. Face a uma mudan\u00e7a significativa na nossa ind\u00fastria, este autom\u00f3vel abre um novo caminho para a Renault. Est\u00e1 no centro da batalha para reinventar a ind\u00fastria europeia face \u00e0 concorr\u00eancia vinda do Oriente e do Ocidente. Com este ve\u00edculo, provamos que a produ\u00e7\u00e3o na Europa, em Fran\u00e7a, \u00e9 realmente poss\u00edvel!<\/p>\n<p style=\"text-align: justify;\"><em>Luca de Meo, Diretor-Geral do Grupo Renault<\/em><\/p>\n<p style=\"text-align: justify;\">O ADN do R5 \u00e9 \u00fanico. \u00c9 um autom\u00f3vel alegre que atrai a simpatia. \u00c9, ao mesmo tempo, popular e vanguardista, e oferece novas solu\u00e7\u00f5es para o tempo em que vive. Era assim em 1972. Continuar\u00e1 a s\u00ea-lo em 2024. O novo Renault 5 E-Tech 100% el\u00e9trico \u00e9 um golpe de mestre do design, um novo c\u00e9rebro com tecnologias de ponta e pernas el\u00e9tricas assentes numa plataforma de nova gera\u00e7\u00e3o, \u00fanica na Europa: a AmpR Small. \u00c9 tamb\u00e9m o resultado de um compromisso de produ\u00e7\u00e3o respons\u00e1vel e sustent\u00e1vel. As nossas equipas dedicaram muita paix\u00e3o, excel\u00eancia e trabalho ao desenvolvimento do Renault 5 E-Tech 100% el\u00e9trico. Esta paix\u00e3o e o amor que dedic\u00e1mos a este autom\u00f3vel s\u00e3o altamente contagiosos. O R5 tem um \u00fanico objetivo: o cora\u00e7\u00e3o dos nossos clientes. Ele deixar\u00e1 a sua marca na hist\u00f3ria da Renault.<\/p>\n<p style=\"text-align: justify;\"><em>Fabrice Cambolive, Diretor-Geral da marca Renault<\/em><\/p>\n<div style=\"text-align: justify;\">\n<table border=\"1\">\n<tbody>\n<tr>\n<td>\n<p style=\"text-align: justify;\"><strong>Um autom\u00f3vel fabricado na ElectriCity<\/strong><\/p>\n<p style=\"text-align: justify;\">O complexo ElectriCity, que re\u00fane as tr\u00eas f\u00e1bricas de Douai, Maubeuge e Ruitz, no Norte de Fran\u00e7a, est\u00e1 no centro do sistema industrial de produ\u00e7\u00e3o do Renault 5 E-Tech 100% el\u00e9trico. O autom\u00f3vel \u00e9 montado em Douai e o conjunto de baterias em Ruitz (antes do fabrico integral das baterias na gigaf\u00e1brica de Douai, em parceria com a AESC, a partir do ver\u00e3o de 2025). O motor ser\u00e1 produzido na f\u00e1brica de Cl\u00e9on, na Normandia, refletindo a decis\u00e3o de manter a produ\u00e7\u00e3o em Fran\u00e7a.<\/p>\n<p style=\"text-align: justify;\">Este sistema de produ\u00e7\u00e3o 4.0 dever\u00e1 reduzir para nove horas o tempo necess\u00e1rio para construir o Renault 5 E-Tech 100% el\u00e9trico. Para o efeito, a Renault e a Ampere apoiar-se-\u00e3o no Metaverso Industrial do Grupo Renault. Concebido para reinventar a produ\u00e7\u00e3o autom\u00f3vel, acelerando a competitividade, permite a otimiza\u00e7\u00e3o da produ\u00e7\u00e3o em tempo real, gra\u00e7as aos milh\u00f5es de dados provenientes dos sistemas, agora ligados entre si.<\/p>\n<p style=\"text-align: justify;\">O Metaverso Industrial do Grupo Renault abre caminho a uma produ\u00e7\u00e3o mais inteligente, mais r\u00e1pida e melhor, reduzindo os custos e a pegada de carbono dos processos industriais. Associado \u00e0 intelig\u00eancia artificial, permite uma abordagem preditiva do consumo de energia, reduzindo em 20% a utiliza\u00e7\u00e3o nas instala\u00e7\u00f5es industriais do Grupo. O objetivo \u00e9 atingir a neutralidade carb\u00f3nica at\u00e9 2025, tanto no complexo ElectriCity como nas instala\u00e7\u00f5es de Cl\u00e9on.<\/p>\n<\/td>\n<\/tr>\n<\/tbody>\n<\/table>\n<\/div>\n","protected":false},"excerpt":{"rendered":"<p>O hoje emblem\u00e1tico, Renault 5 original, marcou a sua \u00e9poca, ao ajudar milh\u00f5es de fam\u00edlias a ultrapassar mudan\u00e7as radicais, como os choques petrol\u00edferos, a evolu\u00e7\u00e3o dos estilos de vida e a necessidade de um segundo autom\u00f3vel. O &#8220;R5&#8221; soube responder a estes desafios com a sua versatilidade, a sua frugalidade e um \u201cje-ne-sais-quoi\u201d que o [&hellip;]<\/p>\n","protected":false},"author":2,"featured_media":11543,"comment_status":"closed","ping_status":"open","sticky":false,"template":"","format":"standard","meta":{"_editorskit_title_hidden":false,"_editorskit_reading_time":0,"_editorskit_is_block_options_detached":false,"_editorskit_block_options_position":"{}","om_disable_all_campaigns":false,"_monsterinsights_skip_tracking":false,"_monsterinsights_sitenote_active":false,"_monsterinsights_sitenote_note":"","_monsterinsights_sitenote_category":0,"_uf_show_specific_survey":0,"_uf_disable_surveys":false,"site-sidebar-layout":"default","site-content-layout":"","ast-site-content-layout":"default","site-content-style":"default","site-sidebar-style":"default","ast-global-header-display":"","ast-banner-title-visibility":"","ast-main-header-display":"","ast-hfb-above-header-display":"","ast-hfb-below-header-display":"","ast-hfb-mobile-header-display":"","site-post-title":"","ast-breadcrumbs-content":"","ast-featured-img":"","footer-sml-layout":"","theme-transparent-header-meta":"default","adv-header-id-meta":"","stick-header-meta":"default","header-above-stick-meta":"","header-main-stick-meta":"","header-below-stick-meta":"","astra-migrate-meta-layouts":"set","ast-page-background-enabled":"default","ast-page-background-meta":{"desktop":{"background-color":"","background-image":"","background-repeat":"repeat","background-position":"center center","background-size":"auto","background-attachment":"scroll","background-type":"","background-media":"","overlay-type":"","overlay-color":"","overlay-opacity":"","overlay-gradient":""},"tablet":{"background-color":"","background-image":"","background-repeat":"repeat","background-position":"center center","background-size":"auto","background-attachment":"scroll","background-type":"","background-media":"","overlay-type":"","overlay-color":"","overlay-opacity":"","overlay-gradient":""},"mobile":{"background-color":"","background-image":"","background-repeat":"repeat","background-position":"center center","background-size":"auto","background-attachment":"scroll","background-type":"","background-media":"","overlay-type":"","overlay-color":"","overlay-opacity":"","overlay-gradient":""}},"ast-content-background-meta":{"desktop":{"background-color":"var(--ast-global-color-5)","background-image":"","background-repeat":"repeat","background-position":"center center","background-size":"auto","background-attachment":"scroll","background-type":"","background-media":"","overlay-type":"","overlay-color":"","overlay-opacity":"","overlay-gradient":""},"tablet":{"background-color":"var(--ast-global-color-5)","background-image":"","background-repeat":"repeat","background-position":"center center","background-size":"auto","background-attachment":"scroll","background-type":"","background-media":"","overlay-type":"","overlay-color":"","overlay-opacity":"","overlay-gradient":""},"mobile":{"background-color":"var(--ast-global-color-5)","background-image":"","background-repeat":"repeat","background-position":"center center","background-size":"auto","background-attachment":"scroll","background-type":"","background-media":"","overlay-type":"","overlay-color":"","overlay-opacity":"","overlay-gradient":""}},"footnotes":""},"categories":[13],"tags":[],"class_list":["post-11542","post","type-post","status-publish","format-standard","has-post-thumbnail","hentry","category-comercio"],"aioseo_notices":[],"_links":{"self":[{"href":"https:\/\/contarotacoes.com\/index.php?rest_route=\/wp\/v2\/posts\/11542","targetHints":{"allow":["GET"]}}],"collection":[{"href":"https:\/\/contarotacoes.com\/index.php?rest_route=\/wp\/v2\/posts"}],"about":[{"href":"https:\/\/contarotacoes.com\/index.php?rest_route=\/wp\/v2\/types\/post"}],"author":[{"embeddable":true,"href":"https:\/\/contarotacoes.com\/index.php?rest_route=\/wp\/v2\/users\/2"}],"replies":[{"embeddable":true,"href":"https:\/\/contarotacoes.com\/index.php?rest_route=%2Fwp%2Fv2%2Fcomments&post=11542"}],"version-history":[{"count":1,"href":"https:\/\/contarotacoes.com\/index.php?rest_route=\/wp\/v2\/posts\/11542\/revisions"}],"predecessor-version":[{"id":11544,"href":"https:\/\/contarotacoes.com\/index.php?rest_route=\/wp\/v2\/posts\/11542\/revisions\/11544"}],"wp:featuredmedia":[{"embeddable":true,"href":"https:\/\/contarotacoes.com\/index.php?rest_route=\/wp\/v2\/media\/11543"}],"wp:attachment":[{"href":"https:\/\/contarotacoes.com\/index.php?rest_route=%2Fwp%2Fv2%2Fmedia&parent=11542"}],"wp:term":[{"taxonomy":"category","embeddable":true,"href":"https:\/\/contarotacoes.com\/index.php?rest_route=%2Fwp%2Fv2%2Fcategories&post=11542"},{"taxonomy":"post_tag","embeddable":true,"href":"https:\/\/contarotacoes.com\/index.php?rest_route=%2Fwp%2Fv2%2Ftags&post=11542"}],"curies":[{"name":"wp","href":"https:\/\/api.w.org\/{rel}","templated":true}]}}