{"id":11539,"date":"2024-10-23T22:00:01","date_gmt":"2024-10-23T22:00:01","guid":{"rendered":"https:\/\/contarotacoes.com\/?p=11539"},"modified":"2024-10-23T22:00:01","modified_gmt":"2024-10-23T22:00:01","slug":"ultima-ronda-do-campeonato-com-final-amargo-para-joao-pinheiro","status":"publish","type":"post","link":"https:\/\/contarotacoes.com\/?p=11539","title":{"rendered":"\u00daltima ronda do campeonato com final amargo para Jo\u00e3o Pinheiro"},"content":{"rendered":"<p style=\"text-align: justify;\" align=\"center\">O Circuito da Costilha em Lousada acolheu a \u00faltima ronda do Campeonato de Portugal de Kartcross, esta que viria a ser tamb\u00e9m a \u00faltima vez que iria ser utilizada a configura\u00e7\u00e3o atual do tra\u00e7ado, senda esta prova apelidada pela organiza\u00e7\u00e3o como a &#8220;Last Lap&#8221;.<\/p>\n<p style=\"text-align: justify;\" align=\"center\">A equipa JCP Racing e o seu piloto Jo\u00e3o Pinheiro, chegavam a Lousada com a motiva\u00e7\u00e3o do bom resultado alcan\u00e7ado na ronda anterior, empenhando-se para tentar manter o ritmo demonstrado.<\/p>\n<p style=\"text-align: justify;\" align=\"center\">No primeiro dia de competi\u00e7\u00e3o com condi\u00e7\u00f5es de ader\u00eancia muito dif\u00edceis, devido \u00e0 chuva que se fez sentir, o piloto cravava o 7\u00ba tempo mais r\u00e1pido da geral na sess\u00e3o de treinos cronometrados. Este finalizava o dia na mesma posi\u00e7\u00e3o da geral e quarta posi\u00e7\u00e3o da divis\u00e3o 1, ap\u00f3s a primeira qualifica\u00e7\u00e3o.<\/p>\n<p style=\"text-align: justify;\" align=\"center\">No segundo e \u00faltimo dia de competi\u00e7\u00e3o, na segunda qualifica\u00e7\u00e3o, ap\u00f3s um arranque menos bem conseguido por parte do piloto, fazia com que o mesmo viesse apenas a terminar na 13\u00aa posi\u00e7\u00e3o da geral e 9\u00aa posi\u00e7\u00e3o da divis\u00e3o 1.<\/p>\n<p style=\"text-align: justify;\" align=\"center\">Na qualifica\u00e7\u00e3o 3, desta vez Jo\u00e3o Pinheiro fazia um bom arranque, o que o colocava numa boa posi\u00e7\u00e3o para recuperar na tabela classificativa, mas a duas voltas do final um problema t\u00e9cnico no acelerador fez com que n\u00e3o terminasse a prova deitando assim por terra as hip\u00f3teses de conseguir um lugar direto na final A.<\/p>\n<p style=\"text-align: justify;\" align=\"center\">Na final B, onde apenas os dois primeiros classificados teriam acesso \u00e0 final A, o piloto arrancava da primeira linha da grelha. Logo no arranque e ap\u00f3s a primeira curva Jo\u00e3o Pinheiro mantinha a 3\u00aa posi\u00e7\u00e3o, vindo posteriormente a colocar-se na 2\u00aa posi\u00e7\u00e3o e sobre forte press\u00e3o ao primeiro classificado, numa tentativa de ultrapassagem este sofreu um toque de outro concorrente que o fez embater no muro de prote\u00e7\u00e3o e a fazer com que o mesmo desse algumas voltas a capotar, tendo acabado por ali o fim de semana.<\/p>\n<p style=\"text-align: justify;\" align=\"center\">Finalizado est\u00e1 assim o campeonato, a equipa JCP Racing e Jo\u00e3o Pinheiro terminam esta participa\u00e7\u00e3o com o 6\u00ba lugar na geral e 4\u00ba lugar na divis\u00e3o 1.<\/p>\n<p style=\"text-align: justify;\" align=\"center\">&#8220;Foi um fim de semana que teve um in\u00edcio complicado devido \u00e0s condi\u00e7\u00f5es da pista, demos o nosso melhor para obter um bom lugar na grelha para a final, mas infelizmente aquele problema na terceira qualifica\u00e7\u00e3o, n\u00e3o nos permitiu o acesso \u00e0 final A e na final B quando estava mais r\u00e1pido que o primeiro classificado e a tentar ultrapassar acabei por sofrer um acidente que me p\u00f4s fora de corrida. Agora \u00e9 hora de recuperar, levantar a cabe\u00e7a e come\u00e7ar a trabalhar no pr\u00f3ximo ano pois sabemos que podemos e vamos fazer para dar uma melhor imagem daquilo que foi este ano. Muito obrigado a todos pelo apoio ao longo do ano&#8221; Palavras de Jo\u00e3o Pinheiro.<\/p>\n<p style=\"text-align: justify;\">A equipa JCP Racing e Jo\u00e3o Pinheiro agradecem todo o apoio!<\/p>\n","protected":false},"excerpt":{"rendered":"<p>O Circuito da Costilha em Lousada acolheu a \u00faltima ronda do Campeonato de Portugal de Kartcross, esta que viria a ser tamb\u00e9m a \u00faltima vez que iria ser utilizada a configura\u00e7\u00e3o atual do tra\u00e7ado, senda esta prova apelidada pela organiza\u00e7\u00e3o como a &#8220;Last Lap&#8221;. A equipa JCP Racing e o seu piloto Jo\u00e3o Pinheiro, chegavam [&hellip;]<\/p>\n","protected":false},"author":2,"featured_media":11540,"comment_status":"closed","ping_status":"open","sticky":false,"template":"","format":"standard","meta":{"_editorskit_title_hidden":false,"_editorskit_reading_time":0,"_editorskit_is_block_options_detached":false,"_editorskit_block_options_position":"{}","om_disable_all_campaigns":false,"_monsterinsights_skip_tracking":false,"_monsterinsights_sitenote_active":false,"_monsterinsights_sitenote_note":"","_monsterinsights_sitenote_category":0,"_uf_show_specific_survey":0,"_uf_disable_surveys":false,"site-sidebar-layout":"default","site-content-layout":"","ast-site-content-layout":"default","site-content-style":"default","site-sidebar-style":"default","ast-global-header-display":"","ast-banner-title-visibility":"","ast-main-header-display":"","ast-hfb-above-header-display":"","ast-hfb-below-header-display":"","ast-hfb-mobile-header-display":"","site-post-title":"","ast-breadcrumbs-content":"","ast-featured-img":"","footer-sml-layout":"","theme-transparent-header-meta":"default","adv-header-id-meta":"","stick-header-meta":"default","header-above-stick-meta":"","header-main-stick-meta":"","header-below-stick-meta":"","astra-migrate-meta-layouts":"set","ast-page-background-enabled":"default","ast-page-background-meta":{"desktop":{"background-color":"","background-image":"","background-repeat":"repeat","background-position":"center center","background-size":"auto","background-attachment":"scroll","background-type":"","background-media":"","overlay-type":"","overlay-color":"","overlay-opacity":"","overlay-gradient":""},"tablet":{"background-color":"","background-image":"","background-repeat":"repeat","background-position":"center center","background-size":"auto","background-attachment":"scroll","background-type":"","background-media":"","overlay-type":"","overlay-color":"","overlay-opacity":"","overlay-gradient":""},"mobile":{"background-color":"","background-image":"","background-repeat":"repeat","background-position":"center center","background-size":"auto","background-attachment":"scroll","background-type":"","background-media":"","overlay-type":"","overlay-color":"","overlay-opacity":"","overlay-gradient":""}},"ast-content-background-meta":{"desktop":{"background-color":"var(--ast-global-color-5)","background-image":"","background-repeat":"repeat","background-position":"center center","background-size":"auto","background-attachment":"scroll","background-type":"","background-media":"","overlay-type":"","overlay-color":"","overlay-opacity":"","overlay-gradient":""},"tablet":{"background-color":"var(--ast-global-color-5)","background-image":"","background-repeat":"repeat","background-position":"center center","background-size":"auto","background-attachment":"scroll","background-type":"","background-media":"","overlay-type":"","overlay-color":"","overlay-opacity":"","overlay-gradient":""},"mobile":{"background-color":"var(--ast-global-color-5)","background-image":"","background-repeat":"repeat","background-position":"center center","background-size":"auto","background-attachment":"scroll","background-type":"","background-media":"","overlay-type":"","overlay-color":"","overlay-opacity":"","overlay-gradient":""}},"footnotes":""},"categories":[11],"tags":[],"class_list":["post-11539","post","type-post","status-publish","format-standard","has-post-thumbnail","hentry","category-noticias"],"aioseo_notices":[],"_links":{"self":[{"href":"https:\/\/contarotacoes.com\/index.php?rest_route=\/wp\/v2\/posts\/11539","targetHints":{"allow":["GET"]}}],"collection":[{"href":"https:\/\/contarotacoes.com\/index.php?rest_route=\/wp\/v2\/posts"}],"about":[{"href":"https:\/\/contarotacoes.com\/index.php?rest_route=\/wp\/v2\/types\/post"}],"author":[{"embeddable":true,"href":"https:\/\/contarotacoes.com\/index.php?rest_route=\/wp\/v2\/users\/2"}],"replies":[{"embeddable":true,"href":"https:\/\/contarotacoes.com\/index.php?rest_route=%2Fwp%2Fv2%2Fcomments&post=11539"}],"version-history":[{"count":1,"href":"https:\/\/contarotacoes.com\/index.php?rest_route=\/wp\/v2\/posts\/11539\/revisions"}],"predecessor-version":[{"id":11541,"href":"https:\/\/contarotacoes.com\/index.php?rest_route=\/wp\/v2\/posts\/11539\/revisions\/11541"}],"wp:featuredmedia":[{"embeddable":true,"href":"https:\/\/contarotacoes.com\/index.php?rest_route=\/wp\/v2\/media\/11540"}],"wp:attachment":[{"href":"https:\/\/contarotacoes.com\/index.php?rest_route=%2Fwp%2Fv2%2Fmedia&parent=11539"}],"wp:term":[{"taxonomy":"category","embeddable":true,"href":"https:\/\/contarotacoes.com\/index.php?rest_route=%2Fwp%2Fv2%2Fcategories&post=11539"},{"taxonomy":"post_tag","embeddable":true,"href":"https:\/\/contarotacoes.com\/index.php?rest_route=%2Fwp%2Fv2%2Ftags&post=11539"}],"curies":[{"name":"wp","href":"https:\/\/api.w.org\/{rel}","templated":true}]}}