{"id":11520,"date":"2024-10-21T20:52:49","date_gmt":"2024-10-21T20:52:49","guid":{"rendered":"https:\/\/contarotacoes.com\/?p=11520"},"modified":"2024-10-21T20:52:49","modified_gmt":"2024-10-21T20:52:49","slug":"portugal-com-oito-representantes-nas-rotax-max-challenge-grand-finals-em-italia","status":"publish","type":"post","link":"https:\/\/contarotacoes.com\/?p=11520","title":{"rendered":"Portugal com oito representantes nas Rotax Max Challenge Grand Finals em It\u00e1lia"},"content":{"rendered":"<div>\n<div dir=\"auto\" style=\"text-align: justify;\">Vicente Capela vai alinhar na categoria Micro-Max, Duarte Alves na categoria Mini-Max, Ant\u00f3nio Macedo na categoria J\u00fanior, Jo\u00e3o Dinis na categoria S\u00e9nior Max, Frederico Peters na categoria DD2, Pedro Ribeiro na categoria DD2 Masters, Leandre Carvalho na E-20 J\u00fanior e Jo\u00e3o Dias na categoria E-20 S\u00e9nior.<\/div>\n<\/div>\n<div>\n<div dir=\"auto\" style=\"text-align: justify;\">Depois dos treinos livres de segunda-feira, na ter\u00e7a-feira \u00e0 tarde, a 24.\u00aa edi\u00e7\u00e3o das Rotax MAX Challenge Grand Finals (RMCGF) vai arrancar oficialmente, com a realiza\u00e7\u00e3o dos treinos cronometrados, no Circuito Internacional de N\u00e1poles, em It\u00e1lia, com mais de 400 pilotos oriundos de mais de 60 nacionalidades, distribu\u00eddos por oito categorias.<\/div>\n<div dir=\"auto\" style=\"text-align: justify;\">Vicente Capela vai alinhar na categoria Micro-Max, Duarte Alves na categoria Mini-Max, Ant\u00f3nio Macedo na categoria J\u00fanior, Jo\u00e3o Dinis na categoria S\u00e9nior Max, Frederico Peters na categoria DD2, Pedro Ribeiro na categoria DD2 Masters, Leandre Carvalho na E-20 J\u00fanior e Jo\u00e3o Dias na categoria E-20 S\u00e9nior.<\/div>\n<div dir=\"auto\" style=\"text-align: justify;\">At\u00e9 sexta-feira realizar-se-\u00e3o v\u00e1rias mangas de qualifica\u00e7\u00e3o e as Pr\u00e9-Finais, enquanto que as Finais marcadas para s\u00e1bado.<\/div>\n<\/div>\n","protected":false},"excerpt":{"rendered":"<p>Vicente Capela vai alinhar na categoria Micro-Max, Duarte Alves na categoria Mini-Max, Ant\u00f3nio Macedo na categoria J\u00fanior, Jo\u00e3o Dinis na categoria S\u00e9nior Max, Frederico Peters na categoria DD2, Pedro Ribeiro na categoria DD2 Masters, Leandre Carvalho na E-20 J\u00fanior e Jo\u00e3o Dias na categoria E-20 S\u00e9nior. Depois dos treinos livres de segunda-feira, na ter\u00e7a-feira \u00e0 [&hellip;]<\/p>\n","protected":false},"author":2,"featured_media":11521,"comment_status":"closed","ping_status":"open","sticky":false,"template":"","format":"standard","meta":{"_editorskit_title_hidden":false,"_editorskit_reading_time":0,"_editorskit_is_block_options_detached":false,"_editorskit_block_options_position":"{}","om_disable_all_campaigns":false,"_monsterinsights_skip_tracking":false,"_monsterinsights_sitenote_active":false,"_monsterinsights_sitenote_note":"","_monsterinsights_sitenote_category":0,"_uf_show_specific_survey":0,"_uf_disable_surveys":false,"site-sidebar-layout":"default","site-content-layout":"","ast-site-content-layout":"default","site-content-style":"default","site-sidebar-style":"default","ast-global-header-display":"","ast-banner-title-visibility":"","ast-main-header-display":"","ast-hfb-above-header-display":"","ast-hfb-below-header-display":"","ast-hfb-mobile-header-display":"","site-post-title":"","ast-breadcrumbs-content":"","ast-featured-img":"","footer-sml-layout":"","theme-transparent-header-meta":"default","adv-header-id-meta":"","stick-header-meta":"default","header-above-stick-meta":"","header-main-stick-meta":"","header-below-stick-meta":"","astra-migrate-meta-layouts":"set","ast-page-background-enabled":"default","ast-page-background-meta":{"desktop":{"background-color":"","background-image":"","background-repeat":"repeat","background-position":"center center","background-size":"auto","background-attachment":"scroll","background-type":"","background-media":"","overlay-type":"","overlay-color":"","overlay-opacity":"","overlay-gradient":""},"tablet":{"background-color":"","background-image":"","background-repeat":"repeat","background-position":"center center","background-size":"auto","background-attachment":"scroll","background-type":"","background-media":"","overlay-type":"","overlay-color":"","overlay-opacity":"","overlay-gradient":""},"mobile":{"background-color":"","background-image":"","background-repeat":"repeat","background-position":"center center","background-size":"auto","background-attachment":"scroll","background-type":"","background-media":"","overlay-type":"","overlay-color":"","overlay-opacity":"","overlay-gradient":""}},"ast-content-background-meta":{"desktop":{"background-color":"var(--ast-global-color-5)","background-image":"","background-repeat":"repeat","background-position":"center center","background-size":"auto","background-attachment":"scroll","background-type":"","background-media":"","overlay-type":"","overlay-color":"","overlay-opacity":"","overlay-gradient":""},"tablet":{"background-color":"var(--ast-global-color-5)","background-image":"","background-repeat":"repeat","background-position":"center center","background-size":"auto","background-attachment":"scroll","background-type":"","background-media":"","overlay-type":"","overlay-color":"","overlay-opacity":"","overlay-gradient":""},"mobile":{"background-color":"var(--ast-global-color-5)","background-image":"","background-repeat":"repeat","background-position":"center center","background-size":"auto","background-attachment":"scroll","background-type":"","background-media":"","overlay-type":"","overlay-color":"","overlay-opacity":"","overlay-gradient":""}},"footnotes":""},"categories":[11],"tags":[],"class_list":["post-11520","post","type-post","status-publish","format-standard","has-post-thumbnail","hentry","category-noticias"],"aioseo_notices":[],"_links":{"self":[{"href":"https:\/\/contarotacoes.com\/index.php?rest_route=\/wp\/v2\/posts\/11520","targetHints":{"allow":["GET"]}}],"collection":[{"href":"https:\/\/contarotacoes.com\/index.php?rest_route=\/wp\/v2\/posts"}],"about":[{"href":"https:\/\/contarotacoes.com\/index.php?rest_route=\/wp\/v2\/types\/post"}],"author":[{"embeddable":true,"href":"https:\/\/contarotacoes.com\/index.php?rest_route=\/wp\/v2\/users\/2"}],"replies":[{"embeddable":true,"href":"https:\/\/contarotacoes.com\/index.php?rest_route=%2Fwp%2Fv2%2Fcomments&post=11520"}],"version-history":[{"count":1,"href":"https:\/\/contarotacoes.com\/index.php?rest_route=\/wp\/v2\/posts\/11520\/revisions"}],"predecessor-version":[{"id":11522,"href":"https:\/\/contarotacoes.com\/index.php?rest_route=\/wp\/v2\/posts\/11520\/revisions\/11522"}],"wp:featuredmedia":[{"embeddable":true,"href":"https:\/\/contarotacoes.com\/index.php?rest_route=\/wp\/v2\/media\/11521"}],"wp:attachment":[{"href":"https:\/\/contarotacoes.com\/index.php?rest_route=%2Fwp%2Fv2%2Fmedia&parent=11520"}],"wp:term":[{"taxonomy":"category","embeddable":true,"href":"https:\/\/contarotacoes.com\/index.php?rest_route=%2Fwp%2Fv2%2Fcategories&post=11520"},{"taxonomy":"post_tag","embeddable":true,"href":"https:\/\/contarotacoes.com\/index.php?rest_route=%2Fwp%2Fv2%2Ftags&post=11520"}],"curies":[{"name":"wp","href":"https:\/\/api.w.org\/{rel}","templated":true}]}}