{"id":11322,"date":"2024-10-15T17:56:52","date_gmt":"2024-10-15T17:56:52","guid":{"rendered":"https:\/\/contarotacoes.com\/?p=11322"},"modified":"2024-10-15T17:56:52","modified_gmt":"2024-10-15T17:56:52","slug":"miguel-oliveira-determinado-a-voltar-mais-forte-do-que-nunca","status":"publish","type":"post","link":"https:\/\/contarotacoes.com\/?p=11322","title":{"rendered":"Miguel Oliveira determinado a voltar \u201cmais forte do que nunca\u201d"},"content":{"rendered":"<p style=\"text-align: justify;\">Setembro trouxe momentos contrastantes para o piloto portugu\u00eas: melhorou resultados entre os dois primeiros Grandes Pr\u00e9mios do m\u00eas, mas um infort\u00fanio na terceira prova resultou numa les\u00e3o no bra\u00e7o. Ainda em recupera\u00e7\u00e3o, o piloto de Almada est\u00e1 exclusivamente focado em regressar \u00e0s pistas.<\/p>\n<p style=\"text-align: justify;\">O m\u00eas come\u00e7ou com o Grande Pr\u00e9mio de San Marino, no circuito de Misano, onde Miguel Oliveira havia terminado na 6.\u00aa posi\u00e7\u00e3o em 2023. Mantendo-se fiel ao estilo destemido que o caracteriza, o piloto portugu\u00eas aproveitou as circunst\u00e2ncias de uma prova influenciada pela instabilidade meteorol\u00f3gica e recuperou sete posi\u00e7\u00f5es, tendo sa\u00eddo da 18.\u00aa posi\u00e7\u00e3o na grelha de partida e terminado a prova no 11.\u00ba posto. Garantiu cinco pontos para a classifica\u00e7\u00e3o geral e afirmou-se como o melhor piloto do dia da Aprilia.<\/p>\n<p style=\"text-align: justify;\">Duas semanas depois, no regresso ao mesmo circuito de Misano, desta vez para o Grande Pr\u00e9mio de Emilia Romagna, Miguel Oliveira estabeleceu como meta a presen\u00e7a nos dez primeiros lugares, objetivo que se viria a cumprir.<\/p>\n<p style=\"text-align: justify;\">Ap\u00f3s um primeiro dia marcado por alguns problemas na dianteira da mota, o piloto luso apresentou-se personalizado no dia seguinte do GP em terras italianas, garantindo um lugar na segunda fase de qualifica\u00e7\u00e3o e alcan\u00e7ando o 11.\u00ba lugar na corrida de Sprint. Completando um fim de semana em crescendo, Miguel Oliveira, no domingo, mostrou ao que vinha e assegurou a t\u00e3o desejada presen\u00e7a no top 10, somando seis pontos para a classifica\u00e7\u00e3o geral.<\/p>\n<p style=\"text-align: justify;\">Piloto portugu\u00eas est\u00e1 com \u201cmais fome de vit\u00f3ria do que nunca\u201d<\/p>\n<p style=\"text-align: justify;\">O \u00faltimo fim de semana do m\u00eas tinha reservado o regresso do piloto portugu\u00eas \u00e0 Ilha de Lombok, na Indon\u00e9sia, e a uma pista de boas mem\u00f3rias: Miguel Oliveira venceu na estreia do circuito de Mandalika no calend\u00e1rio de MotoGP, em 2022, ap\u00f3s um desempenho not\u00e1vel, pautado por um ritmo intenso sob chuva forte.<\/p>\n<p style=\"text-align: justify;\">O regresso, por\u00e9m, ficou marcado por um forte rev\u00e9s nas ambi\u00e7\u00f5es do piloto luso. Nos minutos finais da primeira sess\u00e3o de treinos livres, sofreu uma queda que resultou na fratura do r\u00e1dio do bra\u00e7o, tendo imediatamente ficado evidente a impossibilidade de continuar em prova.<\/p>\n<p style=\"text-align: justify;\">O piloto, que j\u00e1 foi operado em Portugal, falhou os Grandes Pr\u00e9mios da Indon\u00e9sia e do Jap\u00e3o, e tamb\u00e9m j\u00e1 \u00e9 certa a aus\u00eancia do GP da Austr\u00e1lia.<\/p>\n<p style=\"text-align: justify;\">Focado na recupera\u00e7\u00e3o, Miguel Oliveira deixou, no s\u00e1bado passado, uma mensagem de esperan\u00e7a e resili\u00eancia nas suas redes sociais. Demonstrou estar \u201cmais determinado do que nunca a voltar mais forte\u201d e lembrou que \u00e9 quando se \u00e9 \u201ccolocado \u00e0 prova fora de pista\u201d que se mostra a \u201cverdadeira for\u00e7a\u201d. Aos seus milh\u00f5es de f\u00e3s e seguidores, o piloto de Almada deixou a promessa de que em breve estar\u00e1 de volta, \u201ccom mais fome de vit\u00f3ria do que nunca\u201d.<\/p>\n","protected":false},"excerpt":{"rendered":"<p>Setembro trouxe momentos contrastantes para o piloto portugu\u00eas: melhorou resultados entre os dois primeiros Grandes Pr\u00e9mios do m\u00eas, mas um infort\u00fanio na terceira prova resultou numa les\u00e3o no bra\u00e7o. Ainda em recupera\u00e7\u00e3o, o piloto de Almada est\u00e1 exclusivamente focado em regressar \u00e0s pistas. O m\u00eas come\u00e7ou com o Grande Pr\u00e9mio de San Marino, no circuito [&hellip;]<\/p>\n","protected":false},"author":2,"featured_media":11323,"comment_status":"closed","ping_status":"open","sticky":false,"template":"","format":"standard","meta":{"_editorskit_title_hidden":false,"_editorskit_reading_time":0,"_editorskit_is_block_options_detached":false,"_editorskit_block_options_position":"{}","om_disable_all_campaigns":false,"_monsterinsights_skip_tracking":false,"_monsterinsights_sitenote_active":false,"_monsterinsights_sitenote_note":"","_monsterinsights_sitenote_category":0,"_uf_show_specific_survey":0,"_uf_disable_surveys":false,"site-sidebar-layout":"default","site-content-layout":"","ast-site-content-layout":"default","site-content-style":"default","site-sidebar-style":"default","ast-global-header-display":"","ast-banner-title-visibility":"","ast-main-header-display":"","ast-hfb-above-header-display":"","ast-hfb-below-header-display":"","ast-hfb-mobile-header-display":"","site-post-title":"","ast-breadcrumbs-content":"","ast-featured-img":"","footer-sml-layout":"","theme-transparent-header-meta":"default","adv-header-id-meta":"","stick-header-meta":"default","header-above-stick-meta":"","header-main-stick-meta":"","header-below-stick-meta":"","astra-migrate-meta-layouts":"set","ast-page-background-enabled":"default","ast-page-background-meta":{"desktop":{"background-color":"","background-image":"","background-repeat":"repeat","background-position":"center center","background-size":"auto","background-attachment":"scroll","background-type":"","background-media":"","overlay-type":"","overlay-color":"","overlay-opacity":"","overlay-gradient":""},"tablet":{"background-color":"","background-image":"","background-repeat":"repeat","background-position":"center center","background-size":"auto","background-attachment":"scroll","background-type":"","background-media":"","overlay-type":"","overlay-color":"","overlay-opacity":"","overlay-gradient":""},"mobile":{"background-color":"","background-image":"","background-repeat":"repeat","background-position":"center center","background-size":"auto","background-attachment":"scroll","background-type":"","background-media":"","overlay-type":"","overlay-color":"","overlay-opacity":"","overlay-gradient":""}},"ast-content-background-meta":{"desktop":{"background-color":"var(--ast-global-color-5)","background-image":"","background-repeat":"repeat","background-position":"center center","background-size":"auto","background-attachment":"scroll","background-type":"","background-media":"","overlay-type":"","overlay-color":"","overlay-opacity":"","overlay-gradient":""},"tablet":{"background-color":"var(--ast-global-color-5)","background-image":"","background-repeat":"repeat","background-position":"center center","background-size":"auto","background-attachment":"scroll","background-type":"","background-media":"","overlay-type":"","overlay-color":"","overlay-opacity":"","overlay-gradient":""},"mobile":{"background-color":"var(--ast-global-color-5)","background-image":"","background-repeat":"repeat","background-position":"center center","background-size":"auto","background-attachment":"scroll","background-type":"","background-media":"","overlay-type":"","overlay-color":"","overlay-opacity":"","overlay-gradient":""}},"footnotes":""},"categories":[11],"tags":[],"class_list":["post-11322","post","type-post","status-publish","format-standard","has-post-thumbnail","hentry","category-noticias"],"aioseo_notices":[],"_links":{"self":[{"href":"https:\/\/contarotacoes.com\/index.php?rest_route=\/wp\/v2\/posts\/11322","targetHints":{"allow":["GET"]}}],"collection":[{"href":"https:\/\/contarotacoes.com\/index.php?rest_route=\/wp\/v2\/posts"}],"about":[{"href":"https:\/\/contarotacoes.com\/index.php?rest_route=\/wp\/v2\/types\/post"}],"author":[{"embeddable":true,"href":"https:\/\/contarotacoes.com\/index.php?rest_route=\/wp\/v2\/users\/2"}],"replies":[{"embeddable":true,"href":"https:\/\/contarotacoes.com\/index.php?rest_route=%2Fwp%2Fv2%2Fcomments&post=11322"}],"version-history":[{"count":1,"href":"https:\/\/contarotacoes.com\/index.php?rest_route=\/wp\/v2\/posts\/11322\/revisions"}],"predecessor-version":[{"id":11324,"href":"https:\/\/contarotacoes.com\/index.php?rest_route=\/wp\/v2\/posts\/11322\/revisions\/11324"}],"wp:featuredmedia":[{"embeddable":true,"href":"https:\/\/contarotacoes.com\/index.php?rest_route=\/wp\/v2\/media\/11323"}],"wp:attachment":[{"href":"https:\/\/contarotacoes.com\/index.php?rest_route=%2Fwp%2Fv2%2Fmedia&parent=11322"}],"wp:term":[{"taxonomy":"category","embeddable":true,"href":"https:\/\/contarotacoes.com\/index.php?rest_route=%2Fwp%2Fv2%2Fcategories&post=11322"},{"taxonomy":"post_tag","embeddable":true,"href":"https:\/\/contarotacoes.com\/index.php?rest_route=%2Fwp%2Fv2%2Ftags&post=11322"}],"curies":[{"name":"wp","href":"https:\/\/api.w.org\/{rel}","templated":true}]}}