{"id":11294,"date":"2024-10-15T17:22:34","date_gmt":"2024-10-15T17:22:34","guid":{"rendered":"https:\/\/contarotacoes.com\/?p=11294"},"modified":"2024-10-15T17:22:34","modified_gmt":"2024-10-15T17:22:34","slug":"opel-corsa-rally-electric-com-o-campeonato-do-mundo-como-pano-de-fundo","status":"publish","type":"post","link":"https:\/\/contarotacoes.com\/?p=11294","title":{"rendered":"Opel Corsa Rally Electric com o Campeonato do Mundo como pano de fundo"},"content":{"rendered":"<ul>\n<li style=\"text-align: justify;\"><strong>Rali da Europa Central: Final de \u00e9poca da ADAC Opel Electric Rally Cup \u201cpowered by GSe\u201d nos dias 19 e 20 de outubro<\/strong><\/li>\n<li style=\"text-align: justify;\"><strong>Campeonato do Mundo de Ralis: Os carros el\u00e9tricos de ralis da Opel voltam a estar lado a lado com a elite da disciplina<\/strong><\/li>\n<li style=\"text-align: justify;\"><strong>Plantel internacional: Participantes de v\u00e1rios pa\u00edses<\/strong><\/li>\n<\/ul>\n<p style=\"text-align: justify;\">Um impressionante plantel composto por 15 <a href=\"https:\/\/www.media.stellantis.com\/pt-pt\/search?searchString=Opel%20Corsa%20Rally%20Electric\">Opel Corsa Rally Electric<\/a>, de equipas oriundas de sete pa\u00edses, encontrar-se-\u00e1 no impressionante cen\u00e1rio do Campeonato do Mundo de Ralis (WRC), na jornada que encerra a \u00e9poca de 2024 da ADAC Opel Electric Rally Cup \u201cpowered by GSe\u201d. O Rali da Europa Central, que se corre nos dias 19 e 20 de outubro, promete ser, mais uma vez, um verdadeiro ponto alto.<\/p>\n<p style=\"text-align: justify;\">Apesar de o austr\u00edaco Luca Pr\u00f6glh\u00f6f \u2013 que estar\u00e1 ausente desta prova devido a doen\u00e7a \u2013 j\u00e1 ter garantido o t\u00edtulo de 2024 no passado <a href=\"https:\/\/www.media.stellantis.com\/pt-pt\/opel\/press\/luca-proeglhoef-vence-o-titulo-da-adac-opel-rally-electric-cup-de-2024\">Rallye Coeur de France<\/a>, a oitava prova da ADAC Opel Electric Rally Cup promete ser muito emocionante. O alem\u00e3o Christian Lemke e o espanhol Alex Espa\u00f1ol, os \u00fanicos pilotos, para al\u00e9m de Pr\u00f6glh\u00f6f, a subirem ao lugar mais alto do p\u00f3dio este ano, estar\u00e3o ansiosos por enfrentar as exigentes especiais de asfalto da Alemanha e da \u00c1ustria, nos pr\u00f3ximos s\u00e1bado e domingo. \u00c9, tamb\u00e9m este, o objetivo que o franc\u00eas Anthony Rott tem em mente para a final, ele que est\u00e1 em vias de se sagrar Vice-Campe\u00e3o.<\/p>\n<p style=\"text-align: justify;\">\u00c0s equipas habituais da ta\u00e7a deste ano juntam-se v\u00e1rios pilotos convidados para esta \u00faltima ronda da \u00e9poca. As cores alem\u00e3s s\u00e3o representadas pelo experiente Ren\u00e9 Noller (22 anos) e pelo vencedor do ADAC Clubsport Rally Sprint 2024, Simon Steitz, de 24 anos, a que se juntar\u00e1 Axel Bayer, presente pela terceira vez este ano. O belga Tom Heindrichs (20 anos), que partilha la\u00e7os familiares com um dos grandes nomes dos ralis internacionais, tamb\u00e9m estar\u00e1 presente, nomeadamente Thierry Neuville, o atual l\u00edder do Campeonato do Mundo de Ralis, de quem \u00e9 meio-irm\u00e3o. H\u00e1 ainda a piloto sueca Hannah Jakobsson e os holandeses Fabian Kamermans e Esm\u00e9e Den Hartigh, que ir\u00e3o competir com o compatriota Hank Melse por um lugar regular na equipa da ADAC Opel Electric Rally Cup, apoiada pela associa\u00e7\u00e3o holandesa KNAF.<\/p>\n<p style=\"text-align: justify;\"><strong>Numerosos convidados e participa\u00e7\u00e3o especial em Hauzenberg<\/strong><\/p>\n<p style=\"text-align: justify;\">Para al\u00e9m do Opel Corsa Rally Electric de 100 kW (136 cv) que participa na competi\u00e7\u00e3o, estar\u00e3o presentes duas viaturas VIP conduzidas por Timo Schulz, piloto j\u00fanior da Opel, e pela lenda do automobilismo Volker Strycek. Estes carros ir\u00e3o receber convidados de concession\u00e1rios alem\u00e3es e austr\u00edacos da Opel, bem como da Total Energies, patrocinadora da ta\u00e7a, distribu\u00eddos pelas diferentes especiais do rali. No total ser\u00e3o mais de 30 os convidados da Opel Motorsport presentes na final da ADAC Opel Rally Cup. Rebecca Reinermann, Vice-Presidente do Marketing da Opel, tamb\u00e9m acompanhar\u00e1 em direto a final do rali 100 por cento el\u00e9trico, no local.<\/p>\n<p style=\"text-align: justify;\">Outro destaque do programa aguarda os participantes e visitantes no domingo: A caravana dos Corsa Rally Electric reagrupar-se-\u00e1 \u00e0 hora do almo\u00e7o no centro da pequena cidade de Hauzenberg, perto de Passau, onde tamb\u00e9m se situa o parque de assist\u00eancia. A presen\u00e7a dos carros de ralis el\u00e9tricos e as compras de domingo foram deliberadamente combinadas pelas autoridades da cidade. As equipas e os seus ve\u00edculos el\u00e9tricos a bateria poder\u00e3o, assim, mostrar-se aos numerosos visitantes na pra\u00e7a do mercado.<\/p>\n<p style=\"text-align: justify;\">\u201cA \u00faltima corrida da \u00e9poca, com o Campeonato do Mundo de Ralis como pano de fundo, \u00e9 um ponto alto para as nossas jovens equipas\u201d, afirmou J\u00f6rg Schrott, Diretor da Opel Motorsport. \u201cO impressionante cen\u00e1rio com mais de 100.000 f\u00e3s nas encostas, as exigentes especiais e a participa\u00e7\u00e3o no terreno dos melhores pilotos de rali do mundo criam uma atmosfera muito especial. Estamos ansiosos por receber os muitos convidados para quem prepar\u00e1mos um programa atrativo. Ser\u00e1 um fim de semana desafiante para todos n\u00f3s, mas tamb\u00e9m muito emocionante\u201d.<\/p>\n<p style=\"text-align: justify;\">A que ser\u00e1 a oitava e derradeira jornada da ADAC Opel Electric Rally Cup \u201cpowered by GSe\u201d de 2024 tem in\u00edcio no s\u00e1bado (19 de outubro), \u00e0s 09h40. V\u00e3o ser percorridos um total de 111,7 quil\u00f3metros de especiais antes de chegar \u00e0 meta em Passau, no domingo. Os f\u00e3s do rali podem acompanhar o eletrizante rali atrav\u00e9s do live timing em <a href=\"http:\/\/www.opel-motorsport.com\/\">www.opel-motorsport.com<\/a>.<\/p>\n<p style=\"text-align: justify;\">Participantes da ADAC Opel Electric Rally Cup, Rali da Europa Central:<\/p>\n<p style=\"text-align: justify;\"><strong>N\u00famero\u00a0\u00a0\u00a0\u00a0 Piloto\u00a0\u00a0\u00a0\u00a0\u00a0\u00a0\u00a0\u00a0\u00a0\u00a0\u00a0\u00a0\u00a0\u00a0\u00a0\u00a0\u00a0\u00a0\u00a0\u00a0\u00a0\u00a0\u00a0\u00a0\u00a0\u00a0\u00a0\u00a0\u00a0\u00a0\u00a0\u00a0\u00a0\u00a0\u00a0\u00a0 Navegador<\/strong><\/p>\n<p style=\"text-align: justify;\">101\u00a0\u00a0\u00a0\u00a0\u00a0\u00a0\u00a0\u00a0\u00a0\u00a0\u00a0\u00a0 Luca Pr\u00f6glh\u00f6f (A)\u00a0\u00a0\u00a0\u00a0\u00a0\u00a0\u00a0\u00a0\u00a0\u00a0\u00a0\u00a0\u00a0\u00a0\u00a0\u00a0\u00a0\u00a0 Christina Ettel (A)<\/p>\n<p style=\"text-align: justify;\">102\u00a0\u00a0\u00a0\u00a0\u00a0\u00a0\u00a0\u00a0\u00a0\u00a0\u00a0\u00a0 Christian Lemke (D)\u00a0\u00a0\u00a0\u00a0\u00a0\u00a0\u00a0\u00a0\u00a0\u00a0\u00a0\u00a0\u00a0\u00a0 Jan-Eric Bemmann (D)<\/p>\n<p style=\"text-align: justify;\">103\u00a0\u00a0\u00a0\u00a0\u00a0\u00a0\u00a0\u00a0\u00a0\u00a0\u00a0\u00a0 Anthony Rott (F)\u00a0\u00a0\u00a0\u00a0\u00a0\u00a0\u00a0\u00a0\u00a0\u00a0\u00a0\u00a0\u00a0\u00a0\u00a0\u00a0\u00a0\u00a0\u00a0 Adrien Rott (F)<\/p>\n<p style=\"text-align: justify;\">105\u00a0\u00a0\u00a0\u00a0\u00a0\u00a0\u00a0\u00a0\u00a0\u00a0\u00a0\u00a0 Johannes Wittenbeck (D)\u00a0\u00a0\u00a0\u00a0\u00a0 Maximilian Kugler (D)<\/p>\n<p style=\"text-align: justify;\">106\u00a0\u00a0\u00a0\u00a0\u00a0\u00a0\u00a0\u00a0\u00a0\u00a0\u00a0\u00a0 Aliz\u00e9e Pottier (F)\u00a0\u00a0\u00a0\u00a0\u00a0\u00a0\u00a0\u00a0\u00a0\u00a0\u00a0\u00a0\u00a0\u00a0\u00a0\u00a0\u00a0\u00a0\u00a0 Manon Perrin (F)<\/p>\n<p style=\"text-align: justify;\">107\u00a0\u00a0\u00a0\u00a0\u00a0\u00a0\u00a0\u00a0\u00a0\u00a0\u00a0\u00a0 Alex Espa\u00f1ol Jove (E)\u00a0\u00a0\u00a0\u00a0\u00a0\u00a0\u00a0\u00a0\u00a0\u00a0 Daniel Rivera de la Red (E)<\/p>\n<p style=\"text-align: justify;\">109\u00a0\u00a0\u00a0\u00a0\u00a0\u00a0\u00a0\u00a0\u00a0\u00a0\u00a0\u00a0 Esm\u00e9e Den Hartigh (NL)\u00a0\u00a0\u00a0\u00a0\u00a0\u00a0 Ren\u00e9 Bril (NL)<\/p>\n<p style=\"text-align: justify;\">110\u00a0\u00a0\u00a0\u00a0\u00a0\u00a0\u00a0\u00a0\u00a0\u00a0\u00a0\u00a0 Tom Heindrichs (B)\u00a0\u00a0\u00a0\u00a0\u00a0\u00a0\u00a0\u00a0\u00a0\u00a0\u00a0\u00a0\u00a0\u00a0\u00a0 Jonas Schmitz (B)<\/p>\n<p style=\"text-align: justify;\">111\u00a0\u00a0\u00a0\u00a0\u00a0\u00a0\u00a0\u00a0\u00a0\u00a0\u00a0\u00a0 Fabian Kamermans (NL)\u00a0\u00a0\u00a0\u00a0\u00a0\u00a0 Stefan M\u00fcller (NL)<\/p>\n<p style=\"text-align: justify;\">112\u00a0\u00a0\u00a0\u00a0\u00a0\u00a0\u00a0\u00a0\u00a0\u00a0\u00a0\u00a0 Simon Steitz (D)\u00a0\u00a0\u00a0\u00a0\u00a0\u00a0\u00a0\u00a0\u00a0\u00a0\u00a0\u00a0\u00a0\u00a0\u00a0\u00a0\u00a0\u00a0\u00a0\u00a0 Jochen Rheinwalt (D)<\/p>\n<p style=\"text-align: justify;\">113\u00a0\u00a0\u00a0\u00a0\u00a0\u00a0\u00a0\u00a0\u00a0\u00a0\u00a0\u00a0 Emma Chalvin (F)\u00a0\u00a0\u00a0\u00a0\u00a0\u00a0\u00a0\u00a0\u00a0\u00a0\u00a0\u00a0\u00a0\u00a0\u00a0\u00a0\u00a0 Amandine Borderie (F)<\/p>\n<p style=\"text-align: justify;\">114\u00a0\u00a0\u00a0\u00a0\u00a0\u00a0\u00a0\u00a0\u00a0\u00a0\u00a0\u00a0 Hannah Jakobsson (S)\u00a0\u00a0\u00a0\u00a0\u00a0\u00a0\u00a0\u00a0\u00a0 Mikael Kjellgren (S)<\/p>\n<p style=\"text-align: justify;\">115\u00a0\u00a0\u00a0\u00a0\u00a0\u00a0\u00a0\u00a0\u00a0\u00a0\u00a0\u00a0 Ren\u00e9 Noller (D)\u00a0\u00a0\u00a0\u00a0\u00a0\u00a0\u00a0\u00a0\u00a0\u00a0\u00a0\u00a0\u00a0\u00a0\u00a0\u00a0\u00a0\u00a0\u00a0\u00a0\u00a0 Stephan Schneewei\u00df (D)<\/p>\n<p style=\"text-align: justify;\">116\u00a0\u00a0\u00a0\u00a0\u00a0\u00a0\u00a0\u00a0\u00a0\u00a0\u00a0\u00a0 Axel Bayer (D)\u00a0\u00a0\u00a0\u00a0\u00a0\u00a0\u00a0\u00a0\u00a0\u00a0\u00a0\u00a0\u00a0\u00a0\u00a0\u00a0\u00a0\u00a0\u00a0\u00a0\u00a0\u00a0 Rico W\u00e4chtler (D)<\/p>\n<p style=\"text-align: justify;\"><strong>Classifica\u00e7\u00e3o da ADAC Opel Electric Rally Cup \u201cpowered by GSe\u201d, ap\u00f3s 7 de 8 rondas:<\/strong><\/p>\n<ol>\n<li style=\"text-align: justify;\">Pr\u00f6glh\u00f6f 217 pontos.<\/li>\n<li style=\"text-align: justify;\">Rott 175 pts<\/li>\n<li style=\"text-align: justify;\">Espa\u00f1ol 156 pts<\/li>\n<li style=\"text-align: justify;\">Lemke 115 pts<\/li>\n<li style=\"text-align: justify;\">Chalvin 94 pts<\/li>\n<li style=\"text-align: justify;\">Wittenbeck 91 pts<\/li>\n<li style=\"text-align: justify;\">Pottier 70 pts<\/li>\n<li style=\"text-align: justify;\">Hangodi 66 pts<\/li>\n<li style=\"text-align: justify;\">Baudet 65 pts<\/li>\n<li style=\"text-align: justify;\">Melse 37 pts<\/li>\n<li style=\"text-align: justify;\">Kamermans 33 pts<\/li>\n<li style=\"text-align: justify;\">Den Hartigh 24 pts<\/li>\n<li style=\"text-align: justify;\">Bayer 20 pts<\/li>\n<li style=\"text-align: justify;\">Felke 13 pts<\/li>\n<\/ol>\n","protected":false},"excerpt":{"rendered":"<p>Rali da Europa Central: Final de \u00e9poca da ADAC Opel Electric Rally Cup \u201cpowered by GSe\u201d nos dias 19 e 20 de outubro Campeonato do Mundo de Ralis: Os carros el\u00e9tricos de ralis da Opel voltam a estar lado a lado com a elite da disciplina Plantel internacional: Participantes de v\u00e1rios pa\u00edses Um impressionante plantel [&hellip;]<\/p>\n","protected":false},"author":2,"featured_media":11295,"comment_status":"closed","ping_status":"open","sticky":false,"template":"","format":"standard","meta":{"_editorskit_title_hidden":false,"_editorskit_reading_time":0,"_editorskit_is_block_options_detached":false,"_editorskit_block_options_position":"{}","om_disable_all_campaigns":false,"_monsterinsights_skip_tracking":false,"_monsterinsights_sitenote_active":false,"_monsterinsights_sitenote_note":"","_monsterinsights_sitenote_category":0,"_uf_show_specific_survey":0,"_uf_disable_surveys":false,"site-sidebar-layout":"default","site-content-layout":"","ast-site-content-layout":"default","site-content-style":"default","site-sidebar-style":"default","ast-global-header-display":"","ast-banner-title-visibility":"","ast-main-header-display":"","ast-hfb-above-header-display":"","ast-hfb-below-header-display":"","ast-hfb-mobile-header-display":"","site-post-title":"","ast-breadcrumbs-content":"","ast-featured-img":"","footer-sml-layout":"","theme-transparent-header-meta":"default","adv-header-id-meta":"","stick-header-meta":"default","header-above-stick-meta":"","header-main-stick-meta":"","header-below-stick-meta":"","astra-migrate-meta-layouts":"set","ast-page-background-enabled":"default","ast-page-background-meta":{"desktop":{"background-color":"","background-image":"","background-repeat":"repeat","background-position":"center center","background-size":"auto","background-attachment":"scroll","background-type":"","background-media":"","overlay-type":"","overlay-color":"","overlay-opacity":"","overlay-gradient":""},"tablet":{"background-color":"","background-image":"","background-repeat":"repeat","background-position":"center center","background-size":"auto","background-attachment":"scroll","background-type":"","background-media":"","overlay-type":"","overlay-color":"","overlay-opacity":"","overlay-gradient":""},"mobile":{"background-color":"","background-image":"","background-repeat":"repeat","background-position":"center center","background-size":"auto","background-attachment":"scroll","background-type":"","background-media":"","overlay-type":"","overlay-color":"","overlay-opacity":"","overlay-gradient":""}},"ast-content-background-meta":{"desktop":{"background-color":"var(--ast-global-color-5)","background-image":"","background-repeat":"repeat","background-position":"center center","background-size":"auto","background-attachment":"scroll","background-type":"","background-media":"","overlay-type":"","overlay-color":"","overlay-opacity":"","overlay-gradient":""},"tablet":{"background-color":"var(--ast-global-color-5)","background-image":"","background-repeat":"repeat","background-position":"center center","background-size":"auto","background-attachment":"scroll","background-type":"","background-media":"","overlay-type":"","overlay-color":"","overlay-opacity":"","overlay-gradient":""},"mobile":{"background-color":"var(--ast-global-color-5)","background-image":"","background-repeat":"repeat","background-position":"center center","background-size":"auto","background-attachment":"scroll","background-type":"","background-media":"","overlay-type":"","overlay-color":"","overlay-opacity":"","overlay-gradient":""}},"footnotes":""},"categories":[11],"tags":[],"class_list":["post-11294","post","type-post","status-publish","format-standard","has-post-thumbnail","hentry","category-noticias"],"aioseo_notices":[],"_links":{"self":[{"href":"https:\/\/contarotacoes.com\/index.php?rest_route=\/wp\/v2\/posts\/11294","targetHints":{"allow":["GET"]}}],"collection":[{"href":"https:\/\/contarotacoes.com\/index.php?rest_route=\/wp\/v2\/posts"}],"about":[{"href":"https:\/\/contarotacoes.com\/index.php?rest_route=\/wp\/v2\/types\/post"}],"author":[{"embeddable":true,"href":"https:\/\/contarotacoes.com\/index.php?rest_route=\/wp\/v2\/users\/2"}],"replies":[{"embeddable":true,"href":"https:\/\/contarotacoes.com\/index.php?rest_route=%2Fwp%2Fv2%2Fcomments&post=11294"}],"version-history":[{"count":1,"href":"https:\/\/contarotacoes.com\/index.php?rest_route=\/wp\/v2\/posts\/11294\/revisions"}],"predecessor-version":[{"id":11296,"href":"https:\/\/contarotacoes.com\/index.php?rest_route=\/wp\/v2\/posts\/11294\/revisions\/11296"}],"wp:featuredmedia":[{"embeddable":true,"href":"https:\/\/contarotacoes.com\/index.php?rest_route=\/wp\/v2\/media\/11295"}],"wp:attachment":[{"href":"https:\/\/contarotacoes.com\/index.php?rest_route=%2Fwp%2Fv2%2Fmedia&parent=11294"}],"wp:term":[{"taxonomy":"category","embeddable":true,"href":"https:\/\/contarotacoes.com\/index.php?rest_route=%2Fwp%2Fv2%2Fcategories&post=11294"},{"taxonomy":"post_tag","embeddable":true,"href":"https:\/\/contarotacoes.com\/index.php?rest_route=%2Fwp%2Fv2%2Ftags&post=11294"}],"curies":[{"name":"wp","href":"https:\/\/api.w.org\/{rel}","templated":true}]}}