{"id":11095,"date":"2024-10-14T20:50:09","date_gmt":"2024-10-14T20:50:09","guid":{"rendered":"https:\/\/contarotacoes.com\/?p=11095"},"modified":"2024-10-14T20:50:09","modified_gmt":"2024-10-14T20:50:09","slug":"irmaos-amaral-juntos-na-baja-portalegre-500","status":"publish","type":"post","link":"https:\/\/contarotacoes.com\/?p=11095","title":{"rendered":"Irm\u00e3os Amaral juntos na Baja Portalegre 500"},"content":{"rendered":"<p style=\"text-align: justify;\">A equipa Wingmotor Honda vai estar toda reunida quando de 17 a 19 de outubro, se disputar aquela que \u00e9 a mais emblem\u00e1tica e antiga competi\u00e7\u00e3o de TT em Portugal, a Baja Portalegre 500. A Salvador Amaral, junta-se o j\u00e1 habitual companheiro das duas rodas nas provas do Campeonato Nacional de Todo-o-Terreno, Gon\u00e7alo, que esteve ausente na pret\u00e9rita jornada por motivos profissionais, bem como o irm\u00e3o mais novo, Manuel Amaral, que vai disputar a competi\u00e7\u00e3o destinada aos mais novos, a Mini Baja.<\/p>\n<p style=\"text-align: justify;\">Atualmente a ocupar um lugar no TOP 10 da classifica\u00e7\u00e3o moto absoluta do CNTT e a sexta posi\u00e7\u00e3o da classe TT2, Gon\u00e7alo Amaral vai disputar esta que ser\u00e1 a pen\u00faltima etapa do Campeonato focado em conseguir melhorar a sua marca, numa altura em que faltam apenas duas provas at\u00e9 ao final da temporada.<\/p>\n<p style=\"text-align: justify;\">&#8220;N\u00e3o me foi poss\u00edvel estar presente na corrida anterior, com muita pena minha. Vou agora para a prova de Portalegre, muito motivado para o que nos espera. Esta \u00e9 uma competi\u00e7\u00e3o com a qual me identifico muito, \u00e9 m\u00edtica, emblem\u00e1tica. Vamos em fam\u00edlia, o que me d\u00e1 uma motiva\u00e7\u00e3o extra. Quero poder melhorar a minha classifica\u00e7\u00e3o e \u00e9 para isso que vou tentar lutar, sempre&#8221;.<\/p>\n<p style=\"text-align: justify;\">A experi\u00eancia de Salvador Amaral aos comandos de uma Honda 450cc &#8220;tem sido excecional. Tive muitos anos a disputar a classe TT1. Correu muito bem. Conquistei alguns p\u00f3dios e agora sinto que esta nova experi\u00eancia numa mota mais robusta e pesada tem sido de uma aprendizagem enorme. Tenho aprendido muito, estamos a duas provas do final da temporada. Vou tentar fazer mais e melhor&#8221;, salienta Salvador Amaral.<\/p>\n<p style=\"text-align: justify;\">Manuel Amaral, o mais novo dos irm\u00e3os Amaral, que em 2022 foi segundo TT2 na Mini Baja do Raid Ferraria e quarto classificado em Juvenis no ano passado junta-se aos irm\u00e3os, sendo a primeira vez que tal acontece em 2024.<\/p>\n<p style=\"text-align: justify;\"><a name=\"v1_Hlk179460738\"><\/a>A 38\u00aa edi\u00e7\u00e3o da Baja Portalegre 500 ser\u00e1 a pen\u00faltima competi\u00e7\u00e3o pontu\u00e1vel para o Campeonato Nacional de Todo-o-Terreno. A prova que percorrer\u00e1 os concelhos de Alter do Ch\u00e3o, Abrantes, Crato, Chamusca, Gavi\u00e3o, Monforte, Nisa, Ponte de Sor e Portalegre ter\u00e1 um total de 519,56 km, 363,50 dos quais cronometrados, distribu\u00eddos por tr\u00eas setores seletivos a disputar ao longo de dois dias. A prova alentejana arranca na sexta-feira, dia 18 de outubro, com um pr\u00f3logo com 3,77 km e um setor seletivo de 60 km. No s\u00e1bado cumpre-se o derradeiro tro\u00e7o cronometrado com 300 km.<\/p>\n<p style=\"text-align: justify;\">Mais informa\u00e7\u00f5es sobre a Baja Portalegre 500:\u00a0<a href=\"https:\/\/bajaportalegre.com\/\" target=\"_blank\" rel=\"noopener noreferrer\">https:\/\/bajaportalegre.com\/<\/a><\/p>\n<p style=\"text-align: justify;\">Ou em Sportity com a pass: BAJA500MOTO<\/p>\n<p style=\"text-align: justify;\">Acompanhe a equipa:<\/p>\n<p style=\"text-align: justify;\">Facebook:\u00a0<a href=\"https:\/\/www.facebook.com\/profile.php?id=100040058572689\" target=\"_blank\" rel=\"noopener noreferrer\">Gon\u00e7alo Amaral<\/a>\u00a0\/\u00a0<a href=\"https:\/\/www.facebook.com\/wingmotorhonda\" target=\"_blank\" rel=\"noopener noreferrer\">Wingmotor<\/a><\/p>\n","protected":false},"excerpt":{"rendered":"<p>A equipa Wingmotor Honda vai estar toda reunida quando de 17 a 19 de outubro, se disputar aquela que \u00e9 a mais emblem\u00e1tica e antiga competi\u00e7\u00e3o de TT em Portugal, a Baja Portalegre 500. A Salvador Amaral, junta-se o j\u00e1 habitual companheiro das duas rodas nas provas do Campeonato Nacional de Todo-o-Terreno, Gon\u00e7alo, que esteve [&hellip;]<\/p>\n","protected":false},"author":2,"featured_media":11096,"comment_status":"closed","ping_status":"open","sticky":false,"template":"","format":"standard","meta":{"_editorskit_title_hidden":false,"_editorskit_reading_time":0,"_editorskit_is_block_options_detached":false,"_editorskit_block_options_position":"{}","om_disable_all_campaigns":false,"_monsterinsights_skip_tracking":false,"_monsterinsights_sitenote_active":false,"_monsterinsights_sitenote_note":"","_monsterinsights_sitenote_category":0,"_uf_show_specific_survey":0,"_uf_disable_surveys":false,"site-sidebar-layout":"default","site-content-layout":"","ast-site-content-layout":"default","site-content-style":"default","site-sidebar-style":"default","ast-global-header-display":"","ast-banner-title-visibility":"","ast-main-header-display":"","ast-hfb-above-header-display":"","ast-hfb-below-header-display":"","ast-hfb-mobile-header-display":"","site-post-title":"","ast-breadcrumbs-content":"","ast-featured-img":"","footer-sml-layout":"","theme-transparent-header-meta":"default","adv-header-id-meta":"","stick-header-meta":"default","header-above-stick-meta":"","header-main-stick-meta":"","header-below-stick-meta":"","astra-migrate-meta-layouts":"set","ast-page-background-enabled":"default","ast-page-background-meta":{"desktop":{"background-color":"","background-image":"","background-repeat":"repeat","background-position":"center center","background-size":"auto","background-attachment":"scroll","background-type":"","background-media":"","overlay-type":"","overlay-color":"","overlay-opacity":"","overlay-gradient":""},"tablet":{"background-color":"","background-image":"","background-repeat":"repeat","background-position":"center center","background-size":"auto","background-attachment":"scroll","background-type":"","background-media":"","overlay-type":"","overlay-color":"","overlay-opacity":"","overlay-gradient":""},"mobile":{"background-color":"","background-image":"","background-repeat":"repeat","background-position":"center center","background-size":"auto","background-attachment":"scroll","background-type":"","background-media":"","overlay-type":"","overlay-color":"","overlay-opacity":"","overlay-gradient":""}},"ast-content-background-meta":{"desktop":{"background-color":"var(--ast-global-color-5)","background-image":"","background-repeat":"repeat","background-position":"center center","background-size":"auto","background-attachment":"scroll","background-type":"","background-media":"","overlay-type":"","overlay-color":"","overlay-opacity":"","overlay-gradient":""},"tablet":{"background-color":"var(--ast-global-color-5)","background-image":"","background-repeat":"repeat","background-position":"center center","background-size":"auto","background-attachment":"scroll","background-type":"","background-media":"","overlay-type":"","overlay-color":"","overlay-opacity":"","overlay-gradient":""},"mobile":{"background-color":"var(--ast-global-color-5)","background-image":"","background-repeat":"repeat","background-position":"center center","background-size":"auto","background-attachment":"scroll","background-type":"","background-media":"","overlay-type":"","overlay-color":"","overlay-opacity":"","overlay-gradient":""}},"footnotes":""},"categories":[11],"tags":[],"class_list":["post-11095","post","type-post","status-publish","format-standard","has-post-thumbnail","hentry","category-noticias"],"aioseo_notices":[],"_links":{"self":[{"href":"https:\/\/contarotacoes.com\/index.php?rest_route=\/wp\/v2\/posts\/11095","targetHints":{"allow":["GET"]}}],"collection":[{"href":"https:\/\/contarotacoes.com\/index.php?rest_route=\/wp\/v2\/posts"}],"about":[{"href":"https:\/\/contarotacoes.com\/index.php?rest_route=\/wp\/v2\/types\/post"}],"author":[{"embeddable":true,"href":"https:\/\/contarotacoes.com\/index.php?rest_route=\/wp\/v2\/users\/2"}],"replies":[{"embeddable":true,"href":"https:\/\/contarotacoes.com\/index.php?rest_route=%2Fwp%2Fv2%2Fcomments&post=11095"}],"version-history":[{"count":1,"href":"https:\/\/contarotacoes.com\/index.php?rest_route=\/wp\/v2\/posts\/11095\/revisions"}],"predecessor-version":[{"id":11097,"href":"https:\/\/contarotacoes.com\/index.php?rest_route=\/wp\/v2\/posts\/11095\/revisions\/11097"}],"wp:featuredmedia":[{"embeddable":true,"href":"https:\/\/contarotacoes.com\/index.php?rest_route=\/wp\/v2\/media\/11096"}],"wp:attachment":[{"href":"https:\/\/contarotacoes.com\/index.php?rest_route=%2Fwp%2Fv2%2Fmedia&parent=11095"}],"wp:term":[{"taxonomy":"category","embeddable":true,"href":"https:\/\/contarotacoes.com\/index.php?rest_route=%2Fwp%2Fv2%2Fcategories&post=11095"},{"taxonomy":"post_tag","embeddable":true,"href":"https:\/\/contarotacoes.com\/index.php?rest_route=%2Fwp%2Fv2%2Ftags&post=11095"}],"curies":[{"name":"wp","href":"https:\/\/api.w.org\/{rel}","templated":true}]}}