{"id":11003,"date":"2024-10-12T13:06:47","date_gmt":"2024-10-12T13:06:47","guid":{"rendered":"https:\/\/contarotacoes.com\/?p=11003"},"modified":"2024-10-12T13:07:36","modified_gmt":"2024-10-12T13:07:36","slug":"volvo-reforca-compromisso-com-emissoes-zero-na-semana-do-clima-em-nova-iorque","status":"publish","type":"post","link":"https:\/\/contarotacoes.com\/?p=11003","title":{"rendered":"Volvo refor\u00e7a compromisso com emiss\u00f5es zero na Semana do Clima em Nova Iorque"},"content":{"rendered":"<ul>\n<li style=\"text-align: justify;\" data-autoid=\"title\"><strong>Avan\u00e7ar o debate sobre a transi\u00e7\u00e3o para ve\u00edculos el\u00e9tricos na Semana do Clima de Nova Iorque<\/strong><\/li>\n<\/ul>\n<p style=\"text-align: justify;\" data-autoid=\"description\">Na semana passada, aconteceu novamente o maior evento clim\u00e1tico anual do mundo, em Nova Iorque. Uma excelente oportunidade para demonstrar o nosso compromisso com a transi\u00e7\u00e3o para emiss\u00f5es net zero.<\/p>\n<div style=\"text-align: justify;\" data-autoid=\"body1\">\n<p>Vanessa Butani, a nossa Chefe Global de Sustentabilidade, e Cassandra Julin, Estrategista de Comunica\u00e7\u00e3o de Sustentabilidade, viajaram para a Big Apple para participar na Semana do Clima de Nova York, de 22 a 29 de setembro. Ao longo da semana, mostr\u00e1mos o nosso compromisso inabal\u00e1vel com\u00a0<a href=\"https:\/\/www.volvocars.com\/pt\/v\/sustainability\/highlights\" target=\"_blank\" rel=\"noopener noreferrer\" data-di-id=\"di-id-235c5861-f2c439fe\">a sustentabilidade<\/a>, particularmente\u00a0<a href=\"https:\/\/www.volvocars.com\/pt\/cars\/electrification\/\" target=\"_blank\" rel=\"noopener noreferrer\" data-di-id=\"di-id-b757bef7-22dcc128\">eletrifica\u00e7\u00e3o<\/a>\u00a0\u2013 e os nossos progressos at\u00e9 \u00e0 data.<\/p>\n<\/div>\n<p style=\"text-align: justify;\">Re\u00fane l\u00edderes empresariais, decisores pol\u00edticos e representantes da sociedade civil em todo o mundo para acelerar a a\u00e7\u00e3o clim\u00e1tica e destacar as mudan\u00e7as em curso.<\/p>\n<div data-autoid=\"body1\">\n<p style=\"text-align: justify;\">A Semana do Clima de Nova Iorque \u00e9 o maior evento clim\u00e1tico anual do mundo, atraindo convidados para mais de 900 atividades e eventos, tanto presenciais como online. Re\u00fane l\u00edderes empresariais, decisores pol\u00edticos e representantes da sociedade civil em todo o mundo para acelerar a a\u00e7\u00e3o clim\u00e1tica e destacar as mudan\u00e7as em curso. Organizado pelo Climate Group, o evento decorre em paralelo com a Assembleia Geral das Na\u00e7\u00f5es Unidas. Aqui est\u00e3o alguns dos eventos e t\u00f3picos em que nos envolvemos:<\/p>\n<ul style=\"text-align: justify;\">\n<li style=\"list-style-type: none;\">\n<ul>\n<li>Evento oficial da\u00a0<a href=\"https:\/\/www.climateweeknyc.org\/just-bumps-road-how-leadership-evs-can-smooth-transition-clean-transport\" data-di-id=\"di-id-c61fd8f3-d84ec9d1\">Semana do Clima de Nova Iorque sobre a transi\u00e7\u00e3o para ve\u00edculos el\u00e9tricos:<\/a> &#8220;Apenas solavancos na estrada&#8221; foi o tema deste painel liderado pelo Climate Group, onde Vanessa, juntamente com o California Air Resource Board, Flipkart e a Drive Electric Campaign, discutiram a necessidade de pol\u00edticas e infraestruturas para ter sucesso com a eletrifica\u00e7\u00e3o.<\/li>\n<\/ul>\n<\/li>\n<\/ul>\n<ul style=\"text-align: justify;\">\n<li style=\"list-style-type: none;\">\n<ul>\n<li>Action Speaks:\u00a0Apresentada pela IKEA, Vanessa Butani falou sobre como estamos a tomar medidas \u2013 exemplificadas pelo nosso\u00a0<a href=\"https:\/\/www.volvocars.com\/pt\/cars\/ex30-electric\/\" data-di-id=\"di-id-2ac214e3-2300b113\">EX30<\/a>, o nosso ve\u00edculo com a menor pegada ecol\u00f3gica at\u00e9 \u00e0 data \u2013 para envolver as cadeias de valor no caminho para emiss\u00f5es net zero e como podemos escalar solu\u00e7\u00f5es clim\u00e1ticas com o financiamento certo. A Action Speaks tamb\u00e9m organizou uma exposi\u00e7\u00e3o com vers\u00f5es de modelos do nosso EX30 e uma placa de a\u00e7o livre de f\u00f3sseis produzida para n\u00f3s pela SSAB.<\/li>\n<\/ul>\n<\/li>\n<\/ul>\n<ul style=\"text-align: justify;\">\n<li style=\"list-style-type: none;\">\n<ul>\n<li>Mesas-redondas do F\u00f3rum Econ\u00f3mico Mundial: Juntamente com l\u00edderes globais, particip\u00e1mos em v\u00e1rias mesas redondas ao longo da semana para contribuir para o di\u00e1logo sobre o envolvimento na cadeia de valor, as emiss\u00f5es Scope 3, as aquisi\u00e7\u00f5es sustent\u00e1veis e a redu\u00e7\u00e3o do impacto na biodiversidade \u2013 s\u00f3 para mencionar alguns.<\/li>\n<\/ul>\n<\/li>\n<\/ul>\n<ul style=\"text-align: justify;\">\n<li style=\"list-style-type: none;\">\n<ul>\n<li><a href=\"https:\/\/www.wedonthavetime.org\/events\/nest-medialounge2024#\/channel\/6525\/mu4ekncojjeuenzxpfhwcvkeir3vmzl2?tab=pl\" data-di-id=\"di-id-d65077dd-cc46a6c2\">We Don\u2019t Have Time:<\/a> Vanessa Butani participou numa entrevista transmitida a milh\u00f5es de telespectadores do We Don&#8217;t Have Time sobre o que \u00e9 necess\u00e1rio para acelerar a transi\u00e7\u00e3o global para a eletrifica\u00e7\u00e3o, bem como o trabalho que estamos a fazer para alcan\u00e7ar a nossa ambi\u00e7\u00e3o de emiss\u00f5es net zero de gases com efeito de estufa at\u00e9 2040.<\/li>\n<\/ul>\n<\/li>\n<\/ul>\n<ul style=\"text-align: justify;\">\n<li>Women in Leading on Climate e We Mean Business Coalition: Vanessa Butani juntou-se a um novo grupo global de mulheres l\u00edderes clim\u00e1ticas e juntou-se ao anivers\u00e1rio de 10 anos da We Mean Business Coalition. Partilhou a import\u00e2ncia do setor dos transportes para alcan\u00e7ar os objetivos clim\u00e1ticos globais.<\/li>\n<\/ul>\n<div style=\"text-align: justify;\" data-autoid=\"body1\">\n<div class=\"container-lg\" style=\"text-align: justify;\">\n<p class=\"font-16 text-secondary text-center mb-32\"><b style=\"font-style: inherit;\">O que vem por a\u00ed e as tend\u00eancias da Semana do Clima<\/b><\/p>\n<\/div>\n<div class=\"container-md text-secondary mb-16\" data-autoid=\"body1\">\n<p style=\"text-align: justify;\">A nossa participa\u00e7\u00e3o na Semana do Clima de Nova Iorque sublinhou a nossa lideran\u00e7a na sustentabilidade e o nosso trabalho para impulsionar mudan\u00e7as positivas. As principais conclus\u00f5es do evento incluem:<\/p>\n<ul style=\"text-align: justify;\">\n<li style=\"list-style-type: none;\">\n<ul>\n<li><b>Eletrifica\u00e7\u00e3o e Infraestruturas:<\/b> As pol\u00edticas e o apoio \u00e0s infraestruturas s\u00e3o vitais para o \u00eaxito da transi\u00e7\u00e3o para os autom\u00f3veis el\u00e9tricos.<\/li>\n<\/ul>\n<\/li>\n<\/ul>\n<ul style=\"text-align: justify;\">\n<li style=\"list-style-type: none;\">\n<ul>\n<li><b>Para al\u00e9m do CO<sub>2<\/sub>:<\/b> Abordar os impactos da biodiversidade e investir na restaura\u00e7\u00e3o da natureza s\u00e3o parte integrante da nossa estrat\u00e9gia de sustentabilidade.<\/li>\n<\/ul>\n<\/li>\n<\/ul>\n<ul style=\"text-align: justify;\">\n<li style=\"list-style-type: none;\">\n<ul>\n<li><b>Foco no a\u00e7o limpo:<\/b> A redu\u00e7\u00e3o das emiss\u00f5es da produ\u00e7\u00e3o de a\u00e7o \u00e9 fundamental para os esfor\u00e7os de sustentabilidade da ind\u00fastria autom\u00f3vel, mas precisamos de a\u00e7\u00e3o e de abastecimento.<\/li>\n<\/ul>\n<\/li>\n<\/ul>\n<ul style=\"text-align: justify;\">\n<li style=\"list-style-type: none;\">\n<ul>\n<li><b>Financiamento Verde:<\/b> Modelos de financiamento inovadores, como a nossa fixa\u00e7\u00e3o interna do pre\u00e7o do carbono e as obriga\u00e7\u00f5es verdes, s\u00e3o cruciais para intensificar a a\u00e7\u00e3o clim\u00e1tica e a prov\u00e1vel recupera\u00e7\u00e3o da biodiversidade.<\/li>\n<\/ul>\n<\/li>\n<\/ul>\n<ul style=\"text-align: justify;\">\n<li style=\"list-style-type: none;\">\n<ul>\n<li><b>A colabora\u00e7\u00e3o \u00e9 fundamental:<\/b> A colabora\u00e7\u00e3o com as partes interessadas de todos os setores e ind\u00fastrias \u00e9 essencial para promover uma a\u00e7\u00e3o clim\u00e1tica significativa. Precisamos de uma maior colabora\u00e7\u00e3o entre setores, com os governos e outras partes interessadas, a fim de sermos bem-sucedidos na transi\u00e7\u00e3o.<\/li>\n<\/ul>\n<\/li>\n<\/ul>\n<p style=\"text-align: justify;\">\u00c0 medida que avan\u00e7amos, a Volvo Cars continuar\u00e1 a liderar pelo exemplo, impulsionando a sustentabilidade em todas as nossas opera\u00e7\u00f5es e cadeia de valor. Apanhe-nos a seguir no evento The Economist&#8217;s Countdown to COP29 (7 de outubro) e na Confer\u00eancia das Na\u00e7\u00f5es Unidas sobre a Biodiversidade (COP16).<\/p>\n<\/div>\n<\/div>\n<\/div>\n","protected":false},"excerpt":{"rendered":"<p>Avan\u00e7ar o debate sobre a transi\u00e7\u00e3o para ve\u00edculos el\u00e9tricos na Semana do Clima de Nova Iorque Na semana passada, aconteceu novamente o maior evento clim\u00e1tico anual do mundo, em Nova Iorque. Uma excelente oportunidade para demonstrar o nosso compromisso com a transi\u00e7\u00e3o para emiss\u00f5es net zero. Vanessa Butani, a nossa Chefe Global de Sustentabilidade, e [&hellip;]<\/p>\n","protected":false},"author":2,"featured_media":11004,"comment_status":"closed","ping_status":"open","sticky":false,"template":"","format":"standard","meta":{"_editorskit_title_hidden":false,"_editorskit_reading_time":0,"_editorskit_is_block_options_detached":false,"_editorskit_block_options_position":"{}","om_disable_all_campaigns":false,"_monsterinsights_skip_tracking":false,"_monsterinsights_sitenote_active":false,"_monsterinsights_sitenote_note":"","_monsterinsights_sitenote_category":0,"_uf_show_specific_survey":0,"_uf_disable_surveys":false,"site-sidebar-layout":"default","site-content-layout":"","ast-site-content-layout":"default","site-content-style":"default","site-sidebar-style":"default","ast-global-header-display":"","ast-banner-title-visibility":"","ast-main-header-display":"","ast-hfb-above-header-display":"","ast-hfb-below-header-display":"","ast-hfb-mobile-header-display":"","site-post-title":"","ast-breadcrumbs-content":"","ast-featured-img":"","footer-sml-layout":"","theme-transparent-header-meta":"default","adv-header-id-meta":"","stick-header-meta":"default","header-above-stick-meta":"","header-main-stick-meta":"","header-below-stick-meta":"","astra-migrate-meta-layouts":"set","ast-page-background-enabled":"default","ast-page-background-meta":{"desktop":{"background-color":"","background-image":"","background-repeat":"repeat","background-position":"center center","background-size":"auto","background-attachment":"scroll","background-type":"","background-media":"","overlay-type":"","overlay-color":"","overlay-opacity":"","overlay-gradient":""},"tablet":{"background-color":"","background-image":"","background-repeat":"repeat","background-position":"center center","background-size":"auto","background-attachment":"scroll","background-type":"","background-media":"","overlay-type":"","overlay-color":"","overlay-opacity":"","overlay-gradient":""},"mobile":{"background-color":"","background-image":"","background-repeat":"repeat","background-position":"center center","background-size":"auto","background-attachment":"scroll","background-type":"","background-media":"","overlay-type":"","overlay-color":"","overlay-opacity":"","overlay-gradient":""}},"ast-content-background-meta":{"desktop":{"background-color":"var(--ast-global-color-5)","background-image":"","background-repeat":"repeat","background-position":"center center","background-size":"auto","background-attachment":"scroll","background-type":"","background-media":"","overlay-type":"","overlay-color":"","overlay-opacity":"","overlay-gradient":""},"tablet":{"background-color":"var(--ast-global-color-5)","background-image":"","background-repeat":"repeat","background-position":"center center","background-size":"auto","background-attachment":"scroll","background-type":"","background-media":"","overlay-type":"","overlay-color":"","overlay-opacity":"","overlay-gradient":""},"mobile":{"background-color":"var(--ast-global-color-5)","background-image":"","background-repeat":"repeat","background-position":"center center","background-size":"auto","background-attachment":"scroll","background-type":"","background-media":"","overlay-type":"","overlay-color":"","overlay-opacity":"","overlay-gradient":""}},"footnotes":""},"categories":[13],"tags":[],"class_list":["post-11003","post","type-post","status-publish","format-standard","has-post-thumbnail","hentry","category-comercio"],"aioseo_notices":[],"_links":{"self":[{"href":"https:\/\/contarotacoes.com\/index.php?rest_route=\/wp\/v2\/posts\/11003","targetHints":{"allow":["GET"]}}],"collection":[{"href":"https:\/\/contarotacoes.com\/index.php?rest_route=\/wp\/v2\/posts"}],"about":[{"href":"https:\/\/contarotacoes.com\/index.php?rest_route=\/wp\/v2\/types\/post"}],"author":[{"embeddable":true,"href":"https:\/\/contarotacoes.com\/index.php?rest_route=\/wp\/v2\/users\/2"}],"replies":[{"embeddable":true,"href":"https:\/\/contarotacoes.com\/index.php?rest_route=%2Fwp%2Fv2%2Fcomments&post=11003"}],"version-history":[{"count":2,"href":"https:\/\/contarotacoes.com\/index.php?rest_route=\/wp\/v2\/posts\/11003\/revisions"}],"predecessor-version":[{"id":11006,"href":"https:\/\/contarotacoes.com\/index.php?rest_route=\/wp\/v2\/posts\/11003\/revisions\/11006"}],"wp:featuredmedia":[{"embeddable":true,"href":"https:\/\/contarotacoes.com\/index.php?rest_route=\/wp\/v2\/media\/11004"}],"wp:attachment":[{"href":"https:\/\/contarotacoes.com\/index.php?rest_route=%2Fwp%2Fv2%2Fmedia&parent=11003"}],"wp:term":[{"taxonomy":"category","embeddable":true,"href":"https:\/\/contarotacoes.com\/index.php?rest_route=%2Fwp%2Fv2%2Fcategories&post=11003"},{"taxonomy":"post_tag","embeddable":true,"href":"https:\/\/contarotacoes.com\/index.php?rest_route=%2Fwp%2Fv2%2Ftags&post=11003"}],"curies":[{"name":"wp","href":"https:\/\/api.w.org\/{rel}","templated":true}]}}