{"id":10994,"date":"2024-10-12T12:56:19","date_gmt":"2024-10-12T12:56:19","guid":{"rendered":"https:\/\/contarotacoes.com\/?p=10994"},"modified":"2024-10-12T12:56:29","modified_gmt":"2024-10-12T12:56:29","slug":"a390_s-a-nova-silhueta-fastback-da-alpine","status":"publish","type":"post","link":"https:\/\/contarotacoes.com\/?p=10994","title":{"rendered":"A390_\u00df, a nova silhueta fastback da Alpine"},"content":{"rendered":"<p style=\"text-align: justify;\">O concept A390_\u03b2, o primeiro Alpine\u00a0sport fastback\u00a0100% el\u00e9trico, introduz uma nova dimens\u00e3o no universo desportivo da marca. \u00c9 o pren\u00fancio do segundo de tr\u00eas modelos Dream Garage, a garagem ideal da Alpine para todos os condutores entusiastas.<\/p>\n<p style=\"text-align: justify;\">Depois do A290 e antes do futuro A110\u00a0100% el\u00e9trico, o A390_\u03b2 antecipa a segunda fase do Dream Garage da Alpine, o trio de autom\u00f3veis desportivos que marca a transi\u00e7\u00e3o el\u00e9trica da marca.<\/p>\n<p style=\"text-align: justify;\">A designa\u00e7\u00e3o A390_\u03b2 segue a nomenclatura da Alpine, que combina um A seguido de tr\u00eas n\u00fameros. O 3 refere-se \u00e0 dimens\u00e3o do autom\u00f3vel e o 90 aos autom\u00f3veis polivalentes de uso quotidiano da marca. A letra grega beta refere-se \u00e0 fase interm\u00e9dia de desenvolvimento, antes do lan\u00e7amento oficial do autom\u00f3vel de produ\u00e7\u00e3o.<\/p>\n<p style=\"text-align: justify;\">O A390_\u03b2 oferece um vislumbre do futuro autom\u00f3vel de estrada concebido para utiliza\u00e7\u00e3o di\u00e1ria e capaz de se transformar num carro de corrida como o ic\u00f3nico A110, para uma experi\u00eancia de condu\u00e7\u00e3o muito mais desportiva. A Alpine define-o como um verdadeiro desportivo com um traje \u201ccivil\u201d, um verdadeiro autom\u00f3vel de competi\u00e7\u00e3o num fato de gala feito \u00e0 medida.<\/p>\n<p style=\"text-align: justify;\">Tal como o concept car Alpenglow apresentado no Sal\u00e3o Autom\u00f3vel de Paris de 2022, o A390_\u03b2 inspira-se nas cadeias montanhosas dos Alpes. As rochas, os minerais e a neve s\u00e3o elementos naturais que alimentaram o design e a escolha dos materiais, conferindo-lhe a sua for\u00e7a de car\u00e1cter.<\/p>\n<p style=\"text-align: justify;\">Com base na sua heran\u00e7a e no seu ADN de competi\u00e7\u00e3o, a Alpine prop\u00f5e uma cria\u00e7\u00e3o emblem\u00e1tica do savoir-faire franc\u00eas, uma mistura perfeita de ousadia e inova\u00e7\u00e3o. Numa altura em que o transporte com baixo teor de carbono se torna essencial no sector autom\u00f3vel, o Alpine A390_\u03b2 \u00e9 mais do que uma mera promessa. Demonstra o compromisso da marca Alpine com o desportivismo topo de gama, estimulante e sustent\u00e1vel.<\/p>\n<div style=\"text-align: justify;\">\n<p>O A390_\u03b2 \u00e9 a antevis\u00e3o do futuro fastback desportivo da Alpine, que concebemos como um A110 de 5 lugares. A dualidade entre o esp\u00edrito de corrida e o requinte deste concept encarna o desempenho e a experi\u00eancia de condu\u00e7\u00e3o que proporcionaremos, a partir de 2025, no nosso autom\u00f3vel de produ\u00e7\u00e3o, constru\u00eddo em Fran\u00e7a, na hist\u00f3rica F\u00e1brica de Dieppe. Mais do que a promessa de uma experi\u00eancia 100% Alpine, trata-se de um verdadeiro compromisso.<\/p>\n<p><em>Philippe Krief, CEO da Alpine<\/em><\/p>\n<\/div>\n<p style=\"text-align: justify;\"><strong>DESIGN EXTERIOR DO A390_\u03b2: O\u00a0FASTBACK DESPORTIVO,\u00a0O PRIMEIRO DA ALPINE E O MAIS PODEROSO<\/strong><\/p>\n<p style=\"text-align: justify;\">\u00c0 primeira vista, o A390_\u03b2 chama a aten\u00e7\u00e3o com o seu aspeto inegavelmente Alpine, interpretado aqui como uma faixa de luz minimalista e de alta tecnologia.<\/p>\n<p style=\"text-align: justify;\"><strong>A390_\u03b2, a nova silhueta da Alpine<\/strong><\/p>\n<p style=\"text-align: justify;\">A silhueta do A390_\u03b2, t\u00e3o din\u00e2mica quanto fluida, revela-se uma verdadeira escultura. Assemelha-se a uma bolha monol\u00edtica, inspirada numa gota de \u00e1gua. Esta forma natural oferece o equil\u00edbrio ideal entre funcionalidade e aerodin\u00e2mica. Por fim, a lateral do autom\u00f3vel segue a linha carater\u00edstica dos autom\u00f3veis Alpine, dando uma impress\u00e3o de movimento, mesmo quando est\u00e1 parado.<\/p>\n<p style=\"text-align: justify;\"><strong>Azul Specular, uma cor ic\u00f3nica<\/strong><\/p>\n<p style=\"text-align: justify;\">O azul intenso e multifacetado do A390_\u03b2 real\u00e7a as formas n\u00edtidas deste concept. As part\u00edculas m\u00f3veis de tinta vibram com o movimento. A tonalidade oscila entre azuis brilhantes e apelativos e tons mais profundos; esta intera\u00e7\u00e3o de contrastes acentua as linhas do autom\u00f3vel.<\/p>\n<p style=\"text-align: justify;\"><strong>A assinatura luminosa, a alma deste concept<\/strong><\/p>\n<p style=\"text-align: justify;\">O Alpine A390_\u03b2 destaca-se pela sua assinatura luminosa distinta, em linha com o Alpenglow. Um enxame de tri\u00e2ngulos iluminados, denominado\u00a0&#8220;Cosmic Dust,\u201d sob a faixa de ilumina\u00e7\u00e3o dianteira e traseira evoca um cometa a penetrar na atmosfera. Por fim, as barras de luz esguias \u00e0 frente e atr\u00e1s, que parecem dividir o ar como uma l\u00e2mina, evocam a leveza.<\/p>\n<p style=\"text-align: justify;\"><strong>Aerodin\u00e2mica para um car\u00e1cter ainda mais desportivo<\/strong><\/p>\n<p style=\"text-align: justify;\">Como se estivesse a fluir no ar, o A390_\u03b2 apresenta elementos aerodin\u00e2micos vis\u00edveis. Na frente, uma \u201cponte voadora\u201d melhora o fluxo de ar sobre a parte superior do autom\u00f3vel. A grelha microperfurada orienta o ar da melhor forma poss\u00edvel, enquanto as largas grelhas laterais criam uma cortina de ar para acelerar o fluxo natural.<\/p>\n<p style=\"text-align: justify;\">A traseira, mais concetual, \u00e9 a interpreta\u00e7\u00e3o de \u201cLight Follows Function\u201d: a luz sublinha os elementos aerodin\u00e2micos do concept. A barbatana de tubar\u00e3o, uma refer\u00eancia aos Alpine que correm em Le Mans, \u00e9 sin\u00f3nimo de fluidez e estabilidade.<\/p>\n<p style=\"text-align: justify;\">Por fim, em harmonia com o difusor traseiro, a faixa de luz iluminada pode ser estendida ou retra\u00edda em 80 mm, permitindo que o A390_\u03b2 se transforme de um design de \u201ccauda curta\u201d para um de \u201ccauda longa\u201d. Esta capacidade de extens\u00e3o reduz o coeficiente de resist\u00eancia aerodin\u00e2mica e melhora a autonomia do autom\u00f3vel.<\/p>\n<p style=\"text-align: justify;\"><strong>O floco de neve como fonte de inspira\u00e7\u00e3o<\/strong><\/p>\n<p style=\"text-align: justify;\">O desenho das jantes do A390_\u03b2 \u00e9 inspirado nas propriedades cristalinas de um floco de neve, simultaneamente forte e leve. As jantes dianteiras de 22 polegadas e as traseiras de 23 polegadas s\u00e3o real\u00e7adas por um caboch\u00e3o no centro da roda, iluminado por uma aur\u00e9ola azulada que faz lembrar uma joia. O efeito transparente da flange central, que se assemelha a uma fina camada de gelo, real\u00e7a, discretamente, a fun\u00e7\u00e3o de\u00a0Vectoriza\u00e7\u00e3o Ativa do Bin\u00e1rio.<\/p>\n<div style=\"text-align: justify;\">\n<table border=\"1\">\n<tbody>\n<tr>\n<td><strong>A defini\u00e7\u00e3o de um\u00a0fastback desportivo, segundo a Alpine<\/strong><\/p>\n<p>Para um concept cujo design exterior \u00e9 85% fiel ao do futuro modelo de produ\u00e7\u00e3o, o A390_\u03b2 encarna uma filosofia em que a forma segue a fun\u00e7\u00e3o e os elementos t\u00e9cnicos e aerodin\u00e2micos s\u00e3o intencionalmente desportivos.<\/p>\n<p>Assume a forma de um\u00a0fastback desportivo, combinando fluidez e desportivismo com amplitude. Esta silhueta, com o seu \u00f3culo traseiro em declive, como uma linha cont\u00ednua, contribui para o desempenho aerodin\u00e2mico do autom\u00f3vel.<\/p>\n<p>Assim, o A390_\u03b2 apresenta linhas que combinam leveza e dinamismo e \u00e9, antes de mais, um convite a viver a experi\u00eancia desportiva com os outros.<\/td>\n<\/tr>\n<\/tbody>\n<\/table>\n<\/div>\n","protected":false},"excerpt":{"rendered":"<p>O concept A390_\u03b2, o primeiro Alpine\u00a0sport fastback\u00a0100% el\u00e9trico, introduz uma nova dimens\u00e3o no universo desportivo da marca. \u00c9 o pren\u00fancio do segundo de tr\u00eas modelos Dream Garage, a garagem ideal da Alpine para todos os condutores entusiastas. Depois do A290 e antes do futuro A110\u00a0100% el\u00e9trico, o A390_\u03b2 antecipa a segunda fase do Dream Garage [&hellip;]<\/p>\n","protected":false},"author":2,"featured_media":10995,"comment_status":"closed","ping_status":"open","sticky":false,"template":"","format":"standard","meta":{"_editorskit_title_hidden":false,"_editorskit_reading_time":0,"_editorskit_is_block_options_detached":false,"_editorskit_block_options_position":"{}","om_disable_all_campaigns":false,"_monsterinsights_skip_tracking":false,"_monsterinsights_sitenote_active":false,"_monsterinsights_sitenote_note":"","_monsterinsights_sitenote_category":0,"_uf_show_specific_survey":0,"_uf_disable_surveys":false,"site-sidebar-layout":"default","site-content-layout":"","ast-site-content-layout":"default","site-content-style":"default","site-sidebar-style":"default","ast-global-header-display":"","ast-banner-title-visibility":"","ast-main-header-display":"","ast-hfb-above-header-display":"","ast-hfb-below-header-display":"","ast-hfb-mobile-header-display":"","site-post-title":"","ast-breadcrumbs-content":"","ast-featured-img":"","footer-sml-layout":"","theme-transparent-header-meta":"default","adv-header-id-meta":"","stick-header-meta":"default","header-above-stick-meta":"","header-main-stick-meta":"","header-below-stick-meta":"","astra-migrate-meta-layouts":"set","ast-page-background-enabled":"default","ast-page-background-meta":{"desktop":{"background-color":"","background-image":"","background-repeat":"repeat","background-position":"center center","background-size":"auto","background-attachment":"scroll","background-type":"","background-media":"","overlay-type":"","overlay-color":"","overlay-opacity":"","overlay-gradient":""},"tablet":{"background-color":"","background-image":"","background-repeat":"repeat","background-position":"center center","background-size":"auto","background-attachment":"scroll","background-type":"","background-media":"","overlay-type":"","overlay-color":"","overlay-opacity":"","overlay-gradient":""},"mobile":{"background-color":"","background-image":"","background-repeat":"repeat","background-position":"center center","background-size":"auto","background-attachment":"scroll","background-type":"","background-media":"","overlay-type":"","overlay-color":"","overlay-opacity":"","overlay-gradient":""}},"ast-content-background-meta":{"desktop":{"background-color":"var(--ast-global-color-5)","background-image":"","background-repeat":"repeat","background-position":"center center","background-size":"auto","background-attachment":"scroll","background-type":"","background-media":"","overlay-type":"","overlay-color":"","overlay-opacity":"","overlay-gradient":""},"tablet":{"background-color":"var(--ast-global-color-5)","background-image":"","background-repeat":"repeat","background-position":"center center","background-size":"auto","background-attachment":"scroll","background-type":"","background-media":"","overlay-type":"","overlay-color":"","overlay-opacity":"","overlay-gradient":""},"mobile":{"background-color":"var(--ast-global-color-5)","background-image":"","background-repeat":"repeat","background-position":"center center","background-size":"auto","background-attachment":"scroll","background-type":"","background-media":"","overlay-type":"","overlay-color":"","overlay-opacity":"","overlay-gradient":""}},"footnotes":""},"categories":[13],"tags":[],"class_list":["post-10994","post","type-post","status-publish","format-standard","has-post-thumbnail","hentry","category-comercio"],"aioseo_notices":[],"_links":{"self":[{"href":"https:\/\/contarotacoes.com\/index.php?rest_route=\/wp\/v2\/posts\/10994","targetHints":{"allow":["GET"]}}],"collection":[{"href":"https:\/\/contarotacoes.com\/index.php?rest_route=\/wp\/v2\/posts"}],"about":[{"href":"https:\/\/contarotacoes.com\/index.php?rest_route=\/wp\/v2\/types\/post"}],"author":[{"embeddable":true,"href":"https:\/\/contarotacoes.com\/index.php?rest_route=\/wp\/v2\/users\/2"}],"replies":[{"embeddable":true,"href":"https:\/\/contarotacoes.com\/index.php?rest_route=%2Fwp%2Fv2%2Fcomments&post=10994"}],"version-history":[{"count":1,"href":"https:\/\/contarotacoes.com\/index.php?rest_route=\/wp\/v2\/posts\/10994\/revisions"}],"predecessor-version":[{"id":10996,"href":"https:\/\/contarotacoes.com\/index.php?rest_route=\/wp\/v2\/posts\/10994\/revisions\/10996"}],"wp:featuredmedia":[{"embeddable":true,"href":"https:\/\/contarotacoes.com\/index.php?rest_route=\/wp\/v2\/media\/10995"}],"wp:attachment":[{"href":"https:\/\/contarotacoes.com\/index.php?rest_route=%2Fwp%2Fv2%2Fmedia&parent=10994"}],"wp:term":[{"taxonomy":"category","embeddable":true,"href":"https:\/\/contarotacoes.com\/index.php?rest_route=%2Fwp%2Fv2%2Fcategories&post=10994"},{"taxonomy":"post_tag","embeddable":true,"href":"https:\/\/contarotacoes.com\/index.php?rest_route=%2Fwp%2Fv2%2Ftags&post=10994"}],"curies":[{"name":"wp","href":"https:\/\/api.w.org\/{rel}","templated":true}]}}