{"id":10834,"date":"2024-10-09T20:43:40","date_gmt":"2024-10-09T20:43:40","guid":{"rendered":"https:\/\/contarotacoes.com\/?p=10834"},"modified":"2024-10-09T20:43:40","modified_gmt":"2024-10-09T20:43:40","slug":"dez-portugueses-na-taca-do-mundo-fia-kz2-e-na-supertaca-internacional-fia-kz2-masters-em-portimao","status":"publish","type":"post","link":"https:\/\/contarotacoes.com\/?p=10834","title":{"rendered":"Dez portugueses na Ta\u00e7a do Mundo FIA KZ2 e na Superta\u00e7a Internacional FIA KZ2 Masters em Portim\u00e3o"},"content":{"rendered":"<div>\n<ul>\n<li dir=\"auto\" style=\"text-align: justify;\"><strong>A partir de amanh\u00e3 at\u00e9 domingo no Kart\u00f3dromo Internacional do Algarve<\/strong><\/li>\n<\/ul>\n<\/div>\n<div style=\"text-align: justify;\">\n<div dir=\"auto\"><span style=\"font-size: 16px;\">Com cerca de 200 pilotos oriundos de 31 pa\u00edses, a partir de amanh\u00e3 at\u00e9 domingo, o Kart\u00f3dromo Internacional do Algarve, em Portim\u00e3o, vai receber o Campeonato do Mundo FIA da categoria KZ, a Ta\u00e7a do Mundo FIA da categoria KZ2 e a Superta\u00e7a Internacional FIA da categoria KZ2 Masters. E ser\u00e1 nestas duas \u00faltimas competi\u00e7\u00f5es que Portugal vai estar representado por dez pilotos.<\/span><\/div>\n<\/div>\n<div style=\"text-align: justify;\">\n<div dir=\"auto\">Sem pilotos lusos no Campeonato do Mundo FIA da categoria KZ (que conta com 33 inscritos), as cores nacionais ir\u00e3o ser defendidas por seis pilotos na Ta\u00e7a do Mundo FIA da categoria KZ2, nomeadamente por Rodrigo Ferreira (TB Kart\/TM\/Dunlop), Henrique Cruz (Birel ART\/TM\/Dunlop), Ricardo Borges (Maranello\/TM\/Dunlop), M\u00e1rio Borges (Maranello\/TM\/Dunlop), Santiago Ribeiro (Birel ART\/TM\/Dunlop) e Lu\u00eds Alves (CRG\/IAME\/Dunlop), sendo que cada um enfrentar\u00e1 mais 103 pilotos, dado que est\u00e3o inscritos 108 concorrentes para esta emblem\u00e1tica Ta\u00e7a do Mundo FIA, que contar\u00e1 com nomes t\u00e3o sonantes como o franc\u00eas Matt\u00e9o Spirgel, o romeno Daniel Vasile, o russo Maksim Orlov ou o est\u00f3nio Markus Kajak, s\u00f3 para citar apenas alguns nomes. Nota tamb\u00e9m para a participa\u00e7\u00e3o da nossa conhecida piloto germ\u00e2nica, Mathilda Paatz (Birel ART\/TM\/Dunlop), que correr\u00e1 pela equipa portuguesa Escola de Karting do Oeste.<\/div>\n<\/div>\n<div style=\"text-align: justify;\">\n<div dir=\"auto\">J\u00e1 na Superta\u00e7a Internacional FIA da categoria KZ2 Masters, as cores nacionais estar\u00e3o representadas por Andr\u00e9 Serafim (Birel ART\/TM\/Dunlop) \u2013 que foi 7.\u00ba classificado h\u00e1 duas semanas, no Champions of the Future, precisamente em Portim\u00e3o \u2013 Hugo Marreiros (Tonykart\/Vortex\/Dunlop), Paulo Martins (Sodikart\/TM\/Dunlop), Rui Pires (Kali Kart\/Modena\/Dunlop), sendo que cada um ter\u00e1 como advers\u00e1rios mais 52 pilotos, j\u00e1 que est\u00e3o 57 concorrentes inscritos. Nesta emblem\u00e1tica competi\u00e7\u00e3o, ir\u00e3o competir igualmente nomes bem sonantes do Karting, como ex-campe\u00f5es do mundo, como o franc\u00eas Anthony Abbasse, o italiano Davide For\u00e9 ou o atual detento da Superta\u00e7a, o transalpino Riccardo Nalon. Nota tamb\u00e9m para a participa\u00e7\u00e3o do brasileiro Lu\u00eds Sousa (Birel ART\/TM\/Dunlop), que correr\u00e1 pela equipa portuguesa Escola de Karting do Oeste.<\/div>\n<\/div>\n<div>\n<div dir=\"auto\" style=\"text-align: justify;\">Amanh\u00e3 realizam-se os habituais treinos livre, na sexta-feira os treinos cronometrados e algumas mangas de qualifica\u00e7\u00e3o que se estenderam at\u00e9 ao final de s\u00e1bado. No domingo, depois das \u2018super mangas de qualifica\u00e7\u00e3o\u2019 disputam-se as Finais, mais concretamente \u00e0s 13h05 (KZ2 Masters), \u00e0s 14h10 (KZ2) e \u00e0s 15h15 (KZ)<\/div>\n<\/div>\n","protected":false},"excerpt":{"rendered":"<p>A partir de amanh\u00e3 at\u00e9 domingo no Kart\u00f3dromo Internacional do Algarve Com cerca de 200 pilotos oriundos de 31 pa\u00edses, a partir de amanh\u00e3 at\u00e9 domingo, o Kart\u00f3dromo Internacional do Algarve, em Portim\u00e3o, vai receber o Campeonato do Mundo FIA da categoria KZ, a Ta\u00e7a do Mundo FIA da categoria KZ2 e a Superta\u00e7a Internacional [&hellip;]<\/p>\n","protected":false},"author":2,"featured_media":10835,"comment_status":"closed","ping_status":"open","sticky":false,"template":"","format":"standard","meta":{"_editorskit_title_hidden":false,"_editorskit_reading_time":0,"_editorskit_is_block_options_detached":false,"_editorskit_block_options_position":"{}","om_disable_all_campaigns":false,"_monsterinsights_skip_tracking":false,"_monsterinsights_sitenote_active":false,"_monsterinsights_sitenote_note":"","_monsterinsights_sitenote_category":0,"_uf_show_specific_survey":0,"_uf_disable_surveys":false,"site-sidebar-layout":"default","site-content-layout":"","ast-site-content-layout":"default","site-content-style":"default","site-sidebar-style":"default","ast-global-header-display":"","ast-banner-title-visibility":"","ast-main-header-display":"","ast-hfb-above-header-display":"","ast-hfb-below-header-display":"","ast-hfb-mobile-header-display":"","site-post-title":"","ast-breadcrumbs-content":"","ast-featured-img":"","footer-sml-layout":"","theme-transparent-header-meta":"default","adv-header-id-meta":"","stick-header-meta":"default","header-above-stick-meta":"","header-main-stick-meta":"","header-below-stick-meta":"","astra-migrate-meta-layouts":"set","ast-page-background-enabled":"default","ast-page-background-meta":{"desktop":{"background-color":"","background-image":"","background-repeat":"repeat","background-position":"center center","background-size":"auto","background-attachment":"scroll","background-type":"","background-media":"","overlay-type":"","overlay-color":"","overlay-opacity":"","overlay-gradient":""},"tablet":{"background-color":"","background-image":"","background-repeat":"repeat","background-position":"center center","background-size":"auto","background-attachment":"scroll","background-type":"","background-media":"","overlay-type":"","overlay-color":"","overlay-opacity":"","overlay-gradient":""},"mobile":{"background-color":"","background-image":"","background-repeat":"repeat","background-position":"center center","background-size":"auto","background-attachment":"scroll","background-type":"","background-media":"","overlay-type":"","overlay-color":"","overlay-opacity":"","overlay-gradient":""}},"ast-content-background-meta":{"desktop":{"background-color":"var(--ast-global-color-5)","background-image":"","background-repeat":"repeat","background-position":"center center","background-size":"auto","background-attachment":"scroll","background-type":"","background-media":"","overlay-type":"","overlay-color":"","overlay-opacity":"","overlay-gradient":""},"tablet":{"background-color":"var(--ast-global-color-5)","background-image":"","background-repeat":"repeat","background-position":"center center","background-size":"auto","background-attachment":"scroll","background-type":"","background-media":"","overlay-type":"","overlay-color":"","overlay-opacity":"","overlay-gradient":""},"mobile":{"background-color":"var(--ast-global-color-5)","background-image":"","background-repeat":"repeat","background-position":"center center","background-size":"auto","background-attachment":"scroll","background-type":"","background-media":"","overlay-type":"","overlay-color":"","overlay-opacity":"","overlay-gradient":""}},"footnotes":""},"categories":[11],"tags":[],"class_list":["post-10834","post","type-post","status-publish","format-standard","has-post-thumbnail","hentry","category-noticias"],"aioseo_notices":[],"_links":{"self":[{"href":"https:\/\/contarotacoes.com\/index.php?rest_route=\/wp\/v2\/posts\/10834","targetHints":{"allow":["GET"]}}],"collection":[{"href":"https:\/\/contarotacoes.com\/index.php?rest_route=\/wp\/v2\/posts"}],"about":[{"href":"https:\/\/contarotacoes.com\/index.php?rest_route=\/wp\/v2\/types\/post"}],"author":[{"embeddable":true,"href":"https:\/\/contarotacoes.com\/index.php?rest_route=\/wp\/v2\/users\/2"}],"replies":[{"embeddable":true,"href":"https:\/\/contarotacoes.com\/index.php?rest_route=%2Fwp%2Fv2%2Fcomments&post=10834"}],"version-history":[{"count":1,"href":"https:\/\/contarotacoes.com\/index.php?rest_route=\/wp\/v2\/posts\/10834\/revisions"}],"predecessor-version":[{"id":10836,"href":"https:\/\/contarotacoes.com\/index.php?rest_route=\/wp\/v2\/posts\/10834\/revisions\/10836"}],"wp:featuredmedia":[{"embeddable":true,"href":"https:\/\/contarotacoes.com\/index.php?rest_route=\/wp\/v2\/media\/10835"}],"wp:attachment":[{"href":"https:\/\/contarotacoes.com\/index.php?rest_route=%2Fwp%2Fv2%2Fmedia&parent=10834"}],"wp:term":[{"taxonomy":"category","embeddable":true,"href":"https:\/\/contarotacoes.com\/index.php?rest_route=%2Fwp%2Fv2%2Fcategories&post=10834"},{"taxonomy":"post_tag","embeddable":true,"href":"https:\/\/contarotacoes.com\/index.php?rest_route=%2Fwp%2Fv2%2Ftags&post=10834"}],"curies":[{"name":"wp","href":"https:\/\/api.w.org\/{rel}","templated":true}]}}