{"id":10703,"date":"2024-10-08T22:54:19","date_gmt":"2024-10-08T22:54:19","guid":{"rendered":"https:\/\/contarotacoes.com\/?p=10703"},"modified":"2024-10-08T22:54:19","modified_gmt":"2024-10-08T22:54:19","slug":"salao-do-automovel-hibrido-e-eletrico","status":"publish","type":"post","link":"https:\/\/contarotacoes.com\/?p=10703","title":{"rendered":"Sal\u00e3o do Autom\u00f3vel H\u00edbrido e El\u00e9trico"},"content":{"rendered":"<p style=\"text-align: justify;\">O maior evento de mobilidade sustent\u00e1vel em Portugal est\u00e1 de volta! A 8\u00aa edi\u00e7\u00e3o do Sal\u00e3o do Autom\u00f3vel H\u00edbrido e El\u00e9trico \u2013 Sal\u00e3o da Mobilidade Sustent\u00e1vel vai ter lugar no Centro de Congressos da Alf\u00e2ndega do Porto, de 11 a 13 de Outubro de 2024.<\/p>\n<p style=\"text-align: justify;\">Durante tr\u00eas dias, os visitantes do Sal\u00e3o do Autom\u00f3vel H\u00edbrido e El\u00e9trico \u2013 Sal\u00e3o da Mobilidade Sustent\u00e1vel (SAHE) v\u00e3o ter a oportunidade de conhecer as mais recentes inova\u00e7\u00f5es em ve\u00edculos h\u00edbridos e el\u00e9tricos, mercado que se mant\u00e9m em crescimento constante e sustent\u00e1vel, h\u00e1 pelo menos oito anos, como se pode comprovar pelos dados fornecidos pela ACAP, no passado dia um de outubro.<\/p>\n<p style=\"text-align: justify;\">O evento conta com a presen\u00e7a de praticamente todas as marcas do setor autom\u00f3vel com oferta de modelos descarbonizados presentes no mercado nacional, sendo de destacar o recorde de meia centena de novidades num \u00fanico evento e o lan\u00e7amento no mercado nacional de quatro novas marcas: XPeng, Voyah, Forthing e KGM.<\/p>\n<p style=\"text-align: justify;\">O Sal\u00e3o de todas as novidades<\/p>\n<p style=\"text-align: justify;\">A XPeng, a Voyah e a Forthing s\u00e3o marcas chinesas, a que se junta a Coreana KGM, anteriormente conhecida por Ssang Young, que se v\u00e3o apresentar no pr\u00f3ximo dia 11 de outubro e que apostam no SAHE para se darem a conhecer ao p\u00fablico portugu\u00eas.<\/p>\n<p style=\"text-align: justify;\">Mas as novidades n\u00e3o se ficam por aqui. A saber:<\/p>\n<ul style=\"text-align: justify;\">\n<li>Alfa-Romeo<\/li>\n<\/ul>\n<p style=\"text-align: justify;\">Alfa-Roemo J\u00fanior: compacto dispon\u00edvel em vers\u00f5es h\u00edbridas e el\u00e9tricas.<\/p>\n<ul style=\"text-align: justify;\">\n<li>Audi<\/li>\n<\/ul>\n<p style=\"text-align: justify;\">Audi A6 e-tron Avant: um prt\u00f3tipo el\u00e9trico a prometer uma autonomia de mais de 700 Km.<\/p>\n<p style=\"text-align: justify;\">Audi SQ6 e-tron: SUV el\u00e9trico com tra\u00e7\u00e3o &#8220;Quattro&#8221;.<\/p>\n<p style=\"text-align: justify;\">Audi SQ8 e.tron: SUV 100% el\u00e9trico com tr\u00eas motores el\u00e9tricos, que promete condu\u00e7\u00e3o din\u00e2mica.<\/p>\n<ul style=\"text-align: justify;\">\n<li>BYD<\/li>\n<\/ul>\n<p style=\"text-align: justify;\">BYD SEAL: Sedan el\u00e9trico.<\/p>\n<p style=\"text-align: justify;\">BYD Dolphin: Compacto el\u00e9trico citadino.<\/p>\n<ul style=\"text-align: justify;\">\n<li>CUPRA<\/li>\n<\/ul>\n<p style=\"text-align: justify;\">CUPRA Terramar PHEV: SUV h\u00edbrido plug-in com design desportivo.<\/p>\n<p style=\"text-align: justify;\">CUPRA Tavascan 100% el\u00e9trico: SUV el\u00e9trico com design futurista.<\/p>\n<p style=\"text-align: justify;\">CUPRA Formentor PHEV: SUV h\u00edbrido plug-in que combina performance e efici\u00eancia.<\/p>\n<ul style=\"text-align: justify;\">\n<li>Dacia<\/li>\n<\/ul>\n<p style=\"text-align: justify;\">Dacia Duster HEV: Vers\u00e3o h\u00edbrida do popular SUV, que oferece maior efici\u00eancia de combust\u00edvel.<\/p>\n<p style=\"text-align: justify;\">Dacia Spring: Um citadino el\u00e9trico, que se destaca como um dos mais acess\u00edveis do mercado, e apresenta a nova vers\u00e3o.<\/p>\n<ul style=\"text-align: justify;\">\n<li>Fiat<\/li>\n<\/ul>\n<p style=\"text-align: justify;\">Fiat 600 hybrid: Compacto h\u00edbrido que combina estilo retro com tecnologia moderna.<\/p>\n<ul style=\"text-align: justify;\">\n<li>Ford<\/li>\n<\/ul>\n<p style=\"text-align: justify;\">Ford Explorer 100% El\u00e9trico: SUV el\u00e9trico com grande autonomia e espa\u00e7o interior generoso.<\/p>\n<ul style=\"text-align: justify;\">\n<li>Forthing<\/li>\n<\/ul>\n<p style=\"text-align: justify;\">\u00a0Forthing Friday EV: SUV 100% el\u00e9trico.<\/p>\n<ul style=\"text-align: justify;\">\n<li>KGM<\/li>\n<\/ul>\n<p style=\"text-align: justify;\">\u00a0KGM Torres EVX K3: SUV compacto el\u00e9trico.<\/p>\n<p style=\"text-align: justify;\">KGM Torres EVX K5: SUV topo de gama el\u00e9trico.<\/p>\n<ul style=\"text-align: justify;\">\n<li>Lexus<\/li>\n<\/ul>\n<p style=\"text-align: justify;\">Lexus LBX: Novo crossover compacto com op\u00e7\u00f5es h\u00edbridas e el\u00e9tricas.<\/p>\n<ul style=\"text-align: justify;\">\n<li>Mercedes-Benz<\/li>\n<\/ul>\n<p style=\"text-align: justify;\">Mercedes Maybach EQS SUV: SUV el\u00e9trico de luxo que real\u00e7a a tecnologia e o conforto excecional.<\/p>\n<p style=\"text-align: justify;\">Mercedes Benz G 580: SUV\/Todo-o-Terreno h\u00edbrido com desempenho robusto e efici\u00eancia melhorada.<\/p>\n<ul style=\"text-align: justify;\">\n<li>MG<\/li>\n<\/ul>\n<p style=\"text-align: justify;\">MG HS PHEV: SUV h\u00edbrido plug-in.<\/p>\n<p style=\"text-align: justify;\">MG Cyberster: Roadster el\u00e9trico, j\u00e1 apresentado ao mercado, mas que aqui faz o lan\u00e7amento ao p\u00fablico.<\/p>\n<p style=\"text-align: justify;\">MG ZS EV: SUV el\u00e9trico, que aposta no segmento B.<\/p>\n<p style=\"text-align: justify;\">MG Marvel R: SUV el\u00e9trico desenvolvido para o segmento C.<\/p>\n<ul style=\"text-align: justify;\">\n<li>MINI<\/li>\n<\/ul>\n<p style=\"text-align: justify;\">MINI ACEMAN: Novo conceito de crossover el\u00e9trico que o design ic\u00f4nico e a tecnologia moderna.<\/p>\n<ul style=\"text-align: justify;\">\n<li>Opel<\/li>\n<\/ul>\n<p style=\"text-align: justify;\">Opel Frontera: SUV h\u00edbrido que disponibiliza sete lugares.<\/p>\n<p style=\"text-align: justify;\">Opel Grandland: SUV h\u00edbrido plug-in compacto.<\/p>\n<ul style=\"text-align: justify;\">\n<li>Peugeot<\/li>\n<\/ul>\n<p style=\"text-align: justify;\">Peugeot E-5008: SUV el\u00e9trico com grande autonomia e espa\u00e7o interior.<\/p>\n<p style=\"text-align: justify;\">Peugeot E-3008: SUV el\u00e9trico compacto.<\/p>\n<ul style=\"text-align: justify;\">\n<li>Porsche<\/li>\n<\/ul>\n<p style=\"text-align: justify;\">Porsche Macan El\u00e9trico: SUV el\u00e9trico com desempenho desportivo.<\/p>\n<ul style=\"text-align: justify;\">\n<li>Renault<\/li>\n<\/ul>\n<p style=\"text-align: justify;\">Renault Scenic El\u00e9trico: Monovolume el\u00e9trico com grande autonomia e espa\u00e7o familiar.<\/p>\n<p style=\"text-align: justify;\">Renault Symbioz HEV: Conceito h\u00edbrido com design inovador e tecnologia avan\u00e7ada.<\/p>\n<p style=\"text-align: justify;\">Renault Rafale Plug In: SUV h\u00edbrido plug-in com desempenho robusto e efici\u00eancia.<\/p>\n<ul style=\"text-align: justify;\">\n<li>\u0160koda<\/li>\n<\/ul>\n<p style=\"text-align: justify;\">\u0160koda Kodiaq: SUV h\u00edbrido com grande espa\u00e7o interior e efici\u00eancia energ\u00e9tica.<\/p>\n<p style=\"text-align: justify;\">\u0160koda Superb: Sedan h\u00edbrido com design elegante e tecnologia avan\u00e7ada.<\/p>\n<p style=\"text-align: justify;\">\u0160koda Enyaq: SUV el\u00e9trico com grande autonomia e caracter\u00edsticas pr\u00e1ticas.<\/p>\n<ul style=\"text-align: justify;\">\n<li>Smart<\/li>\n<\/ul>\n<p style=\"text-align: justify;\">Smart Concept #5: Novo conceito de compacto el\u00e9trico com design futurista e efici\u00eancia. Que vai fazer no SAHE a sua apresenta\u00e7\u00e3o em Portugal.<\/p>\n<ul style=\"text-align: justify;\">\n<li>Suzuki<\/li>\n<\/ul>\n<p style=\"text-align: justify;\">Suzuki S-Cross: SUV h\u00edbrido com tra\u00e7\u00e3o integral.<\/p>\n<p style=\"text-align: justify;\">Suzuki Swift: Compacto h\u00edbrido com design desportivo.<\/p>\n<p style=\"text-align: justify;\">Suzuki Vitara: SUV h\u00edbrido, que herda a tradi\u00e7\u00e3o da marca neste segmento.<\/p>\n<ul style=\"text-align: justify;\">\n<li>Voyah<\/li>\n<\/ul>\n<p style=\"text-align: justify;\">\u00a0Voyah Free: SUV el\u00e9trico.<\/p>\n<p style=\"text-align: justify;\">Voyah Dream: mini van el\u00e9trica, par ao segmento superior.<\/p>\n<ul style=\"text-align: justify;\">\n<li>Volkswagen<\/li>\n<\/ul>\n<p style=\"text-align: justify;\">VW Golf GTE PHEV: Hatchback h\u00edbrido plug-in que promete desempenho desportivo.<\/p>\n<p style=\"text-align: justify;\">VW Tiguan: SUV h\u00edbrido com grande espa\u00e7o interior e efici\u00eancia.<\/p>\n<p style=\"text-align: justify;\">VW Passat: Sedan h\u00edbrido com design elegante, apostando no segmento superior.<\/p>\n<ul style=\"text-align: justify;\">\n<li>XPENG<\/li>\n<\/ul>\n<p style=\"text-align: justify;\">XPENG G6: SUV el\u00e9trico destinado ao segmento D, prometendo at\u00e9 775 Kms de autonomia.<\/p>\n<p style=\"text-align: justify;\">XPENG G9: SUV el\u00e9trico, que se posiciona no segmento luxo.<\/p>\n<p style=\"text-align: justify;\">XPENG P7: Sedan el\u00e9trico que aposta no mercado superior\/luxo.<\/p>\n<p style=\"text-align: justify;\">A Tesla vai ter uma das raras mostras da Cybertruck, que pelas linhas, que quase remetem para um mundo dist\u00f3pico, certamente vai ser chamativa.<\/p>\n<p style=\"text-align: justify;\">Destaques do evento<\/p>\n<ul style=\"text-align: justify;\">\n<li>Exposi\u00e7\u00e3o de ve\u00edculos:\u00a0Uma vasta gama de ve\u00edculos h\u00edbridos e el\u00e9tricos vai estar em exibi\u00e7\u00e3o, permitindo aos visitantes explorar as v\u00e1rias op\u00e7\u00f5es de mobilidade descarbonizada dispon\u00edveis no mercado.<\/li>\n<li>Test-drive Prio:\u00a0Os participantes v\u00e3o poder experimentar a condu\u00e7\u00e3o de ve\u00edculos el\u00e9tricos e h\u00edbridos, num percurso especialmente criado para esse facto.<\/li>\n<li>Confer\u00eancias e workshops:\u00a0Especialistas do setor v\u00e3o partilhar conhecimentos sobre o futuro da mobilidade sustent\u00e1vel, as tend\u00eancias do mercado e as inova\u00e7\u00f5es tecnol\u00f3gicas.<\/li>\n<\/ul>\n<p style=\"text-align: justify;\">O SAHE \u00e9 uma organiza\u00e7\u00e3o da ZEST, Marketing e Eventos<\/p>\n<p style=\"text-align: justify;\">Jos\u00e9 Oliveira, diretor do evento, destaca que\u00a0\u201co Sal\u00e3o do Autom\u00f3vel H\u00edbrido e El\u00e9trico \u00e9 uma plataforma essencial para a divulga\u00e7\u00e3o das mais recentes inova\u00e7\u00f5es em mobilidade sustent\u00e1vel. Este ano, estamos particularmente entusiasmados com a variedade de novos modelos que v\u00e3o ser apresentados.\u201d<\/p>\n<p style=\"text-align: justify;\">O homem da Zest crescenta ainda que &#8220;acreditamos que este evento n\u00e3o s\u00f3 promove a ado\u00e7\u00e3o de ve\u00edculos mais ecol\u00f3gicos, mas tamb\u00e9m incentiva a ind\u00fastria autom\u00f3vel a continuar a investir em tecnologias limpas e sustent\u00e1veis. Foi com este objetivo que lan\u00e7amos o primeiro sal\u00e3o em 2017 e olhando para a presente edi\u00e7\u00e3o, vejo que \u00e9 uma aposta ganha.\u201d<\/p>\n<p style=\"text-align: justify;\">Os bilhetes para o SAHE est\u00e3o em pr\u00e9-venda, com pre\u00e7o reduzido de \u20ac7.50 at\u00e9 dia 10 de outubro, podendo ser comprados em:\u00a0\u00a0<a href=\"https:\/\/www.salaoautomovelelectrico.pt\/bilhetes\">https:\/\/www.salaoautomovelelectrico.pt\/bilhetes<\/a><\/p>\n<p style=\"text-align: justify;\">8\u00ba Sal\u00e3o do Autom\u00f3vel H\u00edbrido e El\u00e9trico 2024<\/p>\n<p style=\"text-align: justify;\">Data e hora:\u00a011 a 13 de outubro de 2024, das 10,00 \u00e0s 20,00 horas<\/p>\n<p style=\"text-align: justify;\">Local:\u00a0Centro de Congressos da Alf\u00e2ndega do Porto<\/p>\n<p>\u00a0Em 2023 o SAHE teve\u00a020.787 visitantes<\/p>\n","protected":false},"excerpt":{"rendered":"<p>O maior evento de mobilidade sustent\u00e1vel em Portugal est\u00e1 de volta! A 8\u00aa edi\u00e7\u00e3o do Sal\u00e3o do Autom\u00f3vel H\u00edbrido e El\u00e9trico \u2013 Sal\u00e3o da Mobilidade Sustent\u00e1vel vai ter lugar no Centro de Congressos da Alf\u00e2ndega do Porto, de 11 a 13 de Outubro de 2024. Durante tr\u00eas dias, os visitantes do Sal\u00e3o do Autom\u00f3vel H\u00edbrido [&hellip;]<\/p>\n","protected":false},"author":2,"featured_media":10711,"comment_status":"closed","ping_status":"open","sticky":false,"template":"","format":"standard","meta":{"_editorskit_title_hidden":false,"_editorskit_reading_time":0,"_editorskit_is_block_options_detached":false,"_editorskit_block_options_position":"{}","om_disable_all_campaigns":false,"_monsterinsights_skip_tracking":false,"_monsterinsights_sitenote_active":false,"_monsterinsights_sitenote_note":"","_monsterinsights_sitenote_category":0,"_uf_show_specific_survey":0,"_uf_disable_surveys":false,"site-sidebar-layout":"default","site-content-layout":"","ast-site-content-layout":"default","site-content-style":"default","site-sidebar-style":"default","ast-global-header-display":"","ast-banner-title-visibility":"","ast-main-header-display":"","ast-hfb-above-header-display":"","ast-hfb-below-header-display":"","ast-hfb-mobile-header-display":"","site-post-title":"","ast-breadcrumbs-content":"","ast-featured-img":"","footer-sml-layout":"","theme-transparent-header-meta":"default","adv-header-id-meta":"","stick-header-meta":"default","header-above-stick-meta":"","header-main-stick-meta":"","header-below-stick-meta":"","astra-migrate-meta-layouts":"set","ast-page-background-enabled":"default","ast-page-background-meta":{"desktop":{"background-color":"","background-image":"","background-repeat":"repeat","background-position":"center center","background-size":"auto","background-attachment":"scroll","background-type":"","background-media":"","overlay-type":"","overlay-color":"","overlay-opacity":"","overlay-gradient":""},"tablet":{"background-color":"","background-image":"","background-repeat":"repeat","background-position":"center center","background-size":"auto","background-attachment":"scroll","background-type":"","background-media":"","overlay-type":"","overlay-color":"","overlay-opacity":"","overlay-gradient":""},"mobile":{"background-color":"","background-image":"","background-repeat":"repeat","background-position":"center center","background-size":"auto","background-attachment":"scroll","background-type":"","background-media":"","overlay-type":"","overlay-color":"","overlay-opacity":"","overlay-gradient":""}},"ast-content-background-meta":{"desktop":{"background-color":"var(--ast-global-color-5)","background-image":"","background-repeat":"repeat","background-position":"center center","background-size":"auto","background-attachment":"scroll","background-type":"","background-media":"","overlay-type":"","overlay-color":"","overlay-opacity":"","overlay-gradient":""},"tablet":{"background-color":"var(--ast-global-color-5)","background-image":"","background-repeat":"repeat","background-position":"center center","background-size":"auto","background-attachment":"scroll","background-type":"","background-media":"","overlay-type":"","overlay-color":"","overlay-opacity":"","overlay-gradient":""},"mobile":{"background-color":"var(--ast-global-color-5)","background-image":"","background-repeat":"repeat","background-position":"center center","background-size":"auto","background-attachment":"scroll","background-type":"","background-media":"","overlay-type":"","overlay-color":"","overlay-opacity":"","overlay-gradient":""}},"footnotes":""},"categories":[13],"tags":[],"class_list":["post-10703","post","type-post","status-publish","format-standard","has-post-thumbnail","hentry","category-comercio"],"aioseo_notices":[],"_links":{"self":[{"href":"https:\/\/contarotacoes.com\/index.php?rest_route=\/wp\/v2\/posts\/10703","targetHints":{"allow":["GET"]}}],"collection":[{"href":"https:\/\/contarotacoes.com\/index.php?rest_route=\/wp\/v2\/posts"}],"about":[{"href":"https:\/\/contarotacoes.com\/index.php?rest_route=\/wp\/v2\/types\/post"}],"author":[{"embeddable":true,"href":"https:\/\/contarotacoes.com\/index.php?rest_route=\/wp\/v2\/users\/2"}],"replies":[{"embeddable":true,"href":"https:\/\/contarotacoes.com\/index.php?rest_route=%2Fwp%2Fv2%2Fcomments&post=10703"}],"version-history":[{"count":1,"href":"https:\/\/contarotacoes.com\/index.php?rest_route=\/wp\/v2\/posts\/10703\/revisions"}],"predecessor-version":[{"id":10712,"href":"https:\/\/contarotacoes.com\/index.php?rest_route=\/wp\/v2\/posts\/10703\/revisions\/10712"}],"wp:featuredmedia":[{"embeddable":true,"href":"https:\/\/contarotacoes.com\/index.php?rest_route=\/wp\/v2\/media\/10711"}],"wp:attachment":[{"href":"https:\/\/contarotacoes.com\/index.php?rest_route=%2Fwp%2Fv2%2Fmedia&parent=10703"}],"wp:term":[{"taxonomy":"category","embeddable":true,"href":"https:\/\/contarotacoes.com\/index.php?rest_route=%2Fwp%2Fv2%2Fcategories&post=10703"},{"taxonomy":"post_tag","embeddable":true,"href":"https:\/\/contarotacoes.com\/index.php?rest_route=%2Fwp%2Fv2%2Ftags&post=10703"}],"curies":[{"name":"wp","href":"https:\/\/api.w.org\/{rel}","templated":true}]}}