{"id":10690,"date":"2024-10-08T22:50:30","date_gmt":"2024-10-08T22:50:30","guid":{"rendered":"https:\/\/contarotacoes.com\/?p=10690"},"modified":"2024-10-08T22:50:30","modified_gmt":"2024-10-08T22:50:30","slug":"manuel-alves-garante-o-titulo-da-porsche-sprint-challenge-iberica","status":"publish","type":"post","link":"https:\/\/contarotacoes.com\/?p=10690","title":{"rendered":"Manuel Alves garante o t\u00edtulo da Porsche Sprint Challenge Ib\u00e9rica"},"content":{"rendered":"<p style=\"text-align: justify;\"><strong>\u00bb Manuel Alves fez hist\u00f3ria e garantiu o t\u00edtulo Porsche Sprint Challenge Ib\u00e9rica no Grupo 991.2<\/strong><\/p>\n<p style=\"text-align: justify;\"><strong>\u00bb Num fim de semana muito duro a n\u00edvel f\u00edsico, afetado por uma amigdalite, Manuel Alves n\u00e3o facilitou e voltou a conquistar dois triunfos nas corridas<\/strong><\/p>\n<p style=\"text-align: justify;\"><strong>\u00bb Tamb\u00e9m a LOB Motorsport garantiu o t\u00edtulo por equipas em mais um fim de semana perfeito da estrutura nortenha e do piloto<\/strong><\/p>\n<p style=\"text-align: justify;\">Objetivo conquistado para Manuel Alves. O jovem piloto da LOB Motorsport venceu as duas corridas da pen\u00faltima jornada da Porsche Sprint Challenge Ib\u00e9rica, em Jerez, garantindo assim o t\u00edtulo no Grupo dos 991.2. O feito ganha ainda mais relevo, se olharmos para os n\u00fameros da \u00e9poca.<\/p>\n<p style=\"text-align: justify;\">S\u00e3o 10 vit\u00f3rias em dez corridas no Grupo dos 991.2, cinco poles em cinco poss\u00edveis e 10 voltas mais r\u00e1pidas. Manuel Alves tem sido imperial nas contas do seu grupo, mas os n\u00fameros v\u00e3o para l\u00e1 disso. Em dez corridas disputadas, s\u00f3 n\u00e3o venceu uma \u00e0 geral, o que faria do piloto da Trofa o l\u00edder incontestado de uma hipot\u00e9tica classifica\u00e7\u00e3o \u00e0 geral. Como a Porsche Sprint Challenge Ib\u00e9rica de 2024 apenas vai atribuir t\u00edtulos aos Grupos, oficialmente \u00e9 esse o \u201ccaneco\u201d que o piloto leva para a Trofa.<\/p>\n<p style=\"text-align: justify;\">A vit\u00f3ria n\u00famero 9 e 10 foram suadas. E n\u00e3o pelos motivos que se poderia esperar. \u00c0 chegada ao circuito de Jerez, Manuel Alves j\u00e1 sentia os efeitos de uma amigdalite que o iria apoquentar durante todo o fim de semana. Desafio redobrado para o piloto e a sua equipa, depois de um primeiro treino privado em que o compromisso de afina\u00e7\u00e3o n\u00e3o agradou totalmente. No segundo treino privado o carro j\u00e1 ficou mais ao gosto de Alves. No entanto, depois de uma noite mal dormida, o s\u00e1bado come\u00e7ou mal, com a pista a mudar muito de um dia para o outro. Com isso, o Porsche 991.2 GT3 CUP #68 ficou pior e foi preciso repensar a afina\u00e7\u00e3o. A altera\u00e7\u00e3o revelou-se bem sucedida, com Alves a conseguir a pole, mantendo o pleno nesta temporada.<\/p>\n<p style=\"text-align: justify;\">A corrida 1 acabou por ser calma para o piloto da LOB Motorsport, com um bom arranque, permitindo afastar-se da concorr\u00eancia, ganhando uma boa vantagem. A partir da\u00ed, foi gerir a corrida at\u00e9 a bandeira de xadrez, carimbando a oitava vit\u00f3ria \u00e0 geral desta temporada (e nona no seu Grupo). Com este resultado o t\u00edtulo ficava garantido, quer para o piloto, quer para a LOB Motorsport.<\/p>\n<p style=\"text-align: justify;\">No domingo, a condi\u00e7\u00e3o f\u00edsica do piloto piorou significativamente, obrigando-o a ir ao centro m\u00e9dico, o que o fez perder parte do Warm-up. Ainda pairou a hip\u00f3tese de Alves n\u00e3o ir \u00e0 segunda corrida do fim de semana, mas o piloto fez o esfor\u00e7o e entrou no seu Porsche para a segunda corrida. Largando da oitava posi\u00e7\u00e3o, conseguiu mais um excelente arranque e subiu ao segundo lugar. Seguiram-se quatro voltas de ataque m\u00e1ximo, coroadas com a subida ao primeiro lugar. A tarefa ainda n\u00e3o estava conclu\u00edda, pois o advers\u00e1rio continuou a press\u00e3o at\u00e9 ao fim da corrida, mas a vit\u00f3ria j\u00e1 n\u00e3o fugiu e conseguiu o segundo triunfo do fim de semana.<\/p>\n<p style=\"text-align: justify;\">Manuel Alves estava feliz com o resultado alcan\u00e7ado, depois de ter dado tudo num fim de semana muito exigente:<\/p>\n<p style=\"text-align: justify;\">\u201cFoi um fim de semana muito duro. A amigdalite que me afetou, e ainda afeta, complicou muito o meu trabalho em pista. Na sexta-feira ainda consegui gerir a situa\u00e7\u00e3o, mas no s\u00e1bado j\u00e1 fiz a qualifica\u00e7\u00e3o e a corrida 1 algo debilitado. No domingo cheguei ao circuito com 39.5\u00b0 de febre e tive de ir ao centro m\u00e9dico. Felizmente, apesar deste contratempo, consegui vencer as duas corridas.<\/p>\n<p style=\"text-align: justify;\">O t\u00edtulo ficou confirmado na Corrida 1, mas queria muito fazer a Corrida 2 e tentar a vit\u00f3ria, o que acabei por conseguir, apesar da forte press\u00e3o do meu advers\u00e1rio. Terminei a corrida de rastos.<\/p>\n<p style=\"text-align: justify;\">Com estes resultados, o t\u00edtulo no Grupo dos 991.2 fica garantido, o que me deixa extremamente satisfeito. Fico ainda mais contente por conseguir at\u00e9 agora nove vit\u00f3rias \u00e0 geral em dez poss\u00edveis, o que me deixaria tamb\u00e9m na lideran\u00e7a de uma classifica\u00e7\u00e3o \u00e0 geral, se ela existisse.<\/p>\n<p style=\"text-align: justify;\">\u00c9 um t\u00edtulo que me deixa muito orgulhoso, que comprova a minha evolu\u00e7\u00e3o como piloto. Estou muito feliz e quero dar uma palavra de apre\u00e7o \u00e0 LOB Motorsport, que esteve irrepreens\u00edvel ao longo de toda a \u00e9poca e, por isso, tamb\u00e9m conseguiram o t\u00edtulo por equipas. Os meus parab\u00e9ns a esta fant\u00e1stica estrutura, uma segunda fam\u00edlia para mim.<\/p>\n<p style=\"text-align: justify;\">Quero agradecer \u00e0 minha fam\u00edlia, namorada e amigos mais pr\u00f3ximos, que me acompanharam nesta caminhada e que me ajudaram nos bons e nos maus momentos, como foi este fim de semana. Queria tamb\u00e9m dedicar este t\u00edtulo ao meu tio, uma pessoa muito importante para mim. Todas as vit\u00f3rias, todos os t\u00edtulos que poderei vir a conquistar ser\u00e3o tamb\u00e9m dele.<\/p>\n<p style=\"text-align: justify;\">Por fim, queria enviar um abra\u00e7o ao Vasco Barros, que perdeu a sua av\u00f3. Neste momento de dor, queria enviar-lhe muita for\u00e7a.<\/p>\n<p style=\"text-align: justify;\">Vamos para Barcelona focados em fazer o melhor e o t\u00edtulo n\u00e3o nos retira a vontade de fazer o melhor poss\u00edvel e terminar a \u00e9poca em grande.\u201d<\/p>\n<p style=\"text-align: justify;\">A derradeira jornada da Porsche Sprint Challenge Ib\u00e9rica est\u00e1 agendada para os dias 8 e 9 de novembro.<\/p>\n","protected":false},"excerpt":{"rendered":"<p>\u00bb Manuel Alves fez hist\u00f3ria e garantiu o t\u00edtulo Porsche Sprint Challenge Ib\u00e9rica no Grupo 991.2 \u00bb Num fim de semana muito duro a n\u00edvel f\u00edsico, afetado por uma amigdalite, Manuel Alves n\u00e3o facilitou e voltou a conquistar dois triunfos nas corridas \u00bb Tamb\u00e9m a LOB Motorsport garantiu o t\u00edtulo por equipas em mais um [&hellip;]<\/p>\n","protected":false},"author":2,"featured_media":10699,"comment_status":"closed","ping_status":"open","sticky":false,"template":"","format":"standard","meta":{"_editorskit_title_hidden":false,"_editorskit_reading_time":0,"_editorskit_is_block_options_detached":false,"_editorskit_block_options_position":"{}","om_disable_all_campaigns":false,"_monsterinsights_skip_tracking":false,"_monsterinsights_sitenote_active":false,"_monsterinsights_sitenote_note":"","_monsterinsights_sitenote_category":0,"_uf_show_specific_survey":0,"_uf_disable_surveys":false,"site-sidebar-layout":"default","site-content-layout":"","ast-site-content-layout":"default","site-content-style":"default","site-sidebar-style":"default","ast-global-header-display":"","ast-banner-title-visibility":"","ast-main-header-display":"","ast-hfb-above-header-display":"","ast-hfb-below-header-display":"","ast-hfb-mobile-header-display":"","site-post-title":"","ast-breadcrumbs-content":"","ast-featured-img":"","footer-sml-layout":"","theme-transparent-header-meta":"default","adv-header-id-meta":"","stick-header-meta":"default","header-above-stick-meta":"","header-main-stick-meta":"","header-below-stick-meta":"","astra-migrate-meta-layouts":"set","ast-page-background-enabled":"default","ast-page-background-meta":{"desktop":{"background-color":"","background-image":"","background-repeat":"repeat","background-position":"center center","background-size":"auto","background-attachment":"scroll","background-type":"","background-media":"","overlay-type":"","overlay-color":"","overlay-opacity":"","overlay-gradient":""},"tablet":{"background-color":"","background-image":"","background-repeat":"repeat","background-position":"center center","background-size":"auto","background-attachment":"scroll","background-type":"","background-media":"","overlay-type":"","overlay-color":"","overlay-opacity":"","overlay-gradient":""},"mobile":{"background-color":"","background-image":"","background-repeat":"repeat","background-position":"center center","background-size":"auto","background-attachment":"scroll","background-type":"","background-media":"","overlay-type":"","overlay-color":"","overlay-opacity":"","overlay-gradient":""}},"ast-content-background-meta":{"desktop":{"background-color":"var(--ast-global-color-5)","background-image":"","background-repeat":"repeat","background-position":"center center","background-size":"auto","background-attachment":"scroll","background-type":"","background-media":"","overlay-type":"","overlay-color":"","overlay-opacity":"","overlay-gradient":""},"tablet":{"background-color":"var(--ast-global-color-5)","background-image":"","background-repeat":"repeat","background-position":"center center","background-size":"auto","background-attachment":"scroll","background-type":"","background-media":"","overlay-type":"","overlay-color":"","overlay-opacity":"","overlay-gradient":""},"mobile":{"background-color":"var(--ast-global-color-5)","background-image":"","background-repeat":"repeat","background-position":"center center","background-size":"auto","background-attachment":"scroll","background-type":"","background-media":"","overlay-type":"","overlay-color":"","overlay-opacity":"","overlay-gradient":""}},"footnotes":""},"categories":[11],"tags":[],"class_list":["post-10690","post","type-post","status-publish","format-standard","has-post-thumbnail","hentry","category-noticias"],"aioseo_notices":[],"_links":{"self":[{"href":"https:\/\/contarotacoes.com\/index.php?rest_route=\/wp\/v2\/posts\/10690","targetHints":{"allow":["GET"]}}],"collection":[{"href":"https:\/\/contarotacoes.com\/index.php?rest_route=\/wp\/v2\/posts"}],"about":[{"href":"https:\/\/contarotacoes.com\/index.php?rest_route=\/wp\/v2\/types\/post"}],"author":[{"embeddable":true,"href":"https:\/\/contarotacoes.com\/index.php?rest_route=\/wp\/v2\/users\/2"}],"replies":[{"embeddable":true,"href":"https:\/\/contarotacoes.com\/index.php?rest_route=%2Fwp%2Fv2%2Fcomments&post=10690"}],"version-history":[{"count":1,"href":"https:\/\/contarotacoes.com\/index.php?rest_route=\/wp\/v2\/posts\/10690\/revisions"}],"predecessor-version":[{"id":10700,"href":"https:\/\/contarotacoes.com\/index.php?rest_route=\/wp\/v2\/posts\/10690\/revisions\/10700"}],"wp:featuredmedia":[{"embeddable":true,"href":"https:\/\/contarotacoes.com\/index.php?rest_route=\/wp\/v2\/media\/10699"}],"wp:attachment":[{"href":"https:\/\/contarotacoes.com\/index.php?rest_route=%2Fwp%2Fv2%2Fmedia&parent=10690"}],"wp:term":[{"taxonomy":"category","embeddable":true,"href":"https:\/\/contarotacoes.com\/index.php?rest_route=%2Fwp%2Fv2%2Fcategories&post=10690"},{"taxonomy":"post_tag","embeddable":true,"href":"https:\/\/contarotacoes.com\/index.php?rest_route=%2Fwp%2Fv2%2Ftags&post=10690"}],"curies":[{"name":"wp","href":"https:\/\/api.w.org\/{rel}","templated":true}]}}