{"id":10548,"date":"2024-10-08T21:53:47","date_gmt":"2024-10-08T21:53:47","guid":{"rendered":"https:\/\/contarotacoes.com\/?p=10548"},"modified":"2024-10-08T21:53:47","modified_gmt":"2024-10-08T21:53:47","slug":"evora-recebeu-em-festa-a-ultima-jornada-do-19o-trofeu-yamaha","status":"publish","type":"post","link":"https:\/\/contarotacoes.com\/?p=10548","title":{"rendered":"\u00c9vora recebeu em festa a \u00faltima jornada do 19\u00ba Trof\u00e9u Yamaha"},"content":{"rendered":"<div>\n<p style=\"text-align: justify;\">\u00c9vora, cidade Patrim\u00f3nio Mundial da Unesco, recebeu a quarta e derradeira jornada da 19\u00aa edi\u00e7\u00e3o do Trof\u00e9u YAMAHA, o mais antigo trof\u00e9u de todo-o-terreno que se realiza em Portugal. \u00c0 excelente pista desenhada junto do Kart\u00f3dromo de \u00c9vora acorreram milhares de espectadores que assistiram a dez magnificas corridas que envolveram 310 pilotos divididos por 21 classes.<\/p>\n<p style=\"text-align: justify;\">A prova de encerramento do 19\u00ba Trof\u00e9u Yamaha foi um verdadeiro sucesso onde muitos pilotos responderam de forma positiva ao repto lan\u00e7ado pela YAMAHA Portugal.\u00a0 No final do dia foram encontrados os campe\u00f5es de 2024 que \u00e0 noite foram coroados numa gala que teve lugar na Arena d&#8217;\u00c9vora.<\/p>\n<p style=\"text-align: justify;\">O evento desportivo, que contou com o apoio da C\u00e2mara Municipal de \u00c9vora e dos Vinhos LC Ervideira, come\u00e7ou bem cedo no s\u00e1bado com as verifica\u00e7\u00f5es t\u00e9cnicas e administrativas e os treinos a terem in\u00edcio \u00e0s 9:00 da manh\u00e3. O bom tempo permitiu que \u00c9vora recebesse muito p\u00fablico que se misturou com o tradicional ambiente familiar que \u00e9 uma carater\u00edstica t\u00edpica do Trof\u00e9u Yamaha que junta v\u00e1rias gera\u00e7\u00f5es de pilotos. Depois dos treinos efetuados durante a parte da manh\u00e3 e da pausa para o almo\u00e7o, decorreram as dez corridas envolvendo 21 classes distintas.<\/p>\n<p style=\"text-align: justify;\">O final de mais uma edi\u00e7\u00e3o do Trof\u00e9u Yamaha foi celebrada por todos os pilotos e organizadores e para a Yamaha Portugal foi cumprida mais uma excelente temporada de corridas: &#8220;o balan\u00e7o deste 19\u00ba Trof\u00e9u Yamaha \u00e9 muito positivo, ouso at\u00e9 dizer extraordin\u00e1rio. Pelo n\u00famero de pessoas envolvidas, nomeadamente, em termos de participantes pois tivemos em m\u00e9dia cerca de 300 pilotos em cada uma das provas. Mas, mais que isso \u00e9 perceber que a fam\u00edlia Yamaha tem uma enorme dimens\u00e3o e que \u00e9 transversal a v\u00e1rias gera\u00e7\u00f5es. Temos uma comunidade grande e alargada que se torna praticamente a nossa fam\u00edlia e \u00e9 isto que queremos para a nossa marca&#8221;, revelou Pedro Faria Country Manager YAMAHA MOTOR EUROPE N.V. &#8211; Sucursal em Portugal.<\/p>\n<p style=\"text-align: justify;\"><strong>Vencedores da 4\u00aa Prova \u2013 \u00c9vora:<\/strong><\/p>\n<p style=\"text-align: justify;\">InfantisMoto_27 Rodrigo Matos<\/p>\n<p style=\"text-align: justify;\">InfantisMoto4_587 Vasco Galo<\/p>\n<p style=\"text-align: justify;\">Iniciados Moto_61 Duarte Marques<\/p>\n<p style=\"text-align: justify;\">IniciadosMoto4_554 Tiago Cruz<\/p>\n<p style=\"text-align: justify;\">FunMoto4_187 Tiago Pires<\/p>\n<p style=\"text-align: justify;\">YZ65_913 Francisco Fernandes<\/p>\n<p style=\"text-align: justify;\">YZ85_544 Leonardo Silva<\/p>\n<p style=\"text-align: justify;\">FunBikeTTR125_758 Vasco Salgado<\/p>\n<p style=\"text-align: justify;\">Cl\u00e1ssicasCross_891 Lu\u00eds Carreira<\/p>\n<p style=\"text-align: justify;\">Super Cl\u00e1ssicas_869 Mauro Conde\u00e7a<\/p>\n<p style=\"text-align: justify;\">YZ125LC_958 Vasco Salgado<\/p>\n<p style=\"text-align: justify;\">YZ250F_255 Salvador Sampaio<\/p>\n<p style=\"text-align: justify;\">YZ450F_308 Ricardo Carvalho<\/p>\n<p style=\"text-align: justify;\">WR250F_684 Jo\u00e3o Rato<\/p>\n<p style=\"text-align: justify;\">WR450F_371 Miguel Silva<\/p>\n<p style=\"text-align: justify;\">OficiaisMoto_146 Pedro Carvalho<\/p>\n<p style=\"text-align: justify;\">VeteranosMoto_444 Helder Carvalho<\/p>\n<p style=\"text-align: justify;\">VeteranosMoto4_471 Leandro Ferreira<\/p>\n<p style=\"text-align: justify;\">450Moto4_624 Pedro Clemente<\/p>\n<p style=\"text-align: justify;\">700Moto4_706 Tiago Pires<\/p>\n<p style=\"text-align: justify;\">OficiaisMoto4_155\u00a0\u00a0Rodrigo Alves<\/p>\n<p style=\"text-align: justify;\"><strong>Campe\u00f5es do 19\u00ba Trof\u00e9u Yamaha<\/strong><\/p>\n<p style=\"text-align: justify;\">InfantisMoto_61 Duarte Marques<\/p>\n<p style=\"text-align: justify;\">InfantisMoto4_587 Vasco Galo<\/p>\n<p style=\"text-align: justify;\">Iniciados Moto_61 Duarte Marques<\/p>\n<p style=\"text-align: justify;\">IniciadosMoto4_554 Tiago Cruz<\/p>\n<p style=\"text-align: justify;\">FunMoto4_193 Bernardo Concei\u00e7\u00e3o<\/p>\n<p style=\"text-align: justify;\">YZ65_913 Francisco Fernandes<\/p>\n<p style=\"text-align: justify;\">YZ85_522 Bruno Silva<\/p>\n<p style=\"text-align: justify;\">FunBikeTTR125_758 Vasco Salgado<\/p>\n<p style=\"text-align: justify;\">Cl\u00e1ssicasCross_891 Lu\u00eds Carreira<\/p>\n<p style=\"text-align: justify;\">Super Cl\u00e1ssicas_855 Sergio Sim\u00f5es<\/p>\n<p style=\"text-align: justify;\">YZ125LC_958 Vasco Salgado<\/p>\n<p style=\"text-align: justify;\">YZ250F_255 Salvador Sampaio<\/p>\n<p style=\"text-align: justify;\">YZ450F_310 Joaquim Caeiro<\/p>\n<p style=\"text-align: justify;\">WR250F_684 Jo\u00e3o Rato<\/p>\n<p style=\"text-align: justify;\">WR450F_392 Henrique Brand\u00e3o<\/p>\n<p style=\"text-align: justify;\">OficiaisMoto_146 Pedro Carvalho<\/p>\n<p style=\"text-align: justify;\">VeteranosMoto_410 Nelson Cunha<\/p>\n<p style=\"text-align: justify;\">VeteranosMoto4_471 Leandro Ferreira<\/p>\n<p style=\"text-align: justify;\">450Moto4_624 Pedro Clemente<\/p>\n<p style=\"text-align: justify;\">700Moto4_722 Diogo Jeremias<\/p>\n<p style=\"text-align: justify;\">OficiaisMoto4_155\u00a0 Rodrigo Alves<\/p>\n<p style=\"text-align: justify;\">\n<\/div>\n<p style=\"text-align: justify;\">Informa\u00e7\u00f5es sobre o Trof\u00e9u Yamaha em:<\/p>\n<p style=\"text-align: justify;\"><a href=\"http:\/\/www.trofeuyamaha.com\/\" target=\"_blank\" rel=\"noopener noreferrer\">www.trofeuyamaha.com<\/a><\/p>\n","protected":false},"excerpt":{"rendered":"<p>\u00c9vora, cidade Patrim\u00f3nio Mundial da Unesco, recebeu a quarta e derradeira jornada da 19\u00aa edi\u00e7\u00e3o do Trof\u00e9u YAMAHA, o mais antigo trof\u00e9u de todo-o-terreno que se realiza em Portugal. \u00c0 excelente pista desenhada junto do Kart\u00f3dromo de \u00c9vora acorreram milhares de espectadores que assistiram a dez magnificas corridas que envolveram 310 pilotos divididos por 21 [&hellip;]<\/p>\n","protected":false},"author":2,"featured_media":10553,"comment_status":"closed","ping_status":"open","sticky":false,"template":"","format":"standard","meta":{"_editorskit_title_hidden":false,"_editorskit_reading_time":0,"_editorskit_is_block_options_detached":false,"_editorskit_block_options_position":"{}","om_disable_all_campaigns":false,"_monsterinsights_skip_tracking":false,"_monsterinsights_sitenote_active":false,"_monsterinsights_sitenote_note":"","_monsterinsights_sitenote_category":0,"_uf_show_specific_survey":0,"_uf_disable_surveys":false,"site-sidebar-layout":"default","site-content-layout":"","ast-site-content-layout":"default","site-content-style":"default","site-sidebar-style":"default","ast-global-header-display":"","ast-banner-title-visibility":"","ast-main-header-display":"","ast-hfb-above-header-display":"","ast-hfb-below-header-display":"","ast-hfb-mobile-header-display":"","site-post-title":"","ast-breadcrumbs-content":"","ast-featured-img":"","footer-sml-layout":"","theme-transparent-header-meta":"default","adv-header-id-meta":"","stick-header-meta":"default","header-above-stick-meta":"","header-main-stick-meta":"","header-below-stick-meta":"","astra-migrate-meta-layouts":"set","ast-page-background-enabled":"default","ast-page-background-meta":{"desktop":{"background-color":"","background-image":"","background-repeat":"repeat","background-position":"center center","background-size":"auto","background-attachment":"scroll","background-type":"","background-media":"","overlay-type":"","overlay-color":"","overlay-opacity":"","overlay-gradient":""},"tablet":{"background-color":"","background-image":"","background-repeat":"repeat","background-position":"center center","background-size":"auto","background-attachment":"scroll","background-type":"","background-media":"","overlay-type":"","overlay-color":"","overlay-opacity":"","overlay-gradient":""},"mobile":{"background-color":"","background-image":"","background-repeat":"repeat","background-position":"center center","background-size":"auto","background-attachment":"scroll","background-type":"","background-media":"","overlay-type":"","overlay-color":"","overlay-opacity":"","overlay-gradient":""}},"ast-content-background-meta":{"desktop":{"background-color":"var(--ast-global-color-5)","background-image":"","background-repeat":"repeat","background-position":"center center","background-size":"auto","background-attachment":"scroll","background-type":"","background-media":"","overlay-type":"","overlay-color":"","overlay-opacity":"","overlay-gradient":""},"tablet":{"background-color":"var(--ast-global-color-5)","background-image":"","background-repeat":"repeat","background-position":"center center","background-size":"auto","background-attachment":"scroll","background-type":"","background-media":"","overlay-type":"","overlay-color":"","overlay-opacity":"","overlay-gradient":""},"mobile":{"background-color":"var(--ast-global-color-5)","background-image":"","background-repeat":"repeat","background-position":"center center","background-size":"auto","background-attachment":"scroll","background-type":"","background-media":"","overlay-type":"","overlay-color":"","overlay-opacity":"","overlay-gradient":""}},"footnotes":""},"categories":[11],"tags":[],"class_list":["post-10548","post","type-post","status-publish","format-standard","has-post-thumbnail","hentry","category-noticias"],"aioseo_notices":[],"_links":{"self":[{"href":"https:\/\/contarotacoes.com\/index.php?rest_route=\/wp\/v2\/posts\/10548","targetHints":{"allow":["GET"]}}],"collection":[{"href":"https:\/\/contarotacoes.com\/index.php?rest_route=\/wp\/v2\/posts"}],"about":[{"href":"https:\/\/contarotacoes.com\/index.php?rest_route=\/wp\/v2\/types\/post"}],"author":[{"embeddable":true,"href":"https:\/\/contarotacoes.com\/index.php?rest_route=\/wp\/v2\/users\/2"}],"replies":[{"embeddable":true,"href":"https:\/\/contarotacoes.com\/index.php?rest_route=%2Fwp%2Fv2%2Fcomments&post=10548"}],"version-history":[{"count":1,"href":"https:\/\/contarotacoes.com\/index.php?rest_route=\/wp\/v2\/posts\/10548\/revisions"}],"predecessor-version":[{"id":10554,"href":"https:\/\/contarotacoes.com\/index.php?rest_route=\/wp\/v2\/posts\/10548\/revisions\/10554"}],"wp:featuredmedia":[{"embeddable":true,"href":"https:\/\/contarotacoes.com\/index.php?rest_route=\/wp\/v2\/media\/10553"}],"wp:attachment":[{"href":"https:\/\/contarotacoes.com\/index.php?rest_route=%2Fwp%2Fv2%2Fmedia&parent=10548"}],"wp:term":[{"taxonomy":"category","embeddable":true,"href":"https:\/\/contarotacoes.com\/index.php?rest_route=%2Fwp%2Fv2%2Fcategories&post=10548"},{"taxonomy":"post_tag","embeddable":true,"href":"https:\/\/contarotacoes.com\/index.php?rest_route=%2Fwp%2Fv2%2Ftags&post=10548"}],"curies":[{"name":"wp","href":"https:\/\/api.w.org\/{rel}","templated":true}]}}