{"id":10479,"date":"2024-10-08T21:34:45","date_gmt":"2024-10-08T21:34:45","guid":{"rendered":"https:\/\/contarotacoes.com\/?p=10479"},"modified":"2024-10-08T21:34:45","modified_gmt":"2024-10-08T21:34:45","slug":"citroen-rally-team-e-jose-pedro-fontes-querem-fechar-temporada-2024-com-vitoria-no-rally-vidreiro","status":"publish","type":"post","link":"https:\/\/contarotacoes.com\/?p=10479","title":{"rendered":"CITRO\u00cbN RALLY TEAM E JOS\u00c9 PEDRO FONTES QUEREM FECHAR TEMPORADA 2024 COM VIT\u00d3RIA NO RALLY VIDREIRO."},"content":{"rendered":"<ul>\n<li style=\"text-align: justify;\"><strong>O Rally Vidreiro Centro de Portugal marca o final da edi\u00e7\u00e3o 2024 do Campeonato de Portugal de Ralis e conta com a presen\u00e7a do Citro\u00ebn Rally Team com Jos\u00e9 Pedro Fontes e In\u00eas Ponte ao volante do Citro\u00ebn C3 Rally2.<\/strong><\/li>\n<li style=\"text-align: justify;\"><strong>A prova organizada pelo Clube Autom\u00f3vel da Marinha Grande \u00e9 um feudo do piloto da Citro\u00ebn Rally Team, com vit\u00f3rias de Jos\u00e9 Pedro Fontes em 2010, 2014, 2016, 2019 e 2022.<\/strong><\/li>\n<li style=\"text-align: justify;\"><strong>O rali que encerra a temporada 2024 conta com 9 provas especiais de classifica\u00e7\u00e3o corridas em piso de asfalto, com a extens\u00e3o de 110,32 km e um total, com liga\u00e7\u00f5es, de 417,25 km.<\/strong><\/li>\n<\/ul>\n<p style=\"text-align: justify;\">Menos de um m\u00eas depois do Rali da \u00c1gua \u2013 Transib\u00e9rico \u2013 Eurocidade Chaves\/Verin, o Citro\u00ebn Racing Team \u2013 onde conquistou o quarto lugar &#8211; volta \u00e0 competi\u00e7\u00e3o para discutir a \u00faltima prova do Campeonato de Portugal de Ralis 2024, o Rali Vidreiro Centro de Portugal, uma organiza\u00e7\u00e3o do Clube Autom\u00f3vel da Marinha Grande (CAMG), que se desenrola em pisos de asfalto, nos dias 11 e 12 de outubro. A miss\u00e3o de Jos\u00e9 Pedro Fontes e In\u00eas Ponte \u00e9 conquistar uma recordista sexta vit\u00f3ria na prova disputada nas estradas de asfalto do centro de Portugal.<\/p>\n<p style=\"text-align: justify;\">A dupla do Citro\u00ebn Racing Team tem profundo conhecimento das estradas onde se realiza a prova do CAMG, tendo Jos\u00e9 Pedro Fontes cinco vit\u00f3rias e In\u00eas Ponte quatro sucessos, num rali onde o bicampe\u00e3o de Portugal de Ralis se sente \u201cem casa\u201d. Assim sendo, Jos\u00e9 Pedro Fontes quer igualar o piloto com mais vit\u00f3rias na Marinha Grande (Adruzilo Liopes com seis triunfos) e colocar In\u00eas Ponte no p\u00f3dio dos copilotos com mais p\u00f3dios no Rali Vidreiro Centro de Portugal.<\/p>\n<p style=\"text-align: justify;\">Conhecido pelos tro\u00e7os com pisos desgastantes e velocidade elevada (m\u00e9dias quase sempre acima dos 100 km\/h), o Rali Vidreiro levar\u00e1 ao limite pilotos e m\u00e1quinas ao longo dos 110,32 km de classificativas do evento. A probabilidade de erros \u00e9 maior que em outras provas, pelo que \u00e9 necess\u00e1rio estar profundamente concentrado e comprometido para andar sem faltas neste terreno. Com as suas cinco vit\u00f3rias, Jos\u00e9 Pedro Fontes conhece como poucos esta prova que, em 2024, tem um perfil um pouco diferente.<\/p>\n<p style=\"text-align: justify;\">Mantendo o desafio de classificativas como S\u00e3o Pedro de Moel e Mata Mourisca, a prova arranca com a dupla passagem pelos 14,40 km de S\u00e3o Pedro de Moel antes da Super Especial de Alcoba\u00e7a. O derradeiro dia de prova fica quase igual com os 16,47 km de Mata Mourisca e os 10,82 km de Pombal a serem percorridos por duas vezes, ficando para o final a dupla passagem pelos 12,72 km de Alfeizer\u00e3o. Ser\u00e1 uma vers\u00e3o mais longa do tro\u00e7o e a segunda passagem ser\u00e1 a Powerstage.<\/p>\n<p style=\"text-align: justify;\">O objetivo de Jos\u00e9 Pedro Fontes e In\u00eas Ponte ser\u00e1 fechar a temporada de 2024 com chave de ouro e juntar mais uma vit\u00f3ria ao palmar\u00e9s do Citro\u00ebn Racing Team, tentando, por outro lado, finalizar a competi\u00e7\u00e3o nos tr\u00eas primeiros lugares do Campeonato de Portugal de Ralis 2024.<\/p>\n<p style=\"text-align: justify;\">Jos\u00e9 Pedro Fontes est\u00e1 motivado para \u201ctentar igualar o n\u00famero recordista de vit\u00f3ria na prova do Autom\u00f3vel Clube da Marinha Grande. Queremos terminar a temporada 2024 em alta com um triunfo e a conquista de um lugar no p\u00f3dio da competi\u00e7\u00e3o. Tudo faremos para isso, contando com um Citro\u00ebn C3 Rally2 bem preparado pela Sports&amp;You. Sabemos que os nossos rivais tamb\u00e9m querem brilhar neste fecho de temporada e, assim, resta-nos dar o nosso melhor, cientes do valor da equipa e de todos os que dela fazem parte. \u00c9, para n\u00f3s, muito importante assegurar um bom resultado neste \u00faltimo do rali do ano, ainda para mais num conjunto de tro\u00e7os que \u00e9 muito do meu agrado e no qual temos garantido ao longo dos anos diversas classifica\u00e7\u00f5es de relevo.\u201d<\/p>\n<p style=\"text-align: justify;\"><strong>O RALI VIDREIRO CENTRO DE PORTUGAL EM RESUMO*<\/strong><\/p>\n<p style=\"text-align: justify;\">Oitava prova do CPR 2024, o Rali Vidreiro Centro de Portugal, \u00e9 tamb\u00e9m pontu\u00e1vel para o Campeonato de Portugal de Ralis 2RM, Campeonato de Portugal de Cl\u00e1ssicos de Ralis e Cl\u00e1ssicos de Ralis 2RM, Campeonato de Portugal de GT, Campeonato de Portugal J\u00fanior de Ralis e Campeonato Promo de Ralis.<\/p>\n<p style=\"text-align: justify;\">A prova corre-se entre sexta-feira, dia 11 de outubro e s\u00e1bado, dia 12 de outubro, com uma estrutura composta por 2 Etapas, 6 se\u00e7\u00f5es e 9 Provas Especiais de Classifica\u00e7\u00e3o (4 percorridas por duas vezes, e uma super especial) que representam 110,32 km cronometrados, num percurso total de 417,25 km.<\/p>\n<p style=\"text-align: justify;\">Com quartel-general no Parque de Neg\u00f3cios de Alcoba\u00e7a, a sec\u00e7\u00e3o pr\u00e9-competitiva decorre na sexta-feira com os Treinos Livres (08h00 \u00e0s 09h30), Qualifica\u00e7\u00e3o (09h30 \u00e0s 10h00) e Shakedown (10h00 \u00e0s 12h30), tendo como palco o tro\u00e7o de Alcoba\u00e7a.<\/p>\n<p style=\"text-align: justify;\">A 1\u00aa Etapa e a primeira e segunda sec\u00e7\u00f5es do rali realizam-se na sexta-feira (11 de outubro) a partir das 13h45 para cumprir a passagem pelos tro\u00e7os de S\u00e3o Pedro de Moel (14,40 km \u00e0s 14h30 e 17h00) e a super especial Alcoba\u00e7a (1,50 km \u00e0s 21h00). Entre os dois primeiros tro\u00e7os h\u00e1 um Reagrupamento (Parque da Cerca Marinha Grande \u2013 1h30) e entre a primeira e a segunda se\u00e7\u00e3o h\u00e1 uma Assist\u00eancia Remota (Marinha Grande \u2013 10 min.). Antes da Super Especial h\u00e1 um reagrupamento em Alcoba\u00e7a (2h27) e, ap\u00f3s a mesma, os pilotos v\u00e3o para o Parque de Assist\u00eancias (45 min.) antes de entrar em Parque Fechado no Parque de Neg\u00f3cio de Alcoba\u00e7a \u00e0s 21h50.<\/p>\n<p style=\"text-align: justify;\">A 2\u00aa Etapa e segunda, terceira, quarta, quinta e sexta sec\u00e7\u00f5es realizam-se no s\u00e1bado (12 de outubro) a partir das 07h40 para cumprir a dupla passagem pelas classificativas de Mata Mourisca (16,47 km \u00e0s 09h00 e \u00e0s 11h30), Pombal (10,82 km \u00e0s 09h40 e 12h10) e Alfeizer\u00e3o (12,72 km \u00e0s 15h00 e 17h00), sendo a segunda passagem por esta classificativa a PowerStage. Haver\u00e1 uma passagem pelo Parque de Assist\u00eancia (Parque de Neg\u00f3cio de Alcoba\u00e7a) antes da primeira classificativa (15 min.), entre a quarta e a quinta sec\u00e7\u00f5es (30 min.) e duas assist\u00eancias remotas entre a terceira e quarta sec\u00e7\u00f5es (Pombal, 15 min.) e entre a quinta e sexta sec\u00e7\u00f5es (S\u00e3o Martinho do Porto, 15 min.). H\u00e1 Reagrupamentos no final da terceira sec\u00e7\u00e3o (Pombal, 20 min.), no final da quarta sec\u00e7\u00e3o (Alcoba\u00e7a, 20 min.) e antes da Powerstage (S\u00e3o Martinho do Porto, 15 min.) e entrada em Parque Fechado (Parque de Neg\u00f3cios de Alcoba\u00e7a, 18h00). A cerim\u00f3nia do P\u00f3dio ser\u00e1 realizada no Mosteiro de Alcoba\u00e7a \u00e0s 19h00.<\/p>\n<p style=\"text-align: justify;\"><em>* Nota: As horas indicadas referem-se ao primeiro carro na estrada.<\/em><\/p>\n","protected":false},"excerpt":{"rendered":"<p>O Rally Vidreiro Centro de Portugal marca o final da edi\u00e7\u00e3o 2024 do Campeonato de Portugal de Ralis e conta com a presen\u00e7a do Citro\u00ebn Rally Team com Jos\u00e9 Pedro Fontes e In\u00eas Ponte ao volante do Citro\u00ebn C3 Rally2. A prova organizada pelo Clube Autom\u00f3vel da Marinha Grande \u00e9 um feudo do piloto da [&hellip;]<\/p>\n","protected":false},"author":2,"featured_media":10487,"comment_status":"closed","ping_status":"open","sticky":false,"template":"","format":"standard","meta":{"_editorskit_title_hidden":false,"_editorskit_reading_time":0,"_editorskit_is_block_options_detached":false,"_editorskit_block_options_position":"{}","om_disable_all_campaigns":false,"_monsterinsights_skip_tracking":false,"_monsterinsights_sitenote_active":false,"_monsterinsights_sitenote_note":"","_monsterinsights_sitenote_category":0,"_uf_show_specific_survey":0,"_uf_disable_surveys":false,"site-sidebar-layout":"default","site-content-layout":"","ast-site-content-layout":"default","site-content-style":"default","site-sidebar-style":"default","ast-global-header-display":"","ast-banner-title-visibility":"","ast-main-header-display":"","ast-hfb-above-header-display":"","ast-hfb-below-header-display":"","ast-hfb-mobile-header-display":"","site-post-title":"","ast-breadcrumbs-content":"","ast-featured-img":"","footer-sml-layout":"","theme-transparent-header-meta":"default","adv-header-id-meta":"","stick-header-meta":"default","header-above-stick-meta":"","header-main-stick-meta":"","header-below-stick-meta":"","astra-migrate-meta-layouts":"set","ast-page-background-enabled":"default","ast-page-background-meta":{"desktop":{"background-color":"","background-image":"","background-repeat":"repeat","background-position":"center center","background-size":"auto","background-attachment":"scroll","background-type":"","background-media":"","overlay-type":"","overlay-color":"","overlay-opacity":"","overlay-gradient":""},"tablet":{"background-color":"","background-image":"","background-repeat":"repeat","background-position":"center center","background-size":"auto","background-attachment":"scroll","background-type":"","background-media":"","overlay-type":"","overlay-color":"","overlay-opacity":"","overlay-gradient":""},"mobile":{"background-color":"","background-image":"","background-repeat":"repeat","background-position":"center center","background-size":"auto","background-attachment":"scroll","background-type":"","background-media":"","overlay-type":"","overlay-color":"","overlay-opacity":"","overlay-gradient":""}},"ast-content-background-meta":{"desktop":{"background-color":"var(--ast-global-color-5)","background-image":"","background-repeat":"repeat","background-position":"center center","background-size":"auto","background-attachment":"scroll","background-type":"","background-media":"","overlay-type":"","overlay-color":"","overlay-opacity":"","overlay-gradient":""},"tablet":{"background-color":"var(--ast-global-color-5)","background-image":"","background-repeat":"repeat","background-position":"center center","background-size":"auto","background-attachment":"scroll","background-type":"","background-media":"","overlay-type":"","overlay-color":"","overlay-opacity":"","overlay-gradient":""},"mobile":{"background-color":"var(--ast-global-color-5)","background-image":"","background-repeat":"repeat","background-position":"center center","background-size":"auto","background-attachment":"scroll","background-type":"","background-media":"","overlay-type":"","overlay-color":"","overlay-opacity":"","overlay-gradient":""}},"footnotes":""},"categories":[11],"tags":[],"class_list":["post-10479","post","type-post","status-publish","format-standard","has-post-thumbnail","hentry","category-noticias"],"aioseo_notices":[],"_links":{"self":[{"href":"https:\/\/contarotacoes.com\/index.php?rest_route=\/wp\/v2\/posts\/10479","targetHints":{"allow":["GET"]}}],"collection":[{"href":"https:\/\/contarotacoes.com\/index.php?rest_route=\/wp\/v2\/posts"}],"about":[{"href":"https:\/\/contarotacoes.com\/index.php?rest_route=\/wp\/v2\/types\/post"}],"author":[{"embeddable":true,"href":"https:\/\/contarotacoes.com\/index.php?rest_route=\/wp\/v2\/users\/2"}],"replies":[{"embeddable":true,"href":"https:\/\/contarotacoes.com\/index.php?rest_route=%2Fwp%2Fv2%2Fcomments&post=10479"}],"version-history":[{"count":1,"href":"https:\/\/contarotacoes.com\/index.php?rest_route=\/wp\/v2\/posts\/10479\/revisions"}],"predecessor-version":[{"id":10488,"href":"https:\/\/contarotacoes.com\/index.php?rest_route=\/wp\/v2\/posts\/10479\/revisions\/10488"}],"wp:featuredmedia":[{"embeddable":true,"href":"https:\/\/contarotacoes.com\/index.php?rest_route=\/wp\/v2\/media\/10487"}],"wp:attachment":[{"href":"https:\/\/contarotacoes.com\/index.php?rest_route=%2Fwp%2Fv2%2Fmedia&parent=10479"}],"wp:term":[{"taxonomy":"category","embeddable":true,"href":"https:\/\/contarotacoes.com\/index.php?rest_route=%2Fwp%2Fv2%2Fcategories&post=10479"},{"taxonomy":"post_tag","embeddable":true,"href":"https:\/\/contarotacoes.com\/index.php?rest_route=%2Fwp%2Fv2%2Ftags&post=10479"}],"curies":[{"name":"wp","href":"https:\/\/api.w.org\/{rel}","templated":true}]}}