{"id":10264,"date":"2024-10-01T20:23:06","date_gmt":"2024-10-01T20:23:06","guid":{"rendered":"https:\/\/contarotacoes.com\/?p=10264"},"modified":"2024-10-01T20:23:06","modified_gmt":"2024-10-01T20:23:06","slug":"portugal-em-9o-lugar-no-supermoto-das-nacoes","status":"publish","type":"post","link":"https:\/\/contarotacoes.com\/?p=10264","title":{"rendered":"Portugal em 9\u00ba lugar no Supermoto das Na\u00e7\u00f5es"},"content":{"rendered":"<p style=\"text-align: justify;\">A Sele\u00e7\u00e3o Nacional presente no Supermoto das Na\u00e7\u00f5es em Carole, Fran\u00e7a, terminou no 9\u00ba lugar entre as forma\u00e7\u00f5es seniores.<\/p>\n<p style=\"text-align: justify;\">No passado fim de semana o Supermoto das Na\u00e7\u00f5es 2024 visitou uma vez mais o tra\u00e7ado de Carole, perto de Paris, com a Federa\u00e7\u00e3o de Motociclismo de Portugal a inscrever uma sele\u00e7\u00e3o s\u00e9nior formada por Sebasti\u00e1n Gil, Eduardo Patr\u00edcio e Afonso Cruz.<br \/>\nO circuito de 2.120 metros de per\u00edmetro contava com uma zona off-road de 455 metros, embora os treinos livres tenham decorrido sem esta zona, alagada pelas chuvas que ca\u00edram no dias anteriores \u00e0 prova. Os treinos livres foram usados para conhecer a pista e testar afina\u00e7\u00f5es. Com a temperatura ambiente nos 8 graus (12 graus no domingo, dia das corridas), o asfalto estava com uma ader\u00eancia problem\u00e1tica para os pneus slick (pneu \u00fanico Metzeler, sem op\u00e7\u00f5es em termos de rigidez) e, n\u00e3o estando o piso molhado, os pneus de chuva tamb\u00e9m n\u00e3o eram obviamente uma op\u00e7\u00e3o.<\/p>\n<p style=\"text-align: justify;\">Nas qualifica\u00e7\u00f5es, j\u00e1 com a zona de terra operacional, os pilotos partiram para a luta contra o cron\u00f3metro. Na corrida de qualifica\u00e7\u00e3o os pilotos lusos rodaram de forma consistente, mas uma penaliza\u00e7\u00e3o de 15s por falsa partida para Sebasti\u00e1n Gil qualificou a equipa em 14\u00ba lugar.<br \/>\nNo domingo, Afonso Cruz fez um bom arranque na corrida 1 , acabando por descer na classifica\u00e7\u00e3o, com Sebasti\u00e1n Gil a cair na primeira curva ap\u00f3s sofrer um toque mais forte, vindo a terminar em 24\u00ba, \u00e0 frente de Afonso Cruz.<\/p>\n<p style=\"text-align: justify;\">A segunda corrida foi marcada pelo bom ritmo de Gil, que o fez melhorar 3 segundos aos seus tempos anteriores, terminando em 18\u00ba lugar (em 28 pilotos). Eduardo Patr\u00edcio teve uma queda na zona de terra, partiu o pedal de trav\u00e3o e foi surpreendido por dores de uma les\u00e3o antiga, o que n\u00e3o o impediu de lutar at\u00e9 ao fim da corrida.<br \/>\nNa derradeira corrida do dia, tanto Eduardo Patr\u00edcio como Afonso Cruz imprimiram um bom ritmo, ambos melhorando os seus tempos, embora n\u00e3o tenham escapado \u00e0 cauda da tabela.<\/p>\n<p style=\"text-align: justify;\">Apesar das dificuldades e da grande diferen\u00e7a de meios (performance das motos, n\u00famero de pneus dispon\u00edveis, etc.) e experi\u00eancia entre os pilotos de topo e o trio luso, o fim de semana acabou por ser positivo. Os pilotos portugueses mostraram estar \u00e0 altura do desafio, trabalharam em equipa e conseguiram evoluir juntos, melhorando o seu ritmo cada vez que entraram em pista, em condi\u00e7\u00f5es tornadas dif\u00edceis pelo frio e pelo vento, com velocidades elevadas e travagens fortes, a que n\u00e3o est\u00e3o habituados nos curtos tra\u00e7ados em que se disputa o Campeonato Nacional.<\/p>\n<p style=\"text-align: justify;\">Na frente, a superfavorita equipa da casa, a Fran\u00e7a (Thomas Chareyre, Sylvain Bidart e Steve Bonnal), conquistou um hist\u00f3rico 10\u00ba triunfo consecutivo, a que se acrescenta a vit\u00f3ria entre os juniores. \u00c1ustria e Alemanha completaram o p\u00f3dio na competi\u00e7\u00e3o s\u00e9nior, com Portugal em 9\u00ba lugar, \u00e0 frente da Rep\u00fablica Checa.<\/p>\n<p style=\"text-align: justify;\">Fotos:\u00a0Delarbre Photography<\/p>\n","protected":false},"excerpt":{"rendered":"<p>A Sele\u00e7\u00e3o Nacional presente no Supermoto das Na\u00e7\u00f5es em Carole, Fran\u00e7a, terminou no 9\u00ba lugar entre as forma\u00e7\u00f5es seniores. No passado fim de semana o Supermoto das Na\u00e7\u00f5es 2024 visitou uma vez mais o tra\u00e7ado de Carole, perto de Paris, com a Federa\u00e7\u00e3o de Motociclismo de Portugal a inscrever uma sele\u00e7\u00e3o s\u00e9nior formada por Sebasti\u00e1n [&hellip;]<\/p>\n","protected":false},"author":2,"featured_media":10265,"comment_status":"closed","ping_status":"open","sticky":false,"template":"","format":"standard","meta":{"_editorskit_title_hidden":false,"_editorskit_reading_time":0,"_editorskit_is_block_options_detached":false,"_editorskit_block_options_position":"{}","om_disable_all_campaigns":false,"_monsterinsights_skip_tracking":false,"_monsterinsights_sitenote_active":false,"_monsterinsights_sitenote_note":"","_monsterinsights_sitenote_category":0,"_uf_show_specific_survey":0,"_uf_disable_surveys":false,"site-sidebar-layout":"default","site-content-layout":"","ast-site-content-layout":"default","site-content-style":"default","site-sidebar-style":"default","ast-global-header-display":"","ast-banner-title-visibility":"","ast-main-header-display":"","ast-hfb-above-header-display":"","ast-hfb-below-header-display":"","ast-hfb-mobile-header-display":"","site-post-title":"","ast-breadcrumbs-content":"","ast-featured-img":"","footer-sml-layout":"","theme-transparent-header-meta":"default","adv-header-id-meta":"","stick-header-meta":"default","header-above-stick-meta":"","header-main-stick-meta":"","header-below-stick-meta":"","astra-migrate-meta-layouts":"set","ast-page-background-enabled":"default","ast-page-background-meta":{"desktop":{"background-color":"","background-image":"","background-repeat":"repeat","background-position":"center center","background-size":"auto","background-attachment":"scroll","background-type":"","background-media":"","overlay-type":"","overlay-color":"","overlay-opacity":"","overlay-gradient":""},"tablet":{"background-color":"","background-image":"","background-repeat":"repeat","background-position":"center center","background-size":"auto","background-attachment":"scroll","background-type":"","background-media":"","overlay-type":"","overlay-color":"","overlay-opacity":"","overlay-gradient":""},"mobile":{"background-color":"","background-image":"","background-repeat":"repeat","background-position":"center center","background-size":"auto","background-attachment":"scroll","background-type":"","background-media":"","overlay-type":"","overlay-color":"","overlay-opacity":"","overlay-gradient":""}},"ast-content-background-meta":{"desktop":{"background-color":"var(--ast-global-color-5)","background-image":"","background-repeat":"repeat","background-position":"center center","background-size":"auto","background-attachment":"scroll","background-type":"","background-media":"","overlay-type":"","overlay-color":"","overlay-opacity":"","overlay-gradient":""},"tablet":{"background-color":"var(--ast-global-color-5)","background-image":"","background-repeat":"repeat","background-position":"center center","background-size":"auto","background-attachment":"scroll","background-type":"","background-media":"","overlay-type":"","overlay-color":"","overlay-opacity":"","overlay-gradient":""},"mobile":{"background-color":"var(--ast-global-color-5)","background-image":"","background-repeat":"repeat","background-position":"center center","background-size":"auto","background-attachment":"scroll","background-type":"","background-media":"","overlay-type":"","overlay-color":"","overlay-opacity":"","overlay-gradient":""}},"footnotes":""},"categories":[11],"tags":[],"class_list":["post-10264","post","type-post","status-publish","format-standard","has-post-thumbnail","hentry","category-noticias"],"aioseo_notices":[],"_links":{"self":[{"href":"https:\/\/contarotacoes.com\/index.php?rest_route=\/wp\/v2\/posts\/10264","targetHints":{"allow":["GET"]}}],"collection":[{"href":"https:\/\/contarotacoes.com\/index.php?rest_route=\/wp\/v2\/posts"}],"about":[{"href":"https:\/\/contarotacoes.com\/index.php?rest_route=\/wp\/v2\/types\/post"}],"author":[{"embeddable":true,"href":"https:\/\/contarotacoes.com\/index.php?rest_route=\/wp\/v2\/users\/2"}],"replies":[{"embeddable":true,"href":"https:\/\/contarotacoes.com\/index.php?rest_route=%2Fwp%2Fv2%2Fcomments&post=10264"}],"version-history":[{"count":1,"href":"https:\/\/contarotacoes.com\/index.php?rest_route=\/wp\/v2\/posts\/10264\/revisions"}],"predecessor-version":[{"id":10266,"href":"https:\/\/contarotacoes.com\/index.php?rest_route=\/wp\/v2\/posts\/10264\/revisions\/10266"}],"wp:featuredmedia":[{"embeddable":true,"href":"https:\/\/contarotacoes.com\/index.php?rest_route=\/wp\/v2\/media\/10265"}],"wp:attachment":[{"href":"https:\/\/contarotacoes.com\/index.php?rest_route=%2Fwp%2Fv2%2Fmedia&parent=10264"}],"wp:term":[{"taxonomy":"category","embeddable":true,"href":"https:\/\/contarotacoes.com\/index.php?rest_route=%2Fwp%2Fv2%2Fcategories&post=10264"},{"taxonomy":"post_tag","embeddable":true,"href":"https:\/\/contarotacoes.com\/index.php?rest_route=%2Fwp%2Fv2%2Ftags&post=10264"}],"curies":[{"name":"wp","href":"https:\/\/api.w.org\/{rel}","templated":true}]}}