{"id":10030,"date":"2024-09-25T09:54:29","date_gmt":"2024-09-25T09:54:29","guid":{"rendered":"https:\/\/contarotacoes.com\/?p=10030"},"modified":"2024-09-25T20:57:22","modified_gmt":"2024-09-25T20:57:22","slug":"rally-de-portugal-historico-ruma-hoje-a-viseu-com-passagem-em-arganil","status":"publish","type":"post","link":"https:\/\/contarotacoes.com\/?p=10030","title":{"rendered":"Rally de Portugal Hist\u00f3rico ruma hoje a Viseu com passagem em Arganil"},"content":{"rendered":"<p style=\"text-align: justify;\">A segunda etapa do Rally de Portugal Hist\u00f3rico vai ligar, hoje, a Figueira da Foz e Viseu, com passagem pelas famosas especiais de Arganil. Prova do Autom\u00f3vel Club de Portugal leva 68 equipas a um percurso total de 1.900 quil\u00f3metros, incluindo tro\u00e7os hist\u00f3ricos do Rally de Portugal.<br \/>\nO pelot\u00e3o do Rally de Portugal Hist\u00f3rico vai percorrer, esta quarta-feira, algumas das mais famosas estradas da regi\u00e3o Centro, numa etapa que liga a Figueira da Foz a Viseu. Depois de, ontem, os 68 concorrentes terem partido de Sintra em dire\u00e7\u00e3o \u00e0 Figueira da Foz, hoje v\u00e3o percorrer 259,82 quil\u00f3metros at\u00e9 \u00e0 cidade de Viriato, com passagem pela emblem\u00e1tica zona de Arganil, um dos locais mais famosos do Rally de Portugal, a partir das 13h10.<br \/>\nA chegada a Viseu, imediatamente antecedida por passagens em Seia e Nelas, est\u00e1 prevista para as 19h30, concluindo uma etapa com 183,28 quil\u00f3metros de especiais de regularidade.<br \/>\n<strong>Belgas lideram a abrir<\/strong><br \/>\nOntem, as condi\u00e7\u00f5es atmosf\u00e9ricas dificultaram a tarefa das equipas que partiram da Praia de Magoito, em Sintra, concelho que receber\u00e1 tamb\u00e9m a chegada da prova, \u00e0s primeiras horas da madrugada do pr\u00f3ximo s\u00e1bado.<br \/>\nAp\u00f3s a derradeira especial do dia, na Figueira da Foz (SS5), os belgas Ruben Maes e Yves Noelanders estavam na frente da classifica\u00e7\u00e3o, com o seu Porsche 914\/6. A apenas 0,4 pontos da dupla belga, no segundo lugar, estavam os recordistas de vit\u00f3rias na prova, os compatriotas Yves Deflandres e Jennifer Hugo (Porsche 911), com o franc\u00eas Christophe Baillet, navegado por Jean-Marc Piret, no terceiro lugar, noutro Porsche 911. O carro alem\u00e3o dominou as opera\u00e7\u00f5es na primeira etapa e a melhor equipa portuguesa surge no quarto lugar, Jos\u00e9 Carvalhosa e Ant\u00f3nio Caldeira, aos comandos de outro Porsche 911.<br \/>\nConsiderado uma das mais importantes provas de regularidade hist\u00f3rica da Europa, o Rally de Portugal Hist\u00f3rico tem equipas de nove pa\u00edses e um pelot\u00e3o com autom\u00f3veis hist\u00f3ricos, constru\u00eddos entre 1957 e 1990.<br \/>\nPROGRAMA<br \/>\n<strong>2\u00aa etapa | 25 de setembro<\/strong><br \/>\n08h00 \u2013 Partida da Figueira da Foz (Avenida do Brasil)<br \/>\n13h35\/15h30 \u2013 Reagrupamento em Arganil (Antiga Cer\u00e2mica Arganilense)<br \/>\n15h40 \u2013 Rampa de Montalto<br \/>\n19h30\/23h30 \u2013 Chegada e assist\u00eancia em Viseu (Montebelo Viseu Congress Hotel &amp; Spa)<br \/>\n<strong>3\u00aa etapa | 26 de setembro<\/strong><br \/>\n08h00 \u2013 Partida de Viseu (Montebelo Viseu Congress Hotel &amp; Spa)<br \/>\n11h10 \u2013 SS Circuito de Lousada<br \/>\n11h22 \u2013 Passagem junto \u00e0 C\u00e2mara Municipal de Lousada<br \/>\n13h00\/15h00 \u2013 Reagrupamento em Fafe (Quinta do Gandi\u00e3o)<br \/>\n19h15\/20h45 \u2013 Reagrupamento em Lamego (Para\u00edso do Douro)<br \/>\n21h00 \u2013 Rampa de Lamego<br \/>\n23h00 \u2013 Chegada a Viseu (Montebelo Viseu Congress Hotel &amp; Spa)<br \/>\n<strong>4\u00ba etapa | 27 de setembro<\/strong><br \/>\n08h00 \u2013 Partida de Viseu (Montebelo Viseu Congress Hotel &amp; Spa)<br \/>\n13h00\/14h30 \u2013 Reagrupamento em Coimbra (Est\u00e1dio Universit\u00e1rio)<br \/>\n18h30\/21h00 \u2013 SS Leiria Street Circuito (Est\u00e1dio Municipal Dr. Magalh\u00e3es Pessoa) e reagrupamento<br \/>\n23h55 \u2013 Passagem em S\u00e3o Pedro de Sintra<br \/>\n00h35 \u2013 Reagrupamento em Sintra (Pal\u00e1cio Nacional)<br \/>\n01h27 \u2013 Chegada a Sintra (Hotel Vila Gal\u00e9 Sintra)<\/p>\n","protected":false},"excerpt":{"rendered":"<p>A segunda etapa do Rally de Portugal Hist\u00f3rico vai ligar, hoje, a Figueira da Foz e Viseu, com passagem pelas famosas especiais de Arganil. Prova do Autom\u00f3vel Club de Portugal leva 68 equipas a um percurso total de 1.900 quil\u00f3metros, incluindo tro\u00e7os hist\u00f3ricos do Rally de Portugal. O pelot\u00e3o do Rally de Portugal Hist\u00f3rico vai [&hellip;]<\/p>\n","protected":false},"author":2,"featured_media":10031,"comment_status":"closed","ping_status":"open","sticky":false,"template":"","format":"standard","meta":{"_editorskit_title_hidden":false,"_editorskit_reading_time":0,"_editorskit_is_block_options_detached":false,"_editorskit_block_options_position":"{}","om_disable_all_campaigns":false,"_monsterinsights_skip_tracking":false,"_monsterinsights_sitenote_active":false,"_monsterinsights_sitenote_note":"","_monsterinsights_sitenote_category":0,"_uf_show_specific_survey":0,"_uf_disable_surveys":false,"site-sidebar-layout":"default","site-content-layout":"","ast-site-content-layout":"default","site-content-style":"default","site-sidebar-style":"default","ast-global-header-display":"","ast-banner-title-visibility":"","ast-main-header-display":"","ast-hfb-above-header-display":"","ast-hfb-below-header-display":"","ast-hfb-mobile-header-display":"","site-post-title":"","ast-breadcrumbs-content":"","ast-featured-img":"","footer-sml-layout":"","theme-transparent-header-meta":"default","adv-header-id-meta":"","stick-header-meta":"default","header-above-stick-meta":"","header-main-stick-meta":"","header-below-stick-meta":"","astra-migrate-meta-layouts":"set","ast-page-background-enabled":"default","ast-page-background-meta":{"desktop":{"background-color":"","background-image":"","background-repeat":"repeat","background-position":"center center","background-size":"auto","background-attachment":"scroll","background-type":"","background-media":"","overlay-type":"","overlay-color":"","overlay-opacity":"","overlay-gradient":""},"tablet":{"background-color":"","background-image":"","background-repeat":"repeat","background-position":"center center","background-size":"auto","background-attachment":"scroll","background-type":"","background-media":"","overlay-type":"","overlay-color":"","overlay-opacity":"","overlay-gradient":""},"mobile":{"background-color":"","background-image":"","background-repeat":"repeat","background-position":"center center","background-size":"auto","background-attachment":"scroll","background-type":"","background-media":"","overlay-type":"","overlay-color":"","overlay-opacity":"","overlay-gradient":""}},"ast-content-background-meta":{"desktop":{"background-color":"var(--ast-global-color-5)","background-image":"","background-repeat":"repeat","background-position":"center center","background-size":"auto","background-attachment":"scroll","background-type":"","background-media":"","overlay-type":"","overlay-color":"","overlay-opacity":"","overlay-gradient":""},"tablet":{"background-color":"var(--ast-global-color-5)","background-image":"","background-repeat":"repeat","background-position":"center center","background-size":"auto","background-attachment":"scroll","background-type":"","background-media":"","overlay-type":"","overlay-color":"","overlay-opacity":"","overlay-gradient":""},"mobile":{"background-color":"var(--ast-global-color-5)","background-image":"","background-repeat":"repeat","background-position":"center center","background-size":"auto","background-attachment":"scroll","background-type":"","background-media":"","overlay-type":"","overlay-color":"","overlay-opacity":"","overlay-gradient":""}},"footnotes":""},"categories":[11],"tags":[],"class_list":["post-10030","post","type-post","status-publish","format-standard","has-post-thumbnail","hentry","category-noticias"],"aioseo_notices":[],"_links":{"self":[{"href":"https:\/\/contarotacoes.com\/index.php?rest_route=\/wp\/v2\/posts\/10030","targetHints":{"allow":["GET"]}}],"collection":[{"href":"https:\/\/contarotacoes.com\/index.php?rest_route=\/wp\/v2\/posts"}],"about":[{"href":"https:\/\/contarotacoes.com\/index.php?rest_route=\/wp\/v2\/types\/post"}],"author":[{"embeddable":true,"href":"https:\/\/contarotacoes.com\/index.php?rest_route=\/wp\/v2\/users\/2"}],"replies":[{"embeddable":true,"href":"https:\/\/contarotacoes.com\/index.php?rest_route=%2Fwp%2Fv2%2Fcomments&post=10030"}],"version-history":[{"count":1,"href":"https:\/\/contarotacoes.com\/index.php?rest_route=\/wp\/v2\/posts\/10030\/revisions"}],"predecessor-version":[{"id":10032,"href":"https:\/\/contarotacoes.com\/index.php?rest_route=\/wp\/v2\/posts\/10030\/revisions\/10032"}],"wp:featuredmedia":[{"embeddable":true,"href":"https:\/\/contarotacoes.com\/index.php?rest_route=\/wp\/v2\/media\/10031"}],"wp:attachment":[{"href":"https:\/\/contarotacoes.com\/index.php?rest_route=%2Fwp%2Fv2%2Fmedia&parent=10030"}],"wp:term":[{"taxonomy":"category","embeddable":true,"href":"https:\/\/contarotacoes.com\/index.php?rest_route=%2Fwp%2Fv2%2Fcategories&post=10030"},{"taxonomy":"post_tag","embeddable":true,"href":"https:\/\/contarotacoes.com\/index.php?rest_route=%2Fwp%2Fv2%2Ftags&post=10030"}],"curies":[{"name":"wp","href":"https:\/\/api.w.org\/{rel}","templated":true}]}}