{"id":10001,"date":"2024-09-24T20:37:50","date_gmt":"2024-09-24T20:37:50","guid":{"rendered":"https:\/\/contarotacoes.com\/?p=10001"},"modified":"2024-09-24T20:37:50","modified_gmt":"2024-09-24T20:37:50","slug":"rally-de-fafe-nova-prova-em-asfalto-no-arranque-de-um-novo-ciclo","status":"publish","type":"post","link":"https:\/\/contarotacoes.com\/?p=10001","title":{"rendered":"Rally de Fafe: &#8220;nova&#8221; prova em asfalto no arranque de um novo ciclo"},"content":{"rendered":"<ul>\n<li style=\"text-align: justify;\"><strong>Prova do Demoporto (4\/5 outubro) ser\u00e1 pontu\u00e1vel no Campeonatode Portugal de Cl\u00e1ssicos e ainda no Campeonato Start Norte<\/strong><\/li>\n<\/ul>\n<p style=\"text-align: justify;\">Os ralis estar\u00e3o de regresso a Fafe no primeiro fim de semana (dias 4 e 5) de outubro pr\u00f3ximo, para receber o Campeonato de Portugal de Cl\u00e1ssicos e o Campeonato Start Norte, num evento em pisos de asfalto que ao longo de v\u00e1rias \u00e9pocas teve a designa\u00e7\u00e3o de Montelongo e agora muda para Rally de Fafe. Trata-se do in\u00edcio de uma nova era de ralis no concelho que se tornou c\u00e9lebre, a n\u00edvel nacional e internacional, por acolher competi\u00e7\u00f5es daquela modalidade do desporto autom\u00f3vel.<\/p>\n<p style=\"text-align: justify;\">\u201cO Rali de Montelongo teve um grande sucesso ao longo dos anos, chegou a ter uma edi\u00e7\u00e3o no Europeu, o que foi extraordin\u00e1rio. Veio demonstrar que em asfalto Fafe tem, de igual modo, classificativas do mais alto n\u00edvel. O que pretendemos com este Rally de Fafe \u00e9, digamos, come\u00e7ar de novo, em termos de ralis de asfalto. Temos um rali de terra que est\u00e1 perfeitamente consolidado, tanto a n\u00edvel nacional como internacional, \u00e9 a prova [Serras de Fafe] de abertura do Campeonato de Portugal com uma envolv\u00eancia, maior ou menor, de outros munic\u00edpios e agora desejamos, depois de algumas experi\u00eancias que fizemos \u2013 ERC e prova candidata ao Europeu de Cl\u00e1ssicos por mais de uma vez \u2013, come\u00e7ar de novo. Este ser\u00e1 o primeiro ano de um novo ciclo de um rali que sendo em asfalto representar\u00e1 Fafe no panorama do automobilismo e dos ralis em particular. Ser\u00e1 Fafe n\u00e3o apenas cidade, mas o concelho no seu todo\u201d, explica Parc\u00eddio Summavielle, vice-presidente da autarquia de Fafe.<\/p>\n<p style=\"text-align: justify;\">Ainda relativamente \u00e0 designa\u00e7\u00e3o deste rali em pisos de asfalto, o mesmo respons\u00e1vel fez quest\u00e3o de acrescentar:<\/p>\n<p style=\"text-align: justify;\">\u201cPara al\u00e9m do mais, embora hoje muita gente, sobretudo do desporto autom\u00f3vel, associe o nome Montelongo a Fafe, a verdade \u00e9 que para o cidad\u00e3o comum Montelongo n\u00e3o \u00e9 f\u00e1cil de associar \u00e0 cidade e ao seu concelho. Portanto, n\u00f3s temos aqui uma dupla vertente: a primeira, desportiva, e esta, do ponto de vista mais promocional. Essas foram as duas principais raz\u00f5es que nos levaram a propor \u00e0 Demoporto construir, em termos de ralis em asfalto, uma estrutura diferente. Este ano, ela enquadra-se, essencialmente, no Campeonato Start Norte e foi necess\u00e1rio criar um rali que pudesse ser atrativo, mais curto, mais f\u00e1cil de treinar, competitivo e apelativo. Poderemos n\u00e3o ter sido felizes na data, mas foi a poss\u00edvel e adot\u00e1mo-la. \u00c9 poss\u00edvel que no futuro venha a ser alterada\u2026\u201d<\/p>\n<p style=\"text-align: justify;\">Organizado pelo Demoporto \u2013 Clube de Desportos Motorizados do Porto, o Rally de Fafe apresenta uma estrutura bastante simples e compacta, em que no primeiro dia a \u201ctradicional\u201d super-especial \u00e9 substitu\u00edda por um tro\u00e7o bem conhecido (Montim) e localizado \u00e0s portas da cidade, no intuito de atrair p\u00fablico. Depois, no s\u00e1bado, em que haver\u00e1 duas passagens por tr\u00eas classificativas (V\u00e1rzea Cova, Lagoa\/Gontim e Barragem da Queimadela), o intervalo \u00e0 hora de almo\u00e7o, quando se realiza o reagrupamento na Pra\u00e7a M\u00e1rtires do Fascismo (Feira Velha), \u00e9 bastante alargado. Tal permitir\u00e1 um contacto mais estreito dos espetadores com os pilotos e m\u00e1quinas.<\/p>\n<p style=\"text-align: justify;\">Com um \u201cestatuto\u201d especial conquistado, ao longo dos anos, junto dos pilotos dos Cl\u00e1ssicos e depois de na edi\u00e7\u00e3o anterior ter sido um dos mais participados desse mesmo Campeonato, espera-se que volte agora a honrar tais pergaminhos, sendo de prever, igualmente, uma forte ades\u00e3o dos pilotos do Campeonato Start Norte.<\/p>\n<p style=\"text-align: justify;\">As inscri\u00e7\u00f5es encerram \u00e0s 24h00 do pr\u00f3ximo dia 26 deste m\u00eas de setembro.<\/p>\n<p style=\"text-align: justify;\">Programa\/Hor\u00e1rio<\/p>\n<p style=\"text-align: justify;\"><strong>SEXTA-FEIRA (4 outubro)<\/strong><\/p>\n<p style=\"text-align: justify;\">Partida (C\u00e2mara Municipal de Fafe)\u00a0\u00a0\u00a0\u00a0\u00a0\u00a0\u00a0\u00a0\u00a0\u00a0\u00a0\u00a0\u00a0\u00a0\u00a0\u00a0\u00a0\u00a0\u00a0\u00a0\u00a0\u00a0\u00a0\u00a0\u00a0\u00a0\u00a0\u00a0\u00a0\u00a0\u00a0\u00a0\u00a0\u00a0\u00a0\u00a0\u00a0\u00a0\u00a0\u00a0 \u00a0\u00a0\u00a0\u00a0\u00a0\u00a0\u00a0\u00a0\u00a0\u00a0\u00a0 18h45<\/p>\n<p style=\"text-align: justify;\">Entrada no Parque de Assist\u00eancia (Pra\u00e7a das Comunidades)\u00a0\u00a0\u00a0\u00a0\u00a0\u00a0\u00a0 18h57<\/p>\n<p style=\"text-align: justify;\">Sa\u00edda do Parque de Assist\u00eancia (Pra\u00e7a das Comunidades)\u00a0\u00a0\u00a0\u00a0\u00a0\u00a0\u00a0\u00a0\u00a0\u00a0 19h12<\/p>\n<p style=\"text-align: justify;\">PEC 1 \u2013 Montim 1 (6,03 km)\u00a0\u00a0\u00a0\u00a0\u00a0\u00a0\u00a0\u00a0\u00a0\u00a0\u00a0\u00a0\u00a0\u00a0\u00a0\u00a0\u00a0\u00a0\u00a0\u00a0\u00a0\u00a0\u00a0\u00a0\u00a0\u00a0\u00a0\u00a0\u00a0\u00a0\u00a0\u00a0\u00a0\u00a0\u00a0\u00a0\u00a0\u00a0\u00a0\u00a0\u00a0\u00a0\u00a0\u00a0\u00a0\u00a0\u00a0\u00a0\u00a0\u00a0\u00a0\u00a0\u00a0\u00a0\u00a0\u00a0\u00a0\u00a0\u00a0\u00a0\u00a0\u00a0\u00a0 19h45<\/p>\n<p style=\"text-align: justify;\">Entrada no Parque de Assist\u00eancia (Pra\u00e7a das Comunidades)\u00a0\u00a0\u00a0\u00a0\u00a0\u00a0\u00a0 20h15<\/p>\n<p style=\"text-align: justify;\">Sa\u00edda do Parque de Assist\u00eancia (Pra\u00e7a das Comunidades)\u00a0\u00a0\u00a0\u00a0\u00a0\u00a0\u00a0\u00a0\u00a0\u00a0 21h00<\/p>\n<p style=\"text-align: justify;\">Parque Fechado (Feira Velha)\u00a0\u00a0\u00a0\u00a0\u00a0\u00a0\u00a0\u00a0\u00a0\u00a0\u00a0\u00a0\u00a0\u00a0\u00a0\u00a0\u00a0\u00a0\u00a0\u00a0\u00a0\u00a0\u00a0\u00a0\u00a0\u00a0\u00a0\u00a0\u00a0\u00a0\u00a0\u00a0\u00a0\u00a0\u00a0\u00a0\u00a0\u00a0\u00a0\u00a0\u00a0\u00a0\u00a0\u00a0\u00a0\u00a0\u00a0\u00a0\u00a0 \u00a0\u00a0\u00a0\u00a0\u00a0\u00a0\u00a0\u00a0\u00a0\u00a0\u00a0 21h10<\/p>\n<p style=\"text-align: justify;\"><strong>S\u00c1BADO (5 outubro)<\/strong><\/p>\n<p style=\"text-align: justify;\">Partida (Feira Velha)\u00a0\u00a0\u00a0\u00a0\u00a0\u00a0\u00a0\u00a0\u00a0\u00a0\u00a0\u00a0\u00a0\u00a0\u00a0\u00a0\u00a0\u00a0\u00a0\u00a0\u00a0\u00a0\u00a0\u00a0\u00a0\u00a0\u00a0\u00a0\u00a0\u00a0\u00a0\u00a0\u00a0\u00a0\u00a0\u00a0\u00a0\u00a0\u00a0\u00a0\u00a0\u00a0\u00a0\u00a0\u00a0\u00a0\u00a0\u00a0\u00a0\u00a0\u00a0\u00a0\u00a0\u00a0\u00a0\u00a0\u00a0\u00a0\u00a0\u00a0\u00a0\u00a0\u00a0\u00a0\u00a0\u00a0 \u00a0\u00a0\u00a0\u00a0\u00a0\u00a0\u00a0\u00a0\u00a0\u00a0\u00a0 10h30<\/p>\n<p style=\"text-align: justify;\">Entrada no Parque de Assist\u00eancia (Pra\u00e7a das Comunidades)\u00a0\u00a0\u00a0\u00a0\u00a0\u00a0\u00a0 10h40<\/p>\n<p style=\"text-align: justify;\">Sa\u00edda do Parque de Assist\u00eancia (Pra\u00e7a das Comunidades)\u00a0\u00a0\u00a0\u00a0\u00a0\u00a0\u00a0\u00a0\u00a0\u00a0 10h55<\/p>\n<p style=\"text-align: justify;\">PEC 2 \u2013 V\u00e1rzea Cova 1 (11,06 km)\u00a0\u00a0\u00a0\u00a0\u00a0\u00a0\u00a0\u00a0\u00a0\u00a0\u00a0\u00a0\u00a0\u00a0\u00a0\u00a0\u00a0\u00a0\u00a0\u00a0\u00a0\u00a0\u00a0\u00a0\u00a0\u00a0\u00a0\u00a0\u00a0\u00a0\u00a0\u00a0\u00a0\u00a0\u00a0\u00a0\u00a0\u00a0\u00a0\u00a0\u00a0\u00a0\u00a0\u00a0\u00a0\u00a0\u00a0\u00a0\u00a0\u00a0\u00a0\u00a0 11h23<\/p>\n<p style=\"text-align: justify;\">PEC 3 \u2013 Lagoa\/Gontim 1 (5,26 km)\u00a0\u00a0\u00a0\u00a0\u00a0\u00a0\u00a0\u00a0\u00a0\u00a0\u00a0\u00a0\u00a0\u00a0\u00a0\u00a0\u00a0\u00a0\u00a0\u00a0\u00a0\u00a0\u00a0\u00a0\u00a0\u00a0\u00a0\u00a0\u00a0\u00a0\u00a0\u00a0\u00a0\u00a0\u00a0\u00a0\u00a0\u00a0\u00a0\u00a0\u00a0\u00a0\u00a0\u00a0\u00a0\u00a0\u00a0\u00a0\u00a0\u00a0\u00a0 11h58<\/p>\n<p style=\"text-align: justify;\">PEC 4 \u2013 Barragem da Queimadela 1 (10,79 km)\u00a0\u00a0\u00a0\u00a0 \u00a0\u00a0\u00a0\u00a0\u00a0\u00a0\u00a0\u00a0\u00a0\u00a0\u00a0\u00a0\u00a0\u00a0\u00a0\u00a0\u00a0\u00a0\u00a0\u00a0\u00a0\u00a0\u00a0 12h20<\/p>\n<p style=\"text-align: justify;\">In\u00edcio do Reagrupamento (Feira Velha)\u00a0\u00a0\u00a0\u00a0\u00a0\u00a0\u00a0\u00a0\u00a0\u00a0\u00a0\u00a0\u00a0\u00a0\u00a0\u00a0\u00a0\u00a0\u00a0\u00a0\u00a0\u00a0\u00a0\u00a0\u00a0\u00a0\u00a0\u00a0\u00a0\u00a0\u00a0\u00a0\u00a0\u00a0\u00a0\u00a0\u00a0\u00a0\u00a0\u00a0\u00a0\u00a0\u00a0\u00a0\u00a0\u00a0 13h00<\/p>\n<p style=\"text-align: justify;\">Sa\u00edda do Reagrupamento (Feira Velha)\u00a0\u00a0\u00a0\u00a0\u00a0\u00a0\u00a0\u00a0\u00a0\u00a0\u00a0\u00a0\u00a0\u00a0\u00a0\u00a0\u00a0\u00a0\u00a0\u00a0\u00a0\u00a0\u00a0\u00a0\u00a0\u00a0\u00a0\u00a0\u00a0\u00a0\u00a0\u00a0\u00a0\u00a0\u00a0\u00a0\u00a0\u00a0\u00a0\u00a0\u00a0\u00a0\u00a0\u00a0\u00a0 13h40<\/p>\n<p style=\"text-align: justify;\">Entrada no Parque de Assist\u00eancia (Pra\u00e7a das Comunidades)\u00a0\u00a0\u00a0\u00a0\u00a0\u00a0\u00a0 13h50<\/p>\n<p style=\"text-align: justify;\">Sa\u00edda do Parque de Assist\u00eancia (Pra\u00e7a das Comunidades)\u00a0\u00a0\u00a0\u00a0\u00a0\u00a0\u00a0\u00a0\u00a0\u00a0 14h20<\/p>\n<p style=\"text-align: justify;\">PEC 5 \u2013 V\u00e1rzea Cova 2\u00a0\u00a0\u00a0\u00a0\u00a0\u00a0\u00a0\u00a0\u00a0\u00a0\u00a0\u00a0\u00a0\u00a0\u00a0\u00a0\u00a0\u00a0\u00a0\u00a0\u00a0\u00a0\u00a0\u00a0\u00a0\u00a0\u00a0\u00a0\u00a0\u00a0\u00a0\u00a0\u00a0\u00a0\u00a0\u00a0\u00a0\u00a0\u00a0\u00a0\u00a0\u00a0\u00a0\u00a0\u00a0\u00a0\u00a0\u00a0\u00a0\u00a0\u00a0\u00a0\u00a0\u00a0\u00a0\u00a0\u00a0\u00a0\u00a0\u00a0\u00a0\u00a0\u00a0\u00a0\u00a0\u00a0\u00a0\u00a0\u00a0\u00a0\u00a0\u00a0 14h48<\/p>\n<p style=\"text-align: justify;\">PEC 6 \u2013 Lagoa\/Gontim 2\u00a0\u00a0\u00a0\u00a0\u00a0\u00a0\u00a0\u00a0\u00a0\u00a0\u00a0\u00a0\u00a0\u00a0\u00a0\u00a0\u00a0\u00a0\u00a0\u00a0\u00a0\u00a0\u00a0\u00a0\u00a0\u00a0\u00a0\u00a0\u00a0\u00a0\u00a0\u00a0\u00a0\u00a0\u00a0\u00a0\u00a0\u00a0\u00a0\u00a0\u00a0\u00a0\u00a0\u00a0\u00a0\u00a0\u00a0\u00a0\u00a0\u00a0\u00a0\u00a0\u00a0\u00a0\u00a0\u00a0\u00a0\u00a0\u00a0\u00a0\u00a0\u00a0\u00a0\u00a0\u00a0\u00a0\u00a0\u00a0\u00a0 15h23<\/p>\n<p style=\"text-align: justify;\">PEC 7 \u2013 Barragem da Queimadela 2\u00a0\u00a0\u00a0\u00a0\u00a0\u00a0\u00a0\u00a0\u00a0\u00a0\u00a0\u00a0\u00a0\u00a0\u00a0\u00a0\u00a0\u00a0\u00a0\u00a0\u00a0\u00a0\u00a0\u00a0\u00a0\u00a0\u00a0\u00a0\u00a0\u00a0\u00a0\u00a0\u00a0\u00a0\u00a0\u00a0\u00a0\u00a0\u00a0\u00a0\u00a0\u00a0\u00a0\u00a0\u00a0\u00a0\u00a0 15h45<\/p>\n<p style=\"text-align: justify;\">Parque Fechado (Feira Velha)<\/p>\n","protected":false},"excerpt":{"rendered":"<p>Prova do Demoporto (4\/5 outubro) ser\u00e1 pontu\u00e1vel no Campeonatode Portugal de Cl\u00e1ssicos e ainda no Campeonato Start Norte Os ralis estar\u00e3o de regresso a Fafe no primeiro fim de semana (dias 4 e 5) de outubro pr\u00f3ximo, para receber o Campeonato de Portugal de Cl\u00e1ssicos e o Campeonato Start Norte, num evento em pisos de [&hellip;]<\/p>\n","protected":false},"author":2,"featured_media":10002,"comment_status":"closed","ping_status":"open","sticky":false,"template":"","format":"standard","meta":{"_editorskit_title_hidden":false,"_editorskit_reading_time":0,"_editorskit_is_block_options_detached":false,"_editorskit_block_options_position":"{}","om_disable_all_campaigns":false,"_monsterinsights_skip_tracking":false,"_monsterinsights_sitenote_active":false,"_monsterinsights_sitenote_note":"","_monsterinsights_sitenote_category":0,"_uf_show_specific_survey":0,"_uf_disable_surveys":false,"site-sidebar-layout":"default","site-content-layout":"","ast-site-content-layout":"default","site-content-style":"default","site-sidebar-style":"default","ast-global-header-display":"","ast-banner-title-visibility":"","ast-main-header-display":"","ast-hfb-above-header-display":"","ast-hfb-below-header-display":"","ast-hfb-mobile-header-display":"","site-post-title":"","ast-breadcrumbs-content":"","ast-featured-img":"","footer-sml-layout":"","theme-transparent-header-meta":"default","adv-header-id-meta":"","stick-header-meta":"default","header-above-stick-meta":"","header-main-stick-meta":"","header-below-stick-meta":"","astra-migrate-meta-layouts":"set","ast-page-background-enabled":"default","ast-page-background-meta":{"desktop":{"background-color":"","background-image":"","background-repeat":"repeat","background-position":"center center","background-size":"auto","background-attachment":"scroll","background-type":"","background-media":"","overlay-type":"","overlay-color":"","overlay-opacity":"","overlay-gradient":""},"tablet":{"background-color":"","background-image":"","background-repeat":"repeat","background-position":"center center","background-size":"auto","background-attachment":"scroll","background-type":"","background-media":"","overlay-type":"","overlay-color":"","overlay-opacity":"","overlay-gradient":""},"mobile":{"background-color":"","background-image":"","background-repeat":"repeat","background-position":"center center","background-size":"auto","background-attachment":"scroll","background-type":"","background-media":"","overlay-type":"","overlay-color":"","overlay-opacity":"","overlay-gradient":""}},"ast-content-background-meta":{"desktop":{"background-color":"var(--ast-global-color-5)","background-image":"","background-repeat":"repeat","background-position":"center center","background-size":"auto","background-attachment":"scroll","background-type":"","background-media":"","overlay-type":"","overlay-color":"","overlay-opacity":"","overlay-gradient":""},"tablet":{"background-color":"var(--ast-global-color-5)","background-image":"","background-repeat":"repeat","background-position":"center center","background-size":"auto","background-attachment":"scroll","background-type":"","background-media":"","overlay-type":"","overlay-color":"","overlay-opacity":"","overlay-gradient":""},"mobile":{"background-color":"var(--ast-global-color-5)","background-image":"","background-repeat":"repeat","background-position":"center center","background-size":"auto","background-attachment":"scroll","background-type":"","background-media":"","overlay-type":"","overlay-color":"","overlay-opacity":"","overlay-gradient":""}},"footnotes":""},"categories":[11],"tags":[],"class_list":["post-10001","post","type-post","status-publish","format-standard","has-post-thumbnail","hentry","category-noticias"],"aioseo_notices":[],"_links":{"self":[{"href":"https:\/\/contarotacoes.com\/index.php?rest_route=\/wp\/v2\/posts\/10001","targetHints":{"allow":["GET"]}}],"collection":[{"href":"https:\/\/contarotacoes.com\/index.php?rest_route=\/wp\/v2\/posts"}],"about":[{"href":"https:\/\/contarotacoes.com\/index.php?rest_route=\/wp\/v2\/types\/post"}],"author":[{"embeddable":true,"href":"https:\/\/contarotacoes.com\/index.php?rest_route=\/wp\/v2\/users\/2"}],"replies":[{"embeddable":true,"href":"https:\/\/contarotacoes.com\/index.php?rest_route=%2Fwp%2Fv2%2Fcomments&post=10001"}],"version-history":[{"count":1,"href":"https:\/\/contarotacoes.com\/index.php?rest_route=\/wp\/v2\/posts\/10001\/revisions"}],"predecessor-version":[{"id":10003,"href":"https:\/\/contarotacoes.com\/index.php?rest_route=\/wp\/v2\/posts\/10001\/revisions\/10003"}],"wp:featuredmedia":[{"embeddable":true,"href":"https:\/\/contarotacoes.com\/index.php?rest_route=\/wp\/v2\/media\/10002"}],"wp:attachment":[{"href":"https:\/\/contarotacoes.com\/index.php?rest_route=%2Fwp%2Fv2%2Fmedia&parent=10001"}],"wp:term":[{"taxonomy":"category","embeddable":true,"href":"https:\/\/contarotacoes.com\/index.php?rest_route=%2Fwp%2Fv2%2Fcategories&post=10001"},{"taxonomy":"post_tag","embeddable":true,"href":"https:\/\/contarotacoes.com\/index.php?rest_route=%2Fwp%2Fv2%2Ftags&post=10001"}],"curies":[{"name":"wp","href":"https:\/\/api.w.org\/{rel}","templated":true}]}}